{"id":8500,"date":"2019-10-22T19:59:25","date_gmt":"2019-10-22T19:59:25","guid":{"rendered":"http:\/\/insmonturiol.cat\/reunio-informativa-afs-intercultura"},"modified":"2019-10-22T19:59:25","modified_gmt":"2019-10-22T19:59:25","slug":"reunio-informativa-afs-intercultura","status":"publish","type":"post","link":"https:\/\/agora.xtec.cat\/iesnarcismonturiol\/general\/reunio-informativa-afs-intercultura\/","title":{"rendered":"Reuni\u00f3 informativa AFS Intercultura"},"content":{"rendered":"\n<p>Avui a les 18.30 h les fam\u00edlies del centre han pogut assistir a la reuni\u00f3 informativa sobre el Projecte AFS d&#8217;intercanvi a diferents pa\u00efsos.<\/p>\n\n\n\n<p>Per tenir informaci\u00f3 podeu fer click a l&#8217;enlla\u00e7:\u00a0<a href=\"https:\/\/www.afs-intercultura.org\/\">https:\/\/www.afs-intercultura.org\/<\/a><\/p>\n\n\n\n<p><\/p>\n","protected":false},"excerpt":{"rendered":"<p>Avui a les 18.30 h les fam\u00edlies del centre han pogut assistir a la reuni\u00f3 informativa sobre el Projecte AFS d&#8217;intercanvi a diferents pa\u00efsos.<\/p>\n<p>Per tenir informaci\u00f3 podeu fer click a l&#8217;enlla\u00e7:\u00a0<a href=\"https:\/\/www.afs-intercultura.org\/\">https:\/\/www.afs-intercultura.org\/<\/a><\/p>\n","protected":false},"author":5,"featured_media":8506,"comment_status":"open","ping_status":"open","sticky":false,"template":"","format":"standard","meta":{"_bbp_topic_count":0,"_bbp_reply_count":0,"_bbp_total_topic_count":0,"_bbp_total_reply_count":0,"_bbp_voice_count":0,"_bbp_anonymous_reply_count":0,"_bbp_topic_count_hidden":0,"_bbp_reply_count_hidden":0,"_bbp_forum_subforum_count":0,"footnotes":""},"categories":[1,130],"tags":[146,42,238],"class_list":["post-8500","post","type-post","status-publish","format-standard","has-post-thumbnail","hentry","category-general","category-llegues-estrangeres","tag-afs-intercultura","tag-angles","tag-intercanvi"],"post_mailing_queue_ids":[],"_links":{"self":[{"href":"https:\/\/agora.xtec.cat\/iesnarcismonturiol\/wp-json\/wp\/v2\/posts\/8500","targetHints":{"allow":["GET"]}}],"collection":[{"href":"https:\/\/agora.xtec.cat\/iesnarcismonturiol\/wp-json\/wp\/v2\/posts"}],"about":[{"href":"https:\/\/agora.xtec.cat\/iesnarcismonturiol\/wp-json\/wp\/v2\/types\/post"}],"author":[{"embeddable":true,"href":"https:\/\/agora.xtec.cat\/iesnarcismonturiol\/wp-json\/wp\/v2\/users\/5"}],"replies":[{"embeddable":true,"href":"https:\/\/agora.xtec.cat\/iesnarcismonturiol\/wp-json\/wp\/v2\/comments?post=8500"}],"version-history":[{"count":0,"href":"https:\/\/agora.xtec.cat\/iesnarcismonturiol\/wp-json\/wp\/v2\/posts\/8500\/revisions"}],"wp:featuredmedia":[{"embeddable":true,"href":"https:\/\/agora.xtec.cat\/iesnarcismonturiol\/wp-json\/wp\/v2\/media\/8506"}],"wp:attachment":[{"href":"https:\/\/agora.xtec.cat\/iesnarcismonturiol\/wp-json\/wp\/v2\/media?parent=8500"}],"wp:term":[{"taxonomy":"category","embeddable":true,"href":"https:\/\/agora.xtec.cat\/iesnarcismonturiol\/wp-json\/wp\/v2\/categories?post=8500"},{"taxonomy":"post_tag","embeddable":true,"href":"https:\/\/agora.xtec.cat\/iesnarcismonturiol\/wp-json\/wp\/v2\/tags?post=8500"}],"curies":[{"name":"wp","href":"https:\/\/api.w.org\/{rel}","templated":true}]}}