{"id":8467,"date":"2019-10-11T07:38:44","date_gmt":"2019-10-11T07:38:44","guid":{"rendered":"http:\/\/insmonturiol.cat\/4t-deso-al-mnac-projecte-fotografic-amb-oriol-maspons"},"modified":"2019-10-11T07:38:44","modified_gmt":"2019-10-11T07:38:44","slug":"4t-deso-al-mnac-projecte-fotografic-amb-oriol-maspons","status":"publish","type":"post","link":"https:\/\/agora.xtec.cat\/iesnarcismonturiol\/general\/4t-deso-al-mnac-projecte-fotografic-amb-oriol-maspons\/","title":{"rendered":"4t d&#8217;ESO al MNAC: Projecte fotogr\u00e0fic amb Oriol Maspons"},"content":{"rendered":"\n<p>\n\nVisita a l&#8217;exposici\u00f3 Oriol&nbsp;Maspons, la&nbsp;fotografia&nbsp;\u00fatil \/1949-1995<\/p>\n\n\n\n<p>Dimecres passat l&#8217;alumnat de 4t de les optatives de M\u00fasica i Dibuix van visitar al MNAC l&#8217;exposici\u00f3 dedicada a Oriol\u00a0Maspons, fot\u00f2graf barcelon\u00ed que es dedic\u00e0 durant quatre\u00a0d\u00e8cades\u00a0a la recerca d&#8217;un\u00a0llenguatge\u00a0propi.<br>Aquesta visita \u00e9s el punt de partida del projecte fotogr\u00e0fic que es dur\u00e0 a terme durant el primer trimestre. L&#8217;alumnat haur\u00e0\u00a0de buscar\u00a0una manera de representar amb imatges el seu barri, des de diferents punts de vista utilitzant retrats,\u00a0paisatges\u00a0o bodegons de les diferents\u00a0realitats que els envolten.<\/p>\n\n\n\n<p>Paula Puig, Sara Elias, responsables Projecte.<\/p>\n\n\n\n<ul class=\"wp-block-gallery columns-3 is-cropped wp-block-gallery-1 is-layout-flex wp-block-gallery-is-layout-flex\"><li class=\"blocks-gallery-item\"><figure><img loading=\"lazy\" decoding=\"async\" width=\"1024\" height=\"683\" src=\"http:\/\/insmonturiol.cat\/wp-content\/uploads\/2019\/10\/IMG_2809-1024x683.jpg\" alt=\"\" data-id=\"8468\" data-link=\"http:\/\/insmonturiol.cat\/?attachment_id=8468\" class=\"wp-image-8468\" srcset=\"https:\/\/agora.xtec.cat\/iesnarcismonturiol\/wp-content\/uploads\/usu2521\/2019\/10\/IMG_2809-1024x683.jpg 1024w, https:\/\/agora.xtec.cat\/iesnarcismonturiol\/wp-content\/uploads\/usu2521\/2019\/10\/IMG_2809-300x200.jpg 300w, https:\/\/agora.xtec.cat\/iesnarcismonturiol\/wp-content\/uploads\/usu2521\/2019\/10\/IMG_2809-768x512.jpg 768w, https:\/\/agora.xtec.cat\/iesnarcismonturiol\/wp-content\/uploads\/usu2521\/2019\/10\/IMG_2809-1536x1024.jpg 1536w, https:\/\/agora.xtec.cat\/iesnarcismonturiol\/wp-content\/uploads\/usu2521\/2019\/10\/IMG_2809-2048x1365.jpg 2048w\" sizes=\"auto, (max-width: 1024px) 100vw, 1024px\" \/><\/figure><\/li><li class=\"blocks-gallery-item\"><figure><img loading=\"lazy\" decoding=\"async\" width=\"1024\" height=\"683\" src=\"http:\/\/insmonturiol.cat\/wp-content\/uploads\/2019\/10\/IMG_2816-1024x683.jpg\" alt=\"\" data-id=\"8469\" data-link=\"http:\/\/insmonturiol.cat\/?attachment_id=8469\" class=\"wp-image-8469\" srcset=\"https:\/\/agora.xtec.cat\/iesnarcismonturiol\/wp-content\/uploads\/usu2521\/2019\/10\/IMG_2816-1024x683.jpg 1024w, https:\/\/agora.xtec.cat\/iesnarcismonturiol\/wp-content\/uploads\/usu2521\/2019\/10\/IMG_2816-300x200.jpg 300w, https:\/\/agora.xtec.cat\/iesnarcismonturiol\/wp-content\/uploads\/usu2521\/2019\/10\/IMG_2816-768x512.jpg 768w, https:\/\/agora.xtec.cat\/iesnarcismonturiol\/wp-content\/uploads\/usu2521\/2019\/10\/IMG_2816-1536x1024.jpg 1536w, https:\/\/agora.xtec.cat\/iesnarcismonturiol\/wp-content\/uploads\/usu2521\/2019\/10\/IMG_2816-2048x1365.jpg 2048w\" sizes=\"auto, (max-width: 1024px) 100vw, 1024px\" \/><\/figure><\/li><li class=\"blocks-gallery-item\"><figure><img loading=\"lazy\" decoding=\"async\" width=\"1024\" height=\"683\" src=\"http:\/\/insmonturiol.cat\/wp-content\/uploads\/2019\/10\/IMG_2794-1024x683.jpg\" alt=\"\" data-id=\"8471\" data-link=\"http:\/\/insmonturiol.cat\/?attachment_id=8471\" class=\"wp-image-8471\" srcset=\"https:\/\/agora.xtec.cat\/iesnarcismonturiol\/wp-content\/uploads\/usu2521\/2019\/10\/IMG_2794-1024x683.jpg 1024w, https:\/\/agora.xtec.cat\/iesnarcismonturiol\/wp-content\/uploads\/usu2521\/2019\/10\/IMG_2794-300x200.jpg 300w, https:\/\/agora.xtec.cat\/iesnarcismonturiol\/wp-content\/uploads\/usu2521\/2019\/10\/IMG_2794-768x512.jpg 768w, https:\/\/agora.xtec.cat\/iesnarcismonturiol\/wp-content\/uploads\/usu2521\/2019\/10\/IMG_2794-1536x1024.jpg 1536w, https:\/\/agora.xtec.cat\/iesnarcismonturiol\/wp-content\/uploads\/usu2521\/2019\/10\/IMG_2794-2048x1365.jpg 2048w\" sizes=\"auto, (max-width: 1024px) 100vw, 1024px\" \/><\/figure><\/li><\/ul>\n","protected":false},"excerpt":{"rendered":"<p>Visita a l&#8217;exposici\u00f3 Oriol&nbsp;Maspons, la&nbsp;fotografia&nbsp;\u00fatil \/1949-1995<\/p>\n<p>Dimecres passat l&#8217;alumnat de 4t de les optatives de M\u00fasica i Dibuix van visitar al MNAC l&#8217;exposici\u00f3 dedicada a Oriol\u00a0Maspons, fot\u00f2graf barcelon\u00ed que es dedic\u00e0 durant quatre\u00a0d\u00e8cades\u00a0a la recerca d&#8217;un\u00a0llenguatge\u00a0propi.Aquesta visita \u00e9s el punt de partida del projecte fotogr\u00e0fic que&hellip;  <a href=\"https:\/\/agora.xtec.cat\/iesnarcismonturiol\/general\/4t-deso-al-mnac-projecte-fotografic-amb-oriol-maspons\/\" title=\"Read 4t d&#8217;ESO al MNAC: Projecte fotogr\u00e0fic amb Oriol Maspons\">Llegeix m\u00e9s\u00bb<\/a><\/p>\n","protected":false},"author":5,"featured_media":8470,"comment_status":"open","ping_status":"open","sticky":false,"template":"","format":"standard","meta":{"_bbp_topic_count":0,"_bbp_reply_count":0,"_bbp_total_topic_count":0,"_bbp_total_reply_count":0,"_bbp_voice_count":0,"_bbp_anonymous_reply_count":0,"_bbp_topic_count_hidden":0,"_bbp_reply_count_hidden":0,"_bbp_forum_subforum_count":0,"footnotes":""},"categories":[128,1],"tags":[224,286,313],"class_list":["post-8467","post","type-post","status-publish","format-standard","has-post-thumbnail","hentry","category-expressio","category-general","tag-fotografia","tag-projectes","tag-treball-per-projectes"],"post_mailing_queue_ids":[],"_links":{"self":[{"href":"https:\/\/agora.xtec.cat\/iesnarcismonturiol\/wp-json\/wp\/v2\/posts\/8467","targetHints":{"allow":["GET"]}}],"collection":[{"href":"https:\/\/agora.xtec.cat\/iesnarcismonturiol\/wp-json\/wp\/v2\/posts"}],"about":[{"href":"https:\/\/agora.xtec.cat\/iesnarcismonturiol\/wp-json\/wp\/v2\/types\/post"}],"author":[{"embeddable":true,"href":"https:\/\/agora.xtec.cat\/iesnarcismonturiol\/wp-json\/wp\/v2\/users\/5"}],"replies":[{"embeddable":true,"href":"https:\/\/agora.xtec.cat\/iesnarcismonturiol\/wp-json\/wp\/v2\/comments?post=8467"}],"version-history":[{"count":0,"href":"https:\/\/agora.xtec.cat\/iesnarcismonturiol\/wp-json\/wp\/v2\/posts\/8467\/revisions"}],"wp:featuredmedia":[{"embeddable":true,"href":"https:\/\/agora.xtec.cat\/iesnarcismonturiol\/wp-json\/wp\/v2\/media\/8470"}],"wp:attachment":[{"href":"https:\/\/agora.xtec.cat\/iesnarcismonturiol\/wp-json\/wp\/v2\/media?parent=8467"}],"wp:term":[{"taxonomy":"category","embeddable":true,"href":"https:\/\/agora.xtec.cat\/iesnarcismonturiol\/wp-json\/wp\/v2\/categories?post=8467"},{"taxonomy":"post_tag","embeddable":true,"href":"https:\/\/agora.xtec.cat\/iesnarcismonturiol\/wp-json\/wp\/v2\/tags?post=8467"}],"curies":[{"name":"wp","href":"https:\/\/api.w.org\/{rel}","templated":true}]}}