{"id":8462,"date":"2019-09-30T07:43:45","date_gmt":"2019-09-30T07:43:45","guid":{"rendered":"http:\/\/insmonturiol.cat\/pla-daccio-tutorial-objectiu-integracio-del-grup-a-1r-de-batxillerat-activitats-aquatiques"},"modified":"2019-09-30T07:43:45","modified_gmt":"2019-09-30T07:43:45","slug":"pla-daccio-tutorial-objectiu-integracio-del-grup-a-1r-de-batxillerat-activitats-aquatiques","status":"publish","type":"post","link":"https:\/\/agora.xtec.cat\/iesnarcismonturiol\/general\/pla-daccio-tutorial-objectiu-integracio-del-grup-a-1r-de-batxillerat-activitats-aquatiques\/","title":{"rendered":"Pla d&#8217;acci\u00f3 tutorial, objectiu: integraci\u00f3 del grup. A 1r de batxillerat, activitats aqu\u00e0tiques."},"content":{"rendered":"\n<p>El dimecres 25 de setembre l&#8217;alumnat de 1r de Batxillerat van fer la fant\u00e0stica sortida a la Mar Bella. Va ser un dia perfecte perqu\u00e8 els nois i les noies realitzessin les diferents activitats de platja.\u00a0\u00a0Van fer un tast de diferents activitats aqu\u00e0tiques ( caiac, padelsurf, Bigsup) i\u00a0tamb\u00e9 van jugar a v\u00f2lei-platja.\u00a0\u00a0S\u2019ho van passar molt b\u00e9, tot gaudint de les diferents\u00a0activitats i van acabar coneixent-se millor entre ells.<\/p>\n\n\n\n<p>Jordi Albiol, professor d&#8217;Educaci\u00f3 F\u00edsica<\/p>\n\n\n\n<figure class=\"wp-block-image\"><img loading=\"lazy\" decoding=\"async\" width=\"1024\" height=\"768\" src=\"http:\/\/insmonturiol.cat\/wp-content\/uploads\/2019\/10\/2019-2020-1r-batxillerat-vela-1024x768.jpg\" alt=\"\" class=\"wp-image-8463\" srcset=\"https:\/\/agora.xtec.cat\/iesnarcismonturiol\/wp-content\/uploads\/usu2521\/2019\/10\/2019-2020-1r-batxillerat-vela-1024x768.jpg 1024w, https:\/\/agora.xtec.cat\/iesnarcismonturiol\/wp-content\/uploads\/usu2521\/2019\/10\/2019-2020-1r-batxillerat-vela-300x225.jpg 300w, https:\/\/agora.xtec.cat\/iesnarcismonturiol\/wp-content\/uploads\/usu2521\/2019\/10\/2019-2020-1r-batxillerat-vela-768x576.jpg 768w, https:\/\/agora.xtec.cat\/iesnarcismonturiol\/wp-content\/uploads\/usu2521\/2019\/10\/2019-2020-1r-batxillerat-vela-1536x1152.jpg 1536w, https:\/\/agora.xtec.cat\/iesnarcismonturiol\/wp-content\/uploads\/usu2521\/2019\/10\/2019-2020-1r-batxillerat-vela-2048x1536.jpg 2048w, https:\/\/agora.xtec.cat\/iesnarcismonturiol\/wp-content\/uploads\/usu2521\/2019\/10\/2019-2020-1r-batxillerat-vela-200x150.jpg 200w\" sizes=\"auto, (max-width: 1024px) 100vw, 1024px\" \/><\/figure>\n","protected":false},"excerpt":{"rendered":"<p>El dimecres 25 de setembre l&#8217;alumnat de 1r de Batxillerat van fer la fant\u00e0stica sortida a la Mar Bella. Va ser un dia perfecte perqu\u00e8 els nois i les noies realitzessin les diferents activitats de platja.\u00a0\u00a0Van fer un tast de diferents activitats aqu\u00e0tiques ( caiac,&hellip;  <a href=\"https:\/\/agora.xtec.cat\/iesnarcismonturiol\/general\/pla-daccio-tutorial-objectiu-integracio-del-grup-a-1r-de-batxillerat-activitats-aquatiques\/\" title=\"Read Pla d&#8217;acci\u00f3 tutorial, objectiu: integraci\u00f3 del grup. A 1r de batxillerat, activitats aqu\u00e0tiques.\">Llegeix m\u00e9s\u00bb<\/a><\/p>\n","protected":false},"author":5,"featured_media":8464,"comment_status":"closed","ping_status":"closed","sticky":false,"template":"","format":"standard","meta":{"_bbp_topic_count":0,"_bbp_reply_count":0,"_bbp_total_topic_count":0,"_bbp_total_reply_count":0,"_bbp_voice_count":0,"_bbp_anonymous_reply_count":0,"_bbp_topic_count_hidden":0,"_bbp_reply_count_hidden":0,"_bbp_forum_subforum_count":0,"footnotes":""},"categories":[128,1],"tags":[202,318,320],"class_list":["post-8462","post","type-post","status-publish","format-standard","has-post-thumbnail","hentry","category-expressio","category-general","tag-educacio-fisica","tag-tutoria","tag-vela"],"post_mailing_queue_ids":[],"_links":{"self":[{"href":"https:\/\/agora.xtec.cat\/iesnarcismonturiol\/wp-json\/wp\/v2\/posts\/8462","targetHints":{"allow":["GET"]}}],"collection":[{"href":"https:\/\/agora.xtec.cat\/iesnarcismonturiol\/wp-json\/wp\/v2\/posts"}],"about":[{"href":"https:\/\/agora.xtec.cat\/iesnarcismonturiol\/wp-json\/wp\/v2\/types\/post"}],"author":[{"embeddable":true,"href":"https:\/\/agora.xtec.cat\/iesnarcismonturiol\/wp-json\/wp\/v2\/users\/5"}],"replies":[{"embeddable":true,"href":"https:\/\/agora.xtec.cat\/iesnarcismonturiol\/wp-json\/wp\/v2\/comments?post=8462"}],"version-history":[{"count":0,"href":"https:\/\/agora.xtec.cat\/iesnarcismonturiol\/wp-json\/wp\/v2\/posts\/8462\/revisions"}],"wp:featuredmedia":[{"embeddable":true,"href":"https:\/\/agora.xtec.cat\/iesnarcismonturiol\/wp-json\/wp\/v2\/media\/8464"}],"wp:attachment":[{"href":"https:\/\/agora.xtec.cat\/iesnarcismonturiol\/wp-json\/wp\/v2\/media?parent=8462"}],"wp:term":[{"taxonomy":"category","embeddable":true,"href":"https:\/\/agora.xtec.cat\/iesnarcismonturiol\/wp-json\/wp\/v2\/categories?post=8462"},{"taxonomy":"post_tag","embeddable":true,"href":"https:\/\/agora.xtec.cat\/iesnarcismonturiol\/wp-json\/wp\/v2\/tags?post=8462"}],"curies":[{"name":"wp","href":"https:\/\/api.w.org\/{rel}","templated":true}]}}