{"id":8452,"date":"2019-09-13T15:14:08","date_gmt":"2019-09-13T15:14:08","guid":{"rendered":"http:\/\/insmonturiol.cat\/som-escola-verda"},"modified":"2019-09-13T15:14:08","modified_gmt":"2019-09-13T15:14:08","slug":"som-escola-verda","status":"publish","type":"post","link":"https:\/\/agora.xtec.cat\/iesnarcismonturiol\/general\/som-escola-verda\/","title":{"rendered":"Som Escola Verda"},"content":{"rendered":"\n<p>Al Monturiol ens estimem el medi ambient i creiem que la sostenibilitat i el respecte per l\u2019entorn \u00e9s un dels valors m\u00e9s importants que podem transmetre als nostres alumnes.<\/p>\n\n\n\n<p>Aquest comprom\u00eds del centre amb el medi ambient forma part del nostre projecte educatiu i ve de lluny. Bona prova d\u2019aix\u00f2 \u00e9s el fet que l\u2019any 2010 vam viatjar a Brasil com a representants de Catalunya del projecte internacional Let\u2019s Take the Planet.<\/p>\n\n\n\n<p>A continuaci\u00f3 us detallem algunes de les iniciatives que portem a terme:<\/p>\n\n\n\n<p>&#8211; Participaci\u00f3 a la xarxa d\u2019Escoles Verdes<\/p>\n\n\n\n<p>&#8211; Programa de reutilitzaci\u00f3 de llibres<\/p>\n\n\n\n<p>&#8211; Pres\u00e8ncia a cada classe de Delegats Verds<\/p>\n\n\n\n<p>&#8211; Recollida selectiva a tot el centre de papers, pl\u00e0stics i piles<\/p>\n\n\n\n<p>&#8211; Participaci\u00f3 a la\ncampanya de recollida de m\u00f2bils vells de la Fundaci\u00f3 Jane Goodall<\/p>\n\n\n\n<p>&#8211; Participaci\u00f3 a la\ncampanya de recollida solid\u00e0ria de taps de pl\u00e0stic en col\u00b7laboraci\u00f3 amb Asdent<\/p>\n\n\n\n<p>&#8211; Participaci\u00f3 a la campanya de recollida selectiva de material escolar gastat de TerraCycle<\/p>\n\n\n\n<p>&#8211; Foment de l\u2019\u00fas d\u2019alternatives al paper d\u2019alumini com a embolcall<\/p>\n\n\n\n<p>&#8211; Participaci\u00f3 al projecte ATENCI\u00d3 sobre les conseq\u00fc\u00e8ncies de la contaminaci\u00f3 atmosf\u00e8rica en el rendiment acad\u00e8mic, en col\u00b7laboraci\u00f3 amb la UAB i el CRECIM<\/p>\n\n\n\n<p>&#8211; \u00das de paper reciclat i impressi\u00f3 preferent a doble cara<\/p>\n\n\n\n<p>&#8211; Recollida selectiva de l\u2019oli de cuinar procedent de la cuina.<\/p>\n\n\n\n<p>&#8211; Substituci\u00f3 a l\u2019hora de dinar de les ampolles de pl\u00e0stic per gerres amb aigua de l\u2019aixeta<\/p>\n\n\n\n<p>&#8211; Optativa anual a 3r d\u2019ESO sobre sostenibilitat i consci\u00e8ncia mediambiental<\/p>\n\n\n\n<p>A INS Narc\u00eds Monturiol som Escola Verda!<\/p>\n\n\n\n<p>Jordi Gonz\u00e1lez, responsable del Projecte Escola Verda<\/p>\n","protected":false},"excerpt":{"rendered":"<p>Al Monturiol ens estimem el medi ambient i creiem que la sostenibilitat i el respecte per l\u2019entorn \u00e9s un dels valors m\u00e9s importants que podem transmetre als nostres alumnes.<\/p>\n<p>Aquest comprom\u00eds del centre amb el medi ambient forma part del nostre projecte educatiu i ve de&hellip;  <a href=\"https:\/\/agora.xtec.cat\/iesnarcismonturiol\/general\/som-escola-verda\/\" title=\"Read Som Escola Verda\">Llegeix m\u00e9s\u00bb<\/a><\/p>\n","protected":false},"author":5,"featured_media":8453,"comment_status":"closed","ping_status":"closed","sticky":false,"template":"","format":"standard","meta":{"_bbp_topic_count":0,"_bbp_reply_count":0,"_bbp_total_topic_count":0,"_bbp_total_reply_count":0,"_bbp_voice_count":0,"_bbp_anonymous_reply_count":0,"_bbp_topic_count_hidden":0,"_bbp_reply_count_hidden":0,"_bbp_forum_subforum_count":0,"footnotes":""},"categories":[127,1],"tags":[160,207,210,304],"class_list":["post-8452","post","type-post","status-publish","format-standard","has-post-thumbnail","hentry","category-escoles-sostenibles","category-general","tag-barri","tag-entorn","tag-escoles-verdes","tag-sostenibilitat"],"post_mailing_queue_ids":[],"_links":{"self":[{"href":"https:\/\/agora.xtec.cat\/iesnarcismonturiol\/wp-json\/wp\/v2\/posts\/8452","targetHints":{"allow":["GET"]}}],"collection":[{"href":"https:\/\/agora.xtec.cat\/iesnarcismonturiol\/wp-json\/wp\/v2\/posts"}],"about":[{"href":"https:\/\/agora.xtec.cat\/iesnarcismonturiol\/wp-json\/wp\/v2\/types\/post"}],"author":[{"embeddable":true,"href":"https:\/\/agora.xtec.cat\/iesnarcismonturiol\/wp-json\/wp\/v2\/users\/5"}],"replies":[{"embeddable":true,"href":"https:\/\/agora.xtec.cat\/iesnarcismonturiol\/wp-json\/wp\/v2\/comments?post=8452"}],"version-history":[{"count":0,"href":"https:\/\/agora.xtec.cat\/iesnarcismonturiol\/wp-json\/wp\/v2\/posts\/8452\/revisions"}],"wp:featuredmedia":[{"embeddable":true,"href":"https:\/\/agora.xtec.cat\/iesnarcismonturiol\/wp-json\/wp\/v2\/media\/8453"}],"wp:attachment":[{"href":"https:\/\/agora.xtec.cat\/iesnarcismonturiol\/wp-json\/wp\/v2\/media?parent=8452"}],"wp:term":[{"taxonomy":"category","embeddable":true,"href":"https:\/\/agora.xtec.cat\/iesnarcismonturiol\/wp-json\/wp\/v2\/categories?post=8452"},{"taxonomy":"post_tag","embeddable":true,"href":"https:\/\/agora.xtec.cat\/iesnarcismonturiol\/wp-json\/wp\/v2\/tags?post=8452"}],"curies":[{"name":"wp","href":"https:\/\/api.w.org\/{rel}","templated":true}]}}