{"id":8416,"date":"2019-05-31T15:43:09","date_gmt":"2019-05-31T15:43:09","guid":{"rendered":"http:\/\/insmonturiol.cat\/it-dansa-3r-deso-al-liceu"},"modified":"2019-05-31T15:43:09","modified_gmt":"2019-05-31T15:43:09","slug":"it-dansa-3r-deso-al-liceu-2","status":"publish","type":"post","link":"https:\/\/agora.xtec.cat\/iesnarcismonturiol\/general\/it-dansa-3r-deso-al-liceu-2\/","title":{"rendered":"IT Dansa, 3r d&#8217;ESO al Liceu"},"content":{"rendered":"\n<p>El darrer 23 de maig, l&#8217;alumnat de 3r vam poder gaudir d&#8217;una visita al Liceu per tal de veure tres&nbsp;representacions&nbsp;de dansa&nbsp;contempor\u00e0nia&nbsp;del projecte pedag\u00f2gic creat per l&#8217;Institut del Teatre per facilitar als graduats en dansa un marc de pr\u00e0ctica&nbsp;professional, IT Dansa.<br>La primera, &#8220;The&nbsp;Prom&#8221; de Lorena&nbsp;Nogales, presenta la pregunta de si la gent \u00e9s conscient de la quantitat de petites accions que sense adonar-nos poden canviar-nos la vida, gr\u00e0cies a aquestes petites accions ens convertim en qui som o en qui volem ser.&nbsp;<br>Seguida de la segona actuaci\u00f3, &#8220;Kaash&#8221; de&nbsp;Akram&nbsp;Khan, que fa refer\u00e8ncia a la dansa&nbsp;contempor\u00e0nia&nbsp;europea amb m\u00fasica basada en les percussions de car\u00e0cter tribal.<br>I per acabar, &#8220;Whim&nbsp;Fractured&nbsp;Fairytale&#8221; de&nbsp;Alex&nbsp;Ekman, \u00e9s una pe\u00e7a que descriu com externament hem de mantenir el seny fins i tot quan ens estem tornant bojos per dins.<br>En conclusi\u00f3, valorem molt&nbsp;positivament&nbsp;aquesta sortida ja que no cada dia tenim l&#8217;oportunitat de visitar el Liceu per fer un tast de la dansa&nbsp;contempor\u00e0nia.Com a opini\u00f3 personal, vaig quedar molt satisfeta amb les tres peces i o&nbsp;repetir\u00eda&nbsp;sense cap dubte.<\/p>\n\n\n\n<p>Marta, 3r d&#8217;ESO<\/p>\n\n\n\n<figure class=\"wp-block-embed-youtube wp-block-embed is-type-video is-provider-youtube wp-embed-aspect-16-9 wp-has-aspect-ratio\"><div class=\"wp-block-embed__wrapper\">\n<iframe loading=\"lazy\" title=\"IT Dansa (2018\/19)\" width=\"500\" height=\"375\" src=\"https:\/\/www.youtube.com\/embed\/JP0XZYpHvvU?feature=oembed\" frameborder=\"0\" allow=\"accelerometer; autoplay; clipboard-write; encrypted-media; gyroscope; picture-in-picture; web-share\" referrerpolicy=\"strict-origin-when-cross-origin\" allowfullscreen><\/iframe>\n<\/div><\/figure>\n","protected":false},"excerpt":{"rendered":"<p>El darrer 23 de maig, l&#8217;alumnat de 3r vam poder gaudir d&#8217;una visita al Liceu per tal de veure tres&nbsp;representacions&nbsp;de dansa&nbsp;contempor\u00e0nia&nbsp;del projecte pedag\u00f2gic creat per l&#8217;Institut del Teatre per facilitar als graduats en dansa un marc de pr\u00e0ctica&nbsp;professional, IT Dansa.La primera, &#8220;The&nbsp;Prom&#8221; de Lorena&nbsp;Nogales, presenta&hellip;  <a href=\"https:\/\/agora.xtec.cat\/iesnarcismonturiol\/general\/it-dansa-3r-deso-al-liceu-2\/\" title=\"Read IT Dansa, 3r d&#8217;ESO al Liceu\">Llegeix m\u00e9s\u00bb<\/a><\/p>\n","protected":false},"author":5,"featured_media":8418,"comment_status":"closed","ping_status":"closed","sticky":false,"template":"","format":"standard","meta":{"_bbp_topic_count":0,"_bbp_reply_count":0,"_bbp_total_topic_count":0,"_bbp_total_reply_count":0,"_bbp_voice_count":0,"_bbp_anonymous_reply_count":0,"_bbp_topic_count_hidden":0,"_bbp_reply_count_hidden":0,"_bbp_forum_subforum_count":0,"footnotes":""},"categories":[119,128,1],"tags":[143,191,202,243],"class_list":["post-8416","post","type-post","status-publish","format-standard","has-post-thumbnail","hentry","category-50-anys-a-linstitut-narcis-monturiol","category-expressio","category-general","tag-50-anys","tag-dansa","tag-educacio-fisica","tag-liceu"],"post_mailing_queue_ids":[],"_links":{"self":[{"href":"https:\/\/agora.xtec.cat\/iesnarcismonturiol\/wp-json\/wp\/v2\/posts\/8416","targetHints":{"allow":["GET"]}}],"collection":[{"href":"https:\/\/agora.xtec.cat\/iesnarcismonturiol\/wp-json\/wp\/v2\/posts"}],"about":[{"href":"https:\/\/agora.xtec.cat\/iesnarcismonturiol\/wp-json\/wp\/v2\/types\/post"}],"author":[{"embeddable":true,"href":"https:\/\/agora.xtec.cat\/iesnarcismonturiol\/wp-json\/wp\/v2\/users\/5"}],"replies":[{"embeddable":true,"href":"https:\/\/agora.xtec.cat\/iesnarcismonturiol\/wp-json\/wp\/v2\/comments?post=8416"}],"version-history":[{"count":0,"href":"https:\/\/agora.xtec.cat\/iesnarcismonturiol\/wp-json\/wp\/v2\/posts\/8416\/revisions"}],"wp:featuredmedia":[{"embeddable":true,"href":"https:\/\/agora.xtec.cat\/iesnarcismonturiol\/wp-json\/wp\/v2\/media\/8418"}],"wp:attachment":[{"href":"https:\/\/agora.xtec.cat\/iesnarcismonturiol\/wp-json\/wp\/v2\/media?parent=8416"}],"wp:term":[{"taxonomy":"category","embeddable":true,"href":"https:\/\/agora.xtec.cat\/iesnarcismonturiol\/wp-json\/wp\/v2\/categories?post=8416"},{"taxonomy":"post_tag","embeddable":true,"href":"https:\/\/agora.xtec.cat\/iesnarcismonturiol\/wp-json\/wp\/v2\/tags?post=8416"}],"curies":[{"name":"wp","href":"https:\/\/api.w.org\/{rel}","templated":true}]}}