{"id":8377,"date":"2019-06-18T18:46:28","date_gmt":"2019-06-18T18:46:28","guid":{"rendered":"http:\/\/insmonturiol.cat\/voyage-perpignan-et-cotlliure-3r-eso"},"modified":"2019-06-18T18:46:28","modified_gmt":"2019-06-18T18:46:28","slug":"voyage-perpignan-et-cotlliure-3r-eso","status":"publish","type":"post","link":"https:\/\/agora.xtec.cat\/iesnarcismonturiol\/general\/voyage-perpignan-et-cotlliure-3r-eso\/","title":{"rendered":"Voyage Perpignan et Cotlliure, 3r ESO"},"content":{"rendered":"\n<p>Les derniers 13 et 14 juin les \u00e9l\u00e8ves de 3e ann\u00e9e d\u2019ESO de notre coll\u00e8ge ont fait une sortie scolaire dans le cadre du \u201cTreball de S\u00edntesi\u201d au sud de la France.&nbsp;<\/p>\n\n\n\n<p>Avec le sujet de l\u2019exil comme axe principal de notre voyage, nous avons visit\u00e9 tout d\u2019abord le MUME (Museu Memorial de l\u2019Exili). Cet \u00e9quipement mus\u00e9ologique, inaugur\u00e9 en f\u00e9vrier&nbsp;2008, est situ\u00e9 \u00e0 La&nbsp;Jonquera, sur la ligne frontali\u00e8re entre l\u2019Espagne et la France. La visite a \u00e9t\u00e9 libre et on a pu bien profit\u00e9 l\u2019ensemble du dispositif mus\u00e9ologique en essayant de nous situer dans le processus que l\u2019on conna\u00eet en l\u2019Espagne comme \u00ab&nbsp;la r\u00e9cup\u00e9ration de la m\u00e9moire historique&nbsp;\u00bb.<\/p>\n\n\n\n<figure class=\"wp-block-image\"><img loading=\"lazy\" decoding=\"async\" width=\"1024\" height=\"683\" src=\"http:\/\/insmonturiol.cat\/wp-content\/uploads\/2019\/07\/perpinya-1-1024x683.jpg\" alt=\"\" class=\"wp-image-8378\" srcset=\"https:\/\/agora.xtec.cat\/iesnarcismonturiol\/wp-content\/uploads\/usu2521\/2019\/07\/perpinya-1-1024x683.jpg 1024w, https:\/\/agora.xtec.cat\/iesnarcismonturiol\/wp-content\/uploads\/usu2521\/2019\/07\/perpinya-1-300x200.jpg 300w, https:\/\/agora.xtec.cat\/iesnarcismonturiol\/wp-content\/uploads\/usu2521\/2019\/07\/perpinya-1-768x512.jpg 768w, https:\/\/agora.xtec.cat\/iesnarcismonturiol\/wp-content\/uploads\/usu2521\/2019\/07\/perpinya-1.jpg 1299w\" sizes=\"auto, (max-width: 1024px) 100vw, 1024px\" \/><figcaption>Promenade et gimcama \u00e0 Perpignan, photo 1 et 2<\/figcaption><\/figure>\n\n\n\n<p><\/p>\n\n\n\n<figure class=\"wp-block-image\"><img loading=\"lazy\" decoding=\"async\" width=\"1024\" height=\"683\" src=\"http:\/\/insmonturiol.cat\/wp-content\/uploads\/2019\/07\/perpinya-2-1024x683.jpg\" alt=\"\" class=\"wp-image-8379\" srcset=\"https:\/\/agora.xtec.cat\/iesnarcismonturiol\/wp-content\/uploads\/usu2521\/2019\/07\/perpinya-2-1024x683.jpg 1024w, https:\/\/agora.xtec.cat\/iesnarcismonturiol\/wp-content\/uploads\/usu2521\/2019\/07\/perpinya-2-300x200.jpg 300w, https:\/\/agora.xtec.cat\/iesnarcismonturiol\/wp-content\/uploads\/usu2521\/2019\/07\/perpinya-2-768x512.jpg 768w, https:\/\/agora.xtec.cat\/iesnarcismonturiol\/wp-content\/uploads\/usu2521\/2019\/07\/perpinya-2.jpg 1299w\" sizes=\"auto, (max-width: 1024px) 100vw, 1024px\" \/><figcaption>Promenade et gimcama \u00e0 Perpignan, photo 2 et 2<\/figcaption><\/figure>\n\n\n\n<p>L\u2019apr\u00e8s-midi nous sommes arriv\u00e9s \u00e0 Perpignan o\u00f9 l\u2019on a visit\u00e9 les endroits les plus remarquables du centre-ville et le lendemain nous nous sommes dirig\u00e9s \u00e0 Collioure pour refaire le chemin d\u2019Antonio Machado dans son exil.<\/p>\n\n\n\n<figure class=\"wp-block-image\"><img loading=\"lazy\" decoding=\"async\" width=\"1024\" height=\"683\" src=\"http:\/\/insmonturiol.cat\/wp-content\/uploads\/2019\/07\/colliure-1024x683.jpg\" alt=\"\" class=\"wp-image-8380\" srcset=\"https:\/\/agora.xtec.cat\/iesnarcismonturiol\/wp-content\/uploads\/usu2521\/2019\/07\/colliure-1024x683.jpg 1024w, https:\/\/agora.xtec.cat\/iesnarcismonturiol\/wp-content\/uploads\/usu2521\/2019\/07\/colliure-300x200.jpg 300w, https:\/\/agora.xtec.cat\/iesnarcismonturiol\/wp-content\/uploads\/usu2521\/2019\/07\/colliure-768x512.jpg 768w, https:\/\/agora.xtec.cat\/iesnarcismonturiol\/wp-content\/uploads\/usu2521\/2019\/07\/colliure.jpg 1299w\" sizes=\"auto, (max-width: 1024px) 100vw, 1024px\" \/><figcaption>Panorama Ch\u00e2teau Royal Colliure<\/figcaption><\/figure>\n\n\n\n<p>Apr\u00e8s avoir mont\u00e9 jusqu\u2019au Ch\u00e2teau Royal pour donner des indications sur la matin\u00e9e et prendre une belle photo, on a fait une tourn\u00e9e dans la ville et on s\u2019est dirig\u00e9s jusqu\u2019au cimeti\u00e8re afin de visiter le tombeau de Machado o\u00f9 l\u2019on a fait une petite lecture de po\u00e8mes en hommage.<\/p>\n\n\n\n<p><\/p>\n\n\n\n<ul class=\"wp-block-gallery columns-2 is-cropped wp-block-gallery-1 is-layout-flex wp-block-gallery-is-layout-flex\"><li class=\"blocks-gallery-item\"><figure><img loading=\"lazy\" decoding=\"async\" width=\"1024\" height=\"682\" src=\"http:\/\/insmonturiol.cat\/wp-content\/uploads\/2019\/07\/tomba-machado-2-1024x682.png\" alt=\"\" data-id=\"8383\" data-link=\"http:\/\/insmonturiol.cat\/?attachment_id=8383\" class=\"wp-image-8383\" srcset=\"https:\/\/agora.xtec.cat\/iesnarcismonturiol\/wp-content\/uploads\/usu2521\/2019\/07\/tomba-machado-2-1024x682.png 1024w, https:\/\/agora.xtec.cat\/iesnarcismonturiol\/wp-content\/uploads\/usu2521\/2019\/07\/tomba-machado-2-300x200.png 300w, https:\/\/agora.xtec.cat\/iesnarcismonturiol\/wp-content\/uploads\/usu2521\/2019\/07\/tomba-machado-2-768x512.png 768w, https:\/\/agora.xtec.cat\/iesnarcismonturiol\/wp-content\/uploads\/usu2521\/2019\/07\/tomba-machado-2-1536x1024.png 1536w, https:\/\/agora.xtec.cat\/iesnarcismonturiol\/wp-content\/uploads\/usu2521\/2019\/07\/tomba-machado-2-2048x1365.png 2048w\" sizes=\"auto, (max-width: 1024px) 100vw, 1024px\" \/><figcaption><strong>Visite et hommage \u00e0 Antonio Machado<\/strong><br><br><\/figcaption><\/figure><\/li><li class=\"blocks-gallery-item\"><figure><img loading=\"lazy\" decoding=\"async\" width=\"1024\" height=\"683\" src=\"http:\/\/insmonturiol.cat\/wp-content\/uploads\/2019\/07\/tomba-Antonio-Machado-1-1024x683.jpg\" alt=\"\" data-id=\"8384\" data-link=\"http:\/\/insmonturiol.cat\/?attachment_id=8384\" class=\"wp-image-8384\" srcset=\"https:\/\/agora.xtec.cat\/iesnarcismonturiol\/wp-content\/uploads\/usu2521\/2019\/07\/tomba-Antonio-Machado-1-1024x683.jpg 1024w, https:\/\/agora.xtec.cat\/iesnarcismonturiol\/wp-content\/uploads\/usu2521\/2019\/07\/tomba-Antonio-Machado-1-300x200.jpg 300w, https:\/\/agora.xtec.cat\/iesnarcismonturiol\/wp-content\/uploads\/usu2521\/2019\/07\/tomba-Antonio-Machado-1-768x512.jpg 768w, https:\/\/agora.xtec.cat\/iesnarcismonturiol\/wp-content\/uploads\/usu2521\/2019\/07\/tomba-Antonio-Machado-1.jpg 1299w\" sizes=\"auto, (max-width: 1024px) 100vw, 1024px\" \/><\/figure><\/li><\/ul>\n\n\n\n<p>Et pour bien finir la matin\u00e9e on est arriv\u00e9 jusqu\u2019au port de Collioure pour profiter de la vue offerte et manger quelque chose de typique avant de repartir vers Barcelone.<\/p>\n\n\n\n<p>Une br\u00e8ve escapade charg\u00e9e de visites int\u00e9ressantes !<\/p>\n\n\n\n<p>Laia Molina, professora de franc\u00e9s<\/p>\n","protected":false},"excerpt":{"rendered":"<p>Les derniers 13 et 14 juin les \u00e9l\u00e8ves de 3e ann\u00e9e d\u2019ESO de notre coll\u00e8ge ont fait une sortie scolaire dans le cadre du \u201cTreball de S\u00edntesi\u201d au sud de la France.&nbsp;<\/p>\n<p>Avec le sujet de l\u2019exil comme axe principal de notre voyage, nous avons visit\u00e9&hellip;  <a href=\"https:\/\/agora.xtec.cat\/iesnarcismonturiol\/general\/voyage-perpignan-et-cotlliure-3r-eso\/\" title=\"Read Voyage Perpignan et Cotlliure, 3r ESO\">Llegeix m\u00e9s\u00bb<\/a><\/p>\n","protected":false},"author":5,"featured_media":8380,"comment_status":"closed","ping_status":"closed","sticky":false,"template":"","format":"standard","meta":{"_bbp_topic_count":0,"_bbp_reply_count":0,"_bbp_total_topic_count":0,"_bbp_total_reply_count":0,"_bbp_voice_count":0,"_bbp_anonymous_reply_count":0,"_bbp_topic_count_hidden":0,"_bbp_reply_count_hidden":0,"_bbp_forum_subforum_count":0,"footnotes":""},"categories":[119,1,130],"tags":[143,177,225,286,313],"class_list":["post-8377","post","type-post","status-publish","format-standard","has-post-thumbnail","hentry","category-50-anys-a-linstitut-narcis-monturiol","category-general","category-llegues-estrangeres","tag-50-anys","tag-ciencies-socials","tag-frances","tag-projectes","tag-treball-per-projectes"],"post_mailing_queue_ids":[],"_links":{"self":[{"href":"https:\/\/agora.xtec.cat\/iesnarcismonturiol\/wp-json\/wp\/v2\/posts\/8377","targetHints":{"allow":["GET"]}}],"collection":[{"href":"https:\/\/agora.xtec.cat\/iesnarcismonturiol\/wp-json\/wp\/v2\/posts"}],"about":[{"href":"https:\/\/agora.xtec.cat\/iesnarcismonturiol\/wp-json\/wp\/v2\/types\/post"}],"author":[{"embeddable":true,"href":"https:\/\/agora.xtec.cat\/iesnarcismonturiol\/wp-json\/wp\/v2\/users\/5"}],"replies":[{"embeddable":true,"href":"https:\/\/agora.xtec.cat\/iesnarcismonturiol\/wp-json\/wp\/v2\/comments?post=8377"}],"version-history":[{"count":0,"href":"https:\/\/agora.xtec.cat\/iesnarcismonturiol\/wp-json\/wp\/v2\/posts\/8377\/revisions"}],"wp:featuredmedia":[{"embeddable":true,"href":"https:\/\/agora.xtec.cat\/iesnarcismonturiol\/wp-json\/wp\/v2\/media\/8380"}],"wp:attachment":[{"href":"https:\/\/agora.xtec.cat\/iesnarcismonturiol\/wp-json\/wp\/v2\/media?parent=8377"}],"wp:term":[{"taxonomy":"category","embeddable":true,"href":"https:\/\/agora.xtec.cat\/iesnarcismonturiol\/wp-json\/wp\/v2\/categories?post=8377"},{"taxonomy":"post_tag","embeddable":true,"href":"https:\/\/agora.xtec.cat\/iesnarcismonturiol\/wp-json\/wp\/v2\/tags?post=8377"}],"curies":[{"name":"wp","href":"https:\/\/api.w.org\/{rel}","templated":true}]}}