{"id":834,"date":"2012-03-28T14:58:12","date_gmt":"2012-03-28T14:58:12","guid":{"rendered":"http:\/\/insmonturiol.cat\/ignacio-martinez-de-pison-al-monturiol"},"modified":"2012-03-28T14:58:12","modified_gmt":"2012-03-28T14:58:12","slug":"ignacio-martinez-de-pison-al-monturiol","status":"publish","type":"post","link":"https:\/\/agora.xtec.cat\/iesnarcismonturiol\/general\/ignacio-martinez-de-pison-al-monturiol\/","title":{"rendered":"Ignacio Mart\u00ednez de Pis\u00f3n al Monturiol"},"content":{"rendered":"<h2 style=\"text-align: center;\"><span style=\"color: #333300;\"><a href=\"http:\/\/insmonturiol.cat\/wp-content\/uploads\/2012\/03\/martinez-de-pison-2.jpg\"><img loading=\"lazy\" decoding=\"async\" class=\"alignnone size-medium wp-image-839\" title=\"martinez de pison 2\" src=\"http:\/\/insmonturiol.cat\/wp-content\/uploads\/2012\/03\/martinez-de-pison-2-300x200.jpg\" alt=\"\" width=\"300\" height=\"200\" \/><\/a><\/span><\/h2>\n<h2 style=\"text-align: center;\"><span style=\"color: #333300;\">L&#8217;alumnat de 3r i 4t d&#8217;ESO ha tingut el privilegi de compartir sessi\u00f3 amb l&#8217;escriptor i guionista <\/span><\/h2>\n<h2 style=\"text-align: center;\"><span style=\"color: #333300;\">Ignacio Mart\u00ednez de Pis\u00f3n.<\/span><\/h2>\n<p>&nbsp;<\/p>\n<p>&nbsp;<\/p>\n<p>L&#8217;escriptor i guionista Ignacio Mart\u00ednez de Pis\u00f3n ha explicat a l&#8217;alumnat de 3r d&#8217;ESO qu\u00e8 vol dir ser escriptor i com \u00e9s el proc\u00e9s de creaci\u00f3 d&#8217;una novel\u2022la. Aquests alumnes des de l&#8217;assignatura de Castell\u00e0 han treballat sobre la novel\u2022la \u201cCarreteras secundarias\u201c, i n&#8217;han vist la pel\u2022l\u00edcula.<\/p>\n<p>&nbsp;<\/p>\n<p>Amb l&#8217;alumnat de 4t d&#8217;ESO, que tamb\u00e9 va llegir l&#8217;any passat la novel.la de \u201cCarreterias Secundarias\u201d i aquest any n&#8217;han vist la pel\u2022l\u00edcula; la confer\u00e8ncia ha estat m\u00e9s centrada en el m\u00f3n del cinema. Aquest curs dins del Projecte;&#8221;Cinema en curs \u201c han estat treballant el gui\u00f3 cinematogr\u00e0fic i l&#8221;autor dels guions de les pel. pel\u2022l\u00edcules com \u201cCarreteras Secundarias\u201d, \u201cLas trece rosas\u201d, els ha parlat sobre el proc\u00e9s de creaci\u00f3 d&#8217;un gui\u00f3 a partir d&#8217;una novel\u2022la i sobre la complexitat i dificultat del m\u00f3n del cinema des de dins.<\/p>\n<p><span style=\"font-size: xx-small;\"><br \/>\n<\/span><\/p>\n<p><a href=\"http:\/\/insmonturiol.cat\/wp-content\/uploads\/2012\/03\/martinez-de-pison-1.jpg\"><img loading=\"lazy\" decoding=\"async\" class=\"alignnone size-medium wp-image-838\" title=\"martinez de pison 1\" src=\"http:\/\/insmonturiol.cat\/wp-content\/uploads\/2012\/03\/martinez-de-pison-1-300x200.jpg\" alt=\"\" width=\"300\" height=\"200\" \/><\/a><\/p>\n","protected":false},"excerpt":{"rendered":"<p><a href=\"http:\/\/insmonturiol.cat\/wp-content\/uploads\/2012\/03\/martinez-de-pison-2.jpg\"><\/a><br \/>\nL&#8217;alumnat de 3r i 4t d&#8217;ESO ha tingut el privilegi de compartir sessi\u00f3 amb l&#8217;escriptor i guionista<br \/>\nIgnacio Mart\u00ednez de Pis\u00f3n.<br \/>\n&nbsp;<br \/>\n&nbsp;<br \/>\nL&#8217;escriptor i guionista Ignacio Mart\u00ednez de Pis\u00f3n ha explicat a l&#8217;alumnat de 3r d&#8217;ESO qu\u00e8 vol dir ser escriptor i com \u00e9s el proc\u00e9s&hellip;  <a href=\"https:\/\/agora.xtec.cat\/iesnarcismonturiol\/general\/ignacio-martinez-de-pison-al-monturiol\/\" title=\"Read Ignacio Mart\u00ednez de Pis\u00f3n al Monturiol\">Llegeix m\u00e9s\u00bb<\/a><\/p>\n","protected":false},"author":5,"featured_media":6167,"comment_status":"closed","ping_status":"closed","sticky":false,"template":"","format":"standard","meta":{"_bbp_topic_count":0,"_bbp_reply_count":0,"_bbp_total_topic_count":0,"_bbp_total_reply_count":0,"_bbp_voice_count":0,"_bbp_anonymous_reply_count":0,"_bbp_topic_count_hidden":0,"_bbp_reply_count_hidden":0,"_bbp_forum_subforum_count":0,"footnotes":""},"categories":[120,1],"tags":[245],"class_list":["post-834","post","type-post","status-publish","format-standard","has-post-thumbnail","hentry","category-castella","category-general","tag-literatura"],"post_mailing_queue_ids":[],"_links":{"self":[{"href":"https:\/\/agora.xtec.cat\/iesnarcismonturiol\/wp-json\/wp\/v2\/posts\/834","targetHints":{"allow":["GET"]}}],"collection":[{"href":"https:\/\/agora.xtec.cat\/iesnarcismonturiol\/wp-json\/wp\/v2\/posts"}],"about":[{"href":"https:\/\/agora.xtec.cat\/iesnarcismonturiol\/wp-json\/wp\/v2\/types\/post"}],"author":[{"embeddable":true,"href":"https:\/\/agora.xtec.cat\/iesnarcismonturiol\/wp-json\/wp\/v2\/users\/5"}],"replies":[{"embeddable":true,"href":"https:\/\/agora.xtec.cat\/iesnarcismonturiol\/wp-json\/wp\/v2\/comments?post=834"}],"version-history":[{"count":0,"href":"https:\/\/agora.xtec.cat\/iesnarcismonturiol\/wp-json\/wp\/v2\/posts\/834\/revisions"}],"wp:featuredmedia":[{"embeddable":true,"href":"https:\/\/agora.xtec.cat\/iesnarcismonturiol\/wp-json\/wp\/v2\/media\/6167"}],"wp:attachment":[{"href":"https:\/\/agora.xtec.cat\/iesnarcismonturiol\/wp-json\/wp\/v2\/media?parent=834"}],"wp:term":[{"taxonomy":"category","embeddable":true,"href":"https:\/\/agora.xtec.cat\/iesnarcismonturiol\/wp-json\/wp\/v2\/categories?post=834"},{"taxonomy":"post_tag","embeddable":true,"href":"https:\/\/agora.xtec.cat\/iesnarcismonturiol\/wp-json\/wp\/v2\/tags?post=834"}],"curies":[{"name":"wp","href":"https:\/\/api.w.org\/{rel}","templated":true}]}}