{"id":8331,"date":"2019-07-04T17:32:39","date_gmt":"2019-07-04T17:32:39","guid":{"rendered":"http:\/\/insmonturiol.cat\/tasques-destiu"},"modified":"2019-07-04T17:32:39","modified_gmt":"2019-07-04T17:32:39","slug":"tasques-destiu","status":"publish","type":"post","link":"https:\/\/agora.xtec.cat\/iesnarcismonturiol\/general\/tasques-destiu\/","title":{"rendered":"Tasques d&#8217;estiu"},"content":{"rendered":"\n<p>A continuaci\u00f3 trobareu les diferents tasques d&#8217;estiu, algunes s\u00f3n de preparaci\u00f3 per al curs vinent, d&#8217;altres s\u00f3n de recuperaci\u00f3.<\/p>\n\n\n\n<p style=\"font-size:-1px\" class=\"has-text-color has-vivid-red-color\">ANGL\u00c8S<\/p>\n\n\n\n<div class=\"wp-block-file\"><a href=\"http:\/\/insmonturiol.cat\/wp-content\/uploads\/2019\/07\/1r-eso-Angl\u00e8s-1.pdf\">1r eso Angl\u00e8s<\/a><a href=\"http:\/\/insmonturiol.cat\/wp-content\/uploads\/2019\/07\/1r-eso-Angl\u00e8s-1.pdf\" class=\"wp-block-file__button\" download>Baixa<\/a><\/div>\n\n\n\n<div class=\"wp-block-file\"><a href=\"http:\/\/insmonturiol.cat\/wp-content\/uploads\/2019\/07\/2n-eso-Angl\u00e8s-1.pdf\">2n eso Angl\u00e8s<\/a><a href=\"http:\/\/insmonturiol.cat\/wp-content\/uploads\/2019\/07\/2n-eso-Angl\u00e8s-1.pdf\" class=\"wp-block-file__button\" download>Baixa<\/a><\/div>\n\n\n\n<div class=\"wp-block-file\"><a href=\"http:\/\/insmonturiol.cat\/wp-content\/uploads\/2019\/07\/3r-eso-Angl\u00e8s-1.pdf\">3r eso Angl\u00e8s<\/a><a href=\"http:\/\/insmonturiol.cat\/wp-content\/uploads\/2019\/07\/3r-eso-Angl\u00e8s-1.pdf\" class=\"wp-block-file__button\" download>Baixa<\/a><\/div>\n\n\n\n<div class=\"wp-block-file\"><a href=\"http:\/\/insmonturiol.cat\/wp-content\/uploads\/2019\/07\/4t-eso-Angl\u00e8s-1.pdf\">4t eso Angl\u00e8s<\/a><a href=\"http:\/\/insmonturiol.cat\/wp-content\/uploads\/2019\/07\/4t-eso-Angl\u00e8s-1.pdf\" class=\"wp-block-file__button\" download>Baixa<\/a><\/div>\n\n\n\n<div class=\"wp-block-file\"><a href=\"http:\/\/insmonturiol.cat\/wp-content\/uploads\/2019\/07\/treball-estiu-1r-BATXILLERAT-18-19.pdf\">treball estiu 1r BATXILLERAT 18-19<\/a><a href=\"http:\/\/insmonturiol.cat\/wp-content\/uploads\/2019\/07\/treball-estiu-1r-BATXILLERAT-18-19.pdf\" class=\"wp-block-file__button\" download>Baixa<\/a><\/div>\n\n\n\n<p class=\"has-text-color has-vivid-green-cyan-color\">LLENGUA CATALANA<\/p>\n\n\n\n<div class=\"wp-block-file\"><a href=\"http:\/\/insmonturiol.cat\/wp-content\/uploads\/2019\/07\/Llengua-Catalana-deures-destiu-2019-1.pdf\">Llengua Catalana deures d&#8217;estiu 2019<\/a><a href=\"http:\/\/insmonturiol.cat\/wp-content\/uploads\/2019\/07\/Llengua-Catalana-deures-destiu-2019-1.pdf\" class=\"wp-block-file__button\" download>Baixa<\/a><\/div>\n\n\n\n<p>LLENGUA CASTELLANA<\/p>\n\n\n\n<div class=\"wp-block-file\"><a href=\"http:\/\/insmonturiol.cat\/wp-content\/uploads\/2019\/07\/Llengua-Castellana-Deberes-de-verano-2019.pdf\">Llengua Castellana Deberes de verano 2019<\/a><a href=\"http:\/\/insmonturiol.cat\/wp-content\/uploads\/2019\/07\/Llengua-Castellana-Deberes-de-verano-2019.pdf\" class=\"wp-block-file__button\" download>Baixa<\/a><\/div>\n\n\n\n<p class=\"has-text-color has-vivid-cyan-blue-color\">MATEM\u00c0TIQUES<\/p>\n\n\n\n<div class=\"wp-block-file\"><a href=\"http:\/\/insmonturiol.cat\/wp-content\/uploads\/2019\/07\/1r-eso-Matem\u00e0tiques-preparaci\u00f3-per-passar-a-2n-2.pdf\">1r eso Matem\u00e0tiques preparaci\u00f3 per passar a 2n<\/a><a href=\"http:\/\/insmonturiol.cat\/wp-content\/uploads\/2019\/07\/1r-eso-Matem\u00e0tiques-preparaci\u00f3-per-passar-a-2n-2.pdf\" class=\"wp-block-file__button\" download>Baixa<\/a><\/div>\n\n\n\n<div class=\"wp-block-file\"><a href=\"http:\/\/insmonturiol.cat\/wp-content\/uploads\/2019\/07\/2n-eso-Matem\u00e0tiques-1.pdf\">2n eso Matem\u00e0tiques<\/a><a href=\"http:\/\/insmonturiol.cat\/wp-content\/uploads\/2019\/07\/2n-eso-Matem\u00e0tiques-1.pdf\" class=\"wp-block-file__button\" download>Baixa<\/a><\/div>\n\n\n\n<div class=\"wp-block-file\"><a href=\"http:\/\/insmonturiol.cat\/wp-content\/uploads\/2019\/07\/3r-eso-Matem\u00e0tiques-1.pdf\">3r eso Matem\u00e0tiques<\/a><a href=\"http:\/\/insmonturiol.cat\/wp-content\/uploads\/2019\/07\/3r-eso-Matem\u00e0tiques-1.pdf\" class=\"wp-block-file__button\" download>Baixa<\/a><\/div>\n\n\n\n<div class=\"wp-block-file\"><a href=\"http:\/\/insmonturiol.cat\/wp-content\/uploads\/2019\/07\/4t-eso-DOSSIER-RECUPERACI\u00d3-MATEM\u00c0TIQUES-4tESO-1.pdf\">4t eso DOSSIER RECUPERACI\u00d3 MATEM\u00c0TIQUES 4tESO<\/a><a href=\"http:\/\/insmonturiol.cat\/wp-content\/uploads\/2019\/07\/4t-eso-DOSSIER-RECUPERACI\u00d3-MATEM\u00c0TIQUES-4tESO-1.pdf\" class=\"wp-block-file__button\" download>Baixa<\/a><\/div>\n\n\n\n<div class=\"wp-block-file\"><a href=\"http:\/\/insmonturiol.cat\/wp-content\/uploads\/2019\/07\/1r-batxillerat-DOSSIER-ESTIU-MATEM\u00c0TIQUES-1Batx-CCSS_18-19..dt_-1.pdf\">1r batxillerat DOSSIER ESTIU MATEM\u00c0TIQUES 1Batx CCSS_18-19..dt<\/a><a href=\"http:\/\/insmonturiol.cat\/wp-content\/uploads\/2019\/07\/1r-batxillerat-DOSSIER-ESTIU-MATEM\u00c0TIQUES-1Batx-CCSS_18-19..dt_-1.pdf\" class=\"wp-block-file__button\" download>Baixa<\/a><\/div>\n\n\n\n<p>1r Batxillerat Matem\u00e0tiques\u00a0<\/p>\n\n\n\n<div class=\"wp-block-file\"><a href=\"http:\/\/insmonturiol.cat\/wp-content\/uploads\/2019\/07\/matem\u00e0tiques-1r-batxillerat-estiu-2019.pdf\">matem\u00e0tiques 1r batxillerat estiu  2019<\/a><a href=\"http:\/\/insmonturiol.cat\/wp-content\/uploads\/2019\/07\/matem\u00e0tiques-1r-batxillerat-estiu-2019.pdf\" class=\"wp-block-file__button\" download>Baixa<\/a><\/div>\n\n\n\n<p class=\"has-text-color has-luminous-vivid-amber-color\">CI\u00c8NCIES SOCIALS<\/p>\n\n\n\n<p>Segon ESO:&nbsp;<a rel=\"noreferrer noopener\" href=\"https:\/\/agora.xtec.cat\/iesnarcismonturiol\/moodle\/course\/view.php?id=682&amp;section=9\" target=\"_blank\">https:\/\/agora.xtec.cat\/iesnarcismonturiol\/moodle\/course\/view.php?id=682&amp;section=9<\/a><\/p>\n\n\n\n<p>Tercer ESO:&nbsp;<a rel=\"noreferrer noopener\" href=\"https:\/\/agora.xtec.cat\/iesnarcismonturiol\/moodle\/course\/view.php?id=802&amp;section=12\" target=\"_blank\">https:\/\/agora.xtec.cat\/iesnarcismonturiol\/moodle\/course\/view.php?id=802&amp;section=12<\/a><\/p>\n\n\n\n<p style=\"color:#8c00a3\" class=\"has-text-color\">LLAT\u00cd I GREC<\/p>\n\n\n\n<div class=\"wp-block-file\"><a href=\"http:\/\/insmonturiol.cat\/wp-content\/uploads\/2019\/07\/1r-batxillerat-DEURES-D\u2019ESTIU-LLAT\u00cd-I-GREC-2019-INSTRUCCIONS-1.pdf\">1r batxillerat DEURES D\u2019ESTIU LLAT\u00cd I GREC 2019 &#8211; INSTRUCCIONS<\/a><a href=\"http:\/\/insmonturiol.cat\/wp-content\/uploads\/2019\/07\/1r-batxillerat-DEURES-D\u2019ESTIU-LLAT\u00cd-I-GREC-2019-INSTRUCCIONS-1.pdf\" class=\"wp-block-file__button\" download>Baixa<\/a><\/div>\n\n\n\n<p style=\"color:#00a31a\" class=\"has-text-color\">CI\u00c8NCIES PEL M\u00d3N CONTEMPORANI<\/p>\n\n\n\n<div class=\"wp-block-file\"><a href=\"http:\/\/insmonturiol.cat\/wp-content\/uploads\/2019\/07\/1r-Batxillerat-Dossier-de-recuperaci\u00f3-de-Ci\u00e8ncies-pel-M\u00f3n-Contemporani-2.pdf\">1r Batxillerat Dossier de recuperaci\u00f3 de Ci\u00e8ncies pel M\u00f3n Contemporani<\/a><a href=\"http:\/\/insmonturiol.cat\/wp-content\/uploads\/2019\/07\/1r-Batxillerat-Dossier-de-recuperaci\u00f3-de-Ci\u00e8ncies-pel-M\u00f3n-Contemporani-2.pdf\" class=\"wp-block-file__button\" download>Baixa<\/a><\/div>\n\n\n\n<figure class=\"wp-block-embed-youtube wp-block-embed is-type-video is-provider-youtube wp-embed-aspect-16-9 wp-has-aspect-ratio\"><div class=\"wp-block-embed__wrapper\">\n<iframe loading=\"lazy\" title=\"El Gen Egoi\u0301sta por Richard Dawkins - Resumen Animado\" width=\"500\" height=\"281\" src=\"https:\/\/www.youtube.com\/embed\/AT30hMk5E3Y?feature=oembed\" frameborder=\"0\" allow=\"accelerometer; autoplay; clipboard-write; encrypted-media; gyroscope; picture-in-picture; web-share\" referrerpolicy=\"strict-origin-when-cross-origin\" allowfullscreen><\/iframe>\n<\/div><\/figure>\n","protected":false},"excerpt":{"rendered":"<p>A continuaci\u00f3 trobareu les diferents tasques d&#8217;estiu, algunes s\u00f3n de preparaci\u00f3 per al curs vinent, d&#8217;altres s\u00f3n de recuperaci\u00f3.<\/p>\n<p>ANGL\u00c8S<\/p>\n<p><a href=\"http:\/\/insmonturiol.cat\/wp-content\/uploads\/2019\/07\/1r-eso-Angl\u00e8s-1.pdf\">1r eso Angl\u00e8s<\/a><a href=\"http:\/\/insmonturiol.cat\/wp-content\/uploads\/2019\/07\/1r-eso-Angl\u00e8s-1.pdf\" class=\"wp-block-file__button\" download>Baixa<\/a><\/p>\n<p><a href=\"http:\/\/insmonturiol.cat\/wp-content\/uploads\/2019\/07\/2n-eso-Angl\u00e8s-1.pdf\">2n eso Angl\u00e8s<\/a><a href=\"http:\/\/insmonturiol.cat\/wp-content\/uploads\/2019\/07\/2n-eso-Angl\u00e8s-1.pdf\" class=\"wp-block-file__button\" download>Baixa<\/a><\/p>\n<p><a href=\"http:\/\/insmonturiol.cat\/wp-content\/uploads\/2019\/07\/3r-eso-Angl\u00e8s-1.pdf\">3r eso Angl\u00e8s<\/a><a href=\"http:\/\/insmonturiol.cat\/wp-content\/uploads\/2019\/07\/3r-eso-Angl\u00e8s-1.pdf\" class=\"wp-block-file__button\" download>Baixa<\/a><\/p>\n<p><a href=\"http:\/\/insmonturiol.cat\/wp-content\/uploads\/2019\/07\/4t-eso-Angl\u00e8s-1.pdf\">4t eso Angl\u00e8s<\/a><a href=\"http:\/\/insmonturiol.cat\/wp-content\/uploads\/2019\/07\/4t-eso-Angl\u00e8s-1.pdf\" class=\"wp-block-file__button\" download>Baixa<\/a><\/p>\n<p><a href=\"http:\/\/insmonturiol.cat\/wp-content\/uploads\/2019\/07\/treball-estiu-1r-BATXILLERAT-18-19.pdf\">treball estiu&hellip;  <a href=\"https:\/\/agora.xtec.cat\/iesnarcismonturiol\/general\/tasques-destiu\/\" title=\"Read Tasques d&#8217;estiu\">Llegeix m\u00e9s\u00bb<\/a><\/p>\n","protected":false},"author":5,"featured_media":5219,"comment_status":"closed","ping_status":"closed","sticky":false,"template":"","format":"standard","meta":{"_bbp_topic_count":0,"_bbp_reply_count":0,"_bbp_total_topic_count":0,"_bbp_total_reply_count":0,"_bbp_voice_count":0,"_bbp_anonymous_reply_count":0,"_bbp_topic_count_hidden":0,"_bbp_reply_count_hidden":0,"_bbp_forum_subforum_count":0,"footnotes":""},"categories":[1],"tags":[219,316],"class_list":["post-8331","post","type-post","status-publish","format-standard","has-post-thumbnail","hentry","category-general","tag-feines-estiu","tag-treballs-estiu"],"post_mailing_queue_ids":[],"_links":{"self":[{"href":"https:\/\/agora.xtec.cat\/iesnarcismonturiol\/wp-json\/wp\/v2\/posts\/8331","targetHints":{"allow":["GET"]}}],"collection":[{"href":"https:\/\/agora.xtec.cat\/iesnarcismonturiol\/wp-json\/wp\/v2\/posts"}],"about":[{"href":"https:\/\/agora.xtec.cat\/iesnarcismonturiol\/wp-json\/wp\/v2\/types\/post"}],"author":[{"embeddable":true,"href":"https:\/\/agora.xtec.cat\/iesnarcismonturiol\/wp-json\/wp\/v2\/users\/5"}],"replies":[{"embeddable":true,"href":"https:\/\/agora.xtec.cat\/iesnarcismonturiol\/wp-json\/wp\/v2\/comments?post=8331"}],"version-history":[{"count":0,"href":"https:\/\/agora.xtec.cat\/iesnarcismonturiol\/wp-json\/wp\/v2\/posts\/8331\/revisions"}],"wp:featuredmedia":[{"embeddable":true,"href":"https:\/\/agora.xtec.cat\/iesnarcismonturiol\/wp-json\/wp\/v2\/media\/5219"}],"wp:attachment":[{"href":"https:\/\/agora.xtec.cat\/iesnarcismonturiol\/wp-json\/wp\/v2\/media?parent=8331"}],"wp:term":[{"taxonomy":"category","embeddable":true,"href":"https:\/\/agora.xtec.cat\/iesnarcismonturiol\/wp-json\/wp\/v2\/categories?post=8331"},{"taxonomy":"post_tag","embeddable":true,"href":"https:\/\/agora.xtec.cat\/iesnarcismonturiol\/wp-json\/wp\/v2\/tags?post=8331"}],"curies":[{"name":"wp","href":"https:\/\/api.w.org\/{rel}","templated":true}]}}