{"id":8308,"date":"2019-06-25T12:45:40","date_gmt":"2019-06-25T12:45:40","guid":{"rendered":"http:\/\/insmonturiol.cat\/projecte-de-reutilitzacio-proves-extraordinaries-i-matriculacio-batxillerat"},"modified":"2019-06-25T12:45:40","modified_gmt":"2019-06-25T12:45:40","slug":"projecte-de-reutilitzacio-proves-extraordinaries-i-matriculacio-batxillerat","status":"publish","type":"post","link":"https:\/\/agora.xtec.cat\/iesnarcismonturiol\/general\/projecte-de-reutilitzacio-proves-extraordinaries-i-matriculacio-batxillerat\/","title":{"rendered":"Projecte de Reutilitzaci\u00f3, Proves extraordin\u00e0ries i Matriculaci\u00f3: BATXILLERAT"},"content":{"rendered":"\n<p>Per a l&#8217;alumnat del centre que no te mat\u00e8ries pendents:<\/p>\n\n\n\n<p>Recollida de llibres: 27 i 28 de juny; i 2 de juliol en horari de 10:30 a 13:00 hores<br><\/p>\n\n\n\n<p>Nom\u00e9s per a l&#8217;alumnat del centre amb mat\u00e8ries pendents:<\/p>\n\n\n\n<p>Recollida de llibres: 3, 4 i 5 de setembre en horari de 10:30 a 13:00 hores<\/p>\n\n\n\n<p>Per\u00edode matriculaci\u00f3: 27 i 28 de juny de 9:30 a 14:00 hores<\/p>\n\n\n\n<p>Proves extraordin\u00e0ries:<\/p>\n\n\n\n<p><strong>1r BATXILLERAT<\/strong>&nbsp;<\/p>\n\n\n\n<table class=\"wp-block-table\"><tbody><tr><td>\n<strong>HORA<\/strong>\n<\/td><td><strong>Dilluns 2<\/strong><\/td><td><strong>Dimarts 3<\/strong><\/td><\/tr><tr><td>\n<strong>9<\/strong>\n<\/td><td><strong>CATAL\u00c0<\/strong><br>MATEM\u00c0TIQUES<br>MATEM\u00c0TIQUES APLICADES A<br>LES CI\u00c8NCIES SOCIALS<br>GREC<br>DIBUIX T\u00c8CNIC&nbsp;<\/td><td>CI\u00c8NCIES PEL M\u00d3N <br>CONTEMPORANI<\/td><\/tr><tr><td>\n<strong>10<\/strong>\n<\/td><td>CASTELL\u00c0<br>F\u00cdSICA<br>TECNOLOGIA INDUSTRIAL<\/td><td><strong>EDUCACI\u00d3 F\u00cdSICA<\/strong><br>QU\u00cdMICA<\/td><\/tr><tr><td>\n<strong>11<\/strong>\n<\/td><td>ANGL\u00c8S<br>HIST\u00d2RIA DEL M\u00d3N CONTEMPORANI<br><br><\/td><td><\/td><\/tr><tr><td>\n<strong>12<\/strong>\n<\/td><td><strong>BIOLOGIA<\/strong><br>FILOSOFIA<\/td><td>.<\/td><\/tr><tr><td>.<\/td><td>.<\/td><td><\/td><\/tr><\/tbody><\/table>\n\n\n\n<p>Matricula per a l&#8217;alumnat de la convocat\u00f2ria extraordin\u00e0ria: 5 i 6 de setembre de 9:30 a 14:00 hores<\/p>\n","protected":false},"excerpt":{"rendered":"<p>Per a l&#8217;alumnat del centre que no te mat\u00e8ries pendents:<\/p>\n<p>Recollida de llibres: 27 i 28 de juny; i 2 de juliol en horari de 10:30 a 13:00 hores<\/p>\n<p>Nom\u00e9s per a l&#8217;alumnat del centre amb mat\u00e8ries pendents:<\/p>\n<p>Recollida de llibres: 3, 4 i 5 de setembre en&hellip;  <a href=\"https:\/\/agora.xtec.cat\/iesnarcismonturiol\/general\/projecte-de-reutilitzacio-proves-extraordinaries-i-matriculacio-batxillerat\/\" title=\"Read Projecte de Reutilitzaci\u00f3, Proves extraordin\u00e0ries i Matriculaci\u00f3: BATXILLERAT\">Llegeix m\u00e9s\u00bb<\/a><\/p>\n","protected":false},"author":5,"featured_media":5220,"comment_status":"closed","ping_status":"closed","sticky":false,"template":"","format":"standard","meta":{"_bbp_topic_count":0,"_bbp_reply_count":0,"_bbp_total_topic_count":0,"_bbp_total_reply_count":0,"_bbp_voice_count":0,"_bbp_anonymous_reply_count":0,"_bbp_topic_count_hidden":0,"_bbp_reply_count_hidden":0,"_bbp_forum_subforum_count":0,"footnotes":""},"categories":[1],"tags":[290,296,297],"class_list":["post-8308","post","type-post","status-publish","format-standard","has-post-thumbnail","hentry","category-general","tag-proves-setembre","tag-reutilitzacio","tag-reutilitzacio-treball-per-projectes"],"post_mailing_queue_ids":[],"_links":{"self":[{"href":"https:\/\/agora.xtec.cat\/iesnarcismonturiol\/wp-json\/wp\/v2\/posts\/8308","targetHints":{"allow":["GET"]}}],"collection":[{"href":"https:\/\/agora.xtec.cat\/iesnarcismonturiol\/wp-json\/wp\/v2\/posts"}],"about":[{"href":"https:\/\/agora.xtec.cat\/iesnarcismonturiol\/wp-json\/wp\/v2\/types\/post"}],"author":[{"embeddable":true,"href":"https:\/\/agora.xtec.cat\/iesnarcismonturiol\/wp-json\/wp\/v2\/users\/5"}],"replies":[{"embeddable":true,"href":"https:\/\/agora.xtec.cat\/iesnarcismonturiol\/wp-json\/wp\/v2\/comments?post=8308"}],"version-history":[{"count":0,"href":"https:\/\/agora.xtec.cat\/iesnarcismonturiol\/wp-json\/wp\/v2\/posts\/8308\/revisions"}],"wp:featuredmedia":[{"embeddable":true,"href":"https:\/\/agora.xtec.cat\/iesnarcismonturiol\/wp-json\/wp\/v2\/media\/5220"}],"wp:attachment":[{"href":"https:\/\/agora.xtec.cat\/iesnarcismonturiol\/wp-json\/wp\/v2\/media?parent=8308"}],"wp:term":[{"taxonomy":"category","embeddable":true,"href":"https:\/\/agora.xtec.cat\/iesnarcismonturiol\/wp-json\/wp\/v2\/categories?post=8308"},{"taxonomy":"post_tag","embeddable":true,"href":"https:\/\/agora.xtec.cat\/iesnarcismonturiol\/wp-json\/wp\/v2\/tags?post=8308"}],"curies":[{"name":"wp","href":"https:\/\/api.w.org\/{rel}","templated":true}]}}