{"id":8302,"date":"2019-06-21T07:48:13","date_gmt":"2019-06-21T07:48:13","guid":{"rendered":"http:\/\/insmonturiol.cat\/felicitations-delf-scolaire"},"modified":"2019-06-21T07:48:13","modified_gmt":"2019-06-21T07:48:13","slug":"felicitations-delf-scolaire","status":"publish","type":"post","link":"https:\/\/agora.xtec.cat\/iesnarcismonturiol\/general\/felicitations-delf-scolaire\/","title":{"rendered":"Felicitations DELF Scolaire!"},"content":{"rendered":"\n<h1 class=\"wp-block-heading\"><\/h1>\n\n\n\n<p>El <strong>DELF scolaire<\/strong> s\u2019emmarca en un acord entre el Servei de cooperaci\u00f3 i d\u2019acci\u00f3 cultural de l\u2019ambaixada de Fran\u00e7a i el Departament d\u2019Ensenyament de Catalunya. T\u00e9 el mateix valor que el DELF per adults (tots els diplomes s\u00f3n id\u00e8ntics) amb els temes adaptats als adolescents. Consta de diplomes adaptats als nivells A2, B1 i B2 del Marc Com\u00fa Europeu deRefer\u00e8ncia per a les Lleng\u00fces (MCERL).<\/p>\n\n\n\n<p>A m\u00e9s a m\u00e9s, \u00e9s un <strong>diploma oficial<\/strong> que est\u00e0 reconegut internacionalment per 172 pa\u00efsos i t\u00e9 validesa per tota la vida. Aquest diploma permet validar la compet\u00e8ncia comunicativa de l\u2019alumne en llengua francesa segons el Marc Europeu Com\u00fa de Refer\u00e8ncia de les lleng\u00fces (MECR) i s\u2019adre\u00e7a als alumnes de secund\u00e0ria i batxillerat escolaritzats en instituts p\u00fablics.<\/p>\n\n\n\n<p>El passat dia 17 de juny ens van comunicar els resultats dels ex\u00e0mens DELF SCOLAIRE B1 2019.&nbsp;Dels 5 alumnes que es van presentar a lmes d\u2019abril&nbsp; 5 han aprovat el nivell B1 . Es tracta doncs de la totalitat dels alumnes presentats, de 1r batxillerat (A i B). Aquests alumnes s\u00f3n:<\/p>\n\n\n\n<ul class=\"wp-block-list\"><li>H\u00e9ctor D\u00edaz<\/li><li>Iv\u00e1n Fern\u00e1ndez<\/li><li>Jorge Garc\u00eda<\/li><li>Isaac Guerras<\/li><li>Alex Murciano<\/li><\/ul>\n\n\n\n<p>El resultat del seu treball i nivell queda reflectit amb un\n100% d\u2019aprovats i una mitjana de notes for\u00e7a alta.<\/p>\n\n\n\n<h2 class=\"wp-block-heading\">On tiens \u00e0 vous f\u00e9liciter pour votre effort!!! On est fier de vous!!!&nbsp; Bravo !!!!<\/h2>\n\n\n\n<p>Laia Molina, professora de franc\u00e9s.<\/p>\n","protected":false},"excerpt":{"rendered":"<p>El DELF scolaire s\u2019emmarca en un acord entre el Servei de cooperaci\u00f3 i d\u2019acci\u00f3 cultural de l\u2019ambaixada de Fran\u00e7a i el Departament d\u2019Ensenyament de Catalunya. T\u00e9 el mateix valor que el DELF per adults (tots els diplomes s\u00f3n id\u00e8ntics) amb els temes adaptats als adolescents.&hellip;  <a href=\"https:\/\/agora.xtec.cat\/iesnarcismonturiol\/general\/felicitations-delf-scolaire\/\" title=\"Read Felicitations DELF Scolaire!\">Llegeix m\u00e9s\u00bb<\/a><\/p>\n","protected":false},"author":5,"featured_media":4615,"comment_status":"closed","ping_status":"closed","sticky":false,"template":"","format":"standard","meta":{"_bbp_topic_count":0,"_bbp_reply_count":0,"_bbp_total_topic_count":0,"_bbp_total_reply_count":0,"_bbp_voice_count":0,"_bbp_anonymous_reply_count":0,"_bbp_topic_count_hidden":0,"_bbp_reply_count_hidden":0,"_bbp_forum_subforum_count":0,"footnotes":""},"categories":[1,130],"tags":[193,225],"class_list":["post-8302","post","type-post","status-publish","format-standard","has-post-thumbnail","hentry","category-general","category-llegues-estrangeres","tag-delf","tag-frances"],"post_mailing_queue_ids":[],"_links":{"self":[{"href":"https:\/\/agora.xtec.cat\/iesnarcismonturiol\/wp-json\/wp\/v2\/posts\/8302","targetHints":{"allow":["GET"]}}],"collection":[{"href":"https:\/\/agora.xtec.cat\/iesnarcismonturiol\/wp-json\/wp\/v2\/posts"}],"about":[{"href":"https:\/\/agora.xtec.cat\/iesnarcismonturiol\/wp-json\/wp\/v2\/types\/post"}],"author":[{"embeddable":true,"href":"https:\/\/agora.xtec.cat\/iesnarcismonturiol\/wp-json\/wp\/v2\/users\/5"}],"replies":[{"embeddable":true,"href":"https:\/\/agora.xtec.cat\/iesnarcismonturiol\/wp-json\/wp\/v2\/comments?post=8302"}],"version-history":[{"count":0,"href":"https:\/\/agora.xtec.cat\/iesnarcismonturiol\/wp-json\/wp\/v2\/posts\/8302\/revisions"}],"wp:featuredmedia":[{"embeddable":true,"href":"https:\/\/agora.xtec.cat\/iesnarcismonturiol\/wp-json\/wp\/v2\/media\/4615"}],"wp:attachment":[{"href":"https:\/\/agora.xtec.cat\/iesnarcismonturiol\/wp-json\/wp\/v2\/media?parent=8302"}],"wp:term":[{"taxonomy":"category","embeddable":true,"href":"https:\/\/agora.xtec.cat\/iesnarcismonturiol\/wp-json\/wp\/v2\/categories?post=8302"},{"taxonomy":"post_tag","embeddable":true,"href":"https:\/\/agora.xtec.cat\/iesnarcismonturiol\/wp-json\/wp\/v2\/tags?post=8302"}],"curies":[{"name":"wp","href":"https:\/\/api.w.org\/{rel}","templated":true}]}}