{"id":8296,"date":"2019-06-18T07:38:46","date_gmt":"2019-06-18T07:38:46","guid":{"rendered":"http:\/\/insmonturiol.cat\/projecte-de-convivencia-comenca-la-formacio-dels-delegats-i-delegades-guia"},"modified":"2019-06-18T07:38:46","modified_gmt":"2019-06-18T07:38:46","slug":"projecte-de-convivencia-comenca-la-formacio-dels-delegats-i-delegades-guia","status":"publish","type":"post","link":"https:\/\/agora.xtec.cat\/iesnarcismonturiol\/general\/projecte-de-convivencia-comenca-la-formacio-dels-delegats-i-delegades-guia\/","title":{"rendered":"Projecte de conviv\u00e8ncia: Comen\u00e7a la formaci\u00f3 dels delegats i delegades GUIA"},"content":{"rendered":"\n<p>Amb la nostra voluntat de posar-hi tots els mitjans per a que al nostre institut hi hagi un bon clima de conviv\u00e8ncia i dins del Projecte de Conviv\u00e8ncia del centre, avui hem fet la sessi\u00f3 formativa dels 14 delegats guia. Aquests delegats guia, 14 alumnes de 3r de l\u2019ESO, seran els referents-facilitadors del nou alumnat de 1r de l\u2019ESO del curs vinent. En la foto els podeu veure en una din\u00e0mica per evidenciar la seva funci\u00f3.<\/p>\n\n\n\n<p>Sim\u00f3n Aparicio, Orientador<\/p>\n\n\n\n<figure class=\"wp-block-image\"><img loading=\"lazy\" decoding=\"async\" width=\"1024\" height=\"768\" src=\"http:\/\/insmonturiol.cat\/wp-content\/uploads\/2019\/06\/IMG_0601-e1560843442788-1024x768.jpg\" alt=\"\" class=\"wp-image-8297\" srcset=\"https:\/\/agora.xtec.cat\/iesnarcismonturiol\/wp-content\/uploads\/usu2521\/2019\/06\/IMG_0601-e1560843442788-1024x768.jpg 1024w, https:\/\/agora.xtec.cat\/iesnarcismonturiol\/wp-content\/uploads\/usu2521\/2019\/06\/IMG_0601-e1560843442788-300x225.jpg 300w, https:\/\/agora.xtec.cat\/iesnarcismonturiol\/wp-content\/uploads\/usu2521\/2019\/06\/IMG_0601-e1560843442788-768x576.jpg 768w, https:\/\/agora.xtec.cat\/iesnarcismonturiol\/wp-content\/uploads\/usu2521\/2019\/06\/IMG_0601-e1560843442788-1536x1152.jpg 1536w, https:\/\/agora.xtec.cat\/iesnarcismonturiol\/wp-content\/uploads\/usu2521\/2019\/06\/IMG_0601-e1560843442788-2048x1536.jpg 2048w, https:\/\/agora.xtec.cat\/iesnarcismonturiol\/wp-content\/uploads\/usu2521\/2019\/06\/IMG_0601-e1560843442788-200x150.jpg 200w\" sizes=\"auto, (max-width: 1024px) 100vw, 1024px\" \/><\/figure>\n","protected":false},"excerpt":{"rendered":"<p>Amb la nostra voluntat de posar-hi tots els mitjans per a que al nostre institut hi hagi un bon clima de conviv\u00e8ncia i dins del Projecte de Conviv\u00e8ncia del centre, avui hem fet la sessi\u00f3 formativa dels 14 delegats guia. Aquests delegats guia, 14 alumnes&hellip;  <a href=\"https:\/\/agora.xtec.cat\/iesnarcismonturiol\/general\/projecte-de-convivencia-comenca-la-formacio-dels-delegats-i-delegades-guia\/\" title=\"Read Projecte de conviv\u00e8ncia: Comen\u00e7a la formaci\u00f3 dels delegats i delegades GUIA\">Llegeix m\u00e9s\u00bb<\/a><\/p>\n","protected":false},"author":5,"featured_media":8297,"comment_status":"open","ping_status":"open","sticky":false,"template":"","format":"standard","meta":{"_bbp_topic_count":0,"_bbp_reply_count":0,"_bbp_total_topic_count":0,"_bbp_total_reply_count":0,"_bbp_voice_count":0,"_bbp_anonymous_reply_count":0,"_bbp_topic_count_hidden":0,"_bbp_reply_count_hidden":0,"_bbp_forum_subforum_count":0,"footnotes":""},"categories":[1],"tags":[273,313],"class_list":["post-8296","post","type-post","status-publish","format-standard","has-post-thumbnail","hentry","category-general","tag-orientacio","tag-treball-per-projectes"],"post_mailing_queue_ids":[],"_links":{"self":[{"href":"https:\/\/agora.xtec.cat\/iesnarcismonturiol\/wp-json\/wp\/v2\/posts\/8296","targetHints":{"allow":["GET"]}}],"collection":[{"href":"https:\/\/agora.xtec.cat\/iesnarcismonturiol\/wp-json\/wp\/v2\/posts"}],"about":[{"href":"https:\/\/agora.xtec.cat\/iesnarcismonturiol\/wp-json\/wp\/v2\/types\/post"}],"author":[{"embeddable":true,"href":"https:\/\/agora.xtec.cat\/iesnarcismonturiol\/wp-json\/wp\/v2\/users\/5"}],"replies":[{"embeddable":true,"href":"https:\/\/agora.xtec.cat\/iesnarcismonturiol\/wp-json\/wp\/v2\/comments?post=8296"}],"version-history":[{"count":0,"href":"https:\/\/agora.xtec.cat\/iesnarcismonturiol\/wp-json\/wp\/v2\/posts\/8296\/revisions"}],"wp:featuredmedia":[{"embeddable":true,"href":"https:\/\/agora.xtec.cat\/iesnarcismonturiol\/wp-json\/wp\/v2\/media\/8297"}],"wp:attachment":[{"href":"https:\/\/agora.xtec.cat\/iesnarcismonturiol\/wp-json\/wp\/v2\/media?parent=8296"}],"wp:term":[{"taxonomy":"category","embeddable":true,"href":"https:\/\/agora.xtec.cat\/iesnarcismonturiol\/wp-json\/wp\/v2\/categories?post=8296"},{"taxonomy":"post_tag","embeddable":true,"href":"https:\/\/agora.xtec.cat\/iesnarcismonturiol\/wp-json\/wp\/v2\/tags?post=8296"}],"curies":[{"name":"wp","href":"https:\/\/api.w.org\/{rel}","templated":true}]}}