{"id":8244,"date":"2019-05-08T11:07:22","date_gmt":"2019-05-08T11:07:22","guid":{"rendered":"http:\/\/insmonturiol.cat\/voleibol-4t-deso-al-torneig-entre-instituts"},"modified":"2019-05-08T11:07:22","modified_gmt":"2019-05-08T11:07:22","slug":"voleibol-4t-deso-al-torneig-entre-instituts","status":"publish","type":"post","link":"https:\/\/agora.xtec.cat\/iesnarcismonturiol\/general\/voleibol-4t-deso-al-torneig-entre-instituts\/","title":{"rendered":"Voleibol, 4t d&#8217;ESO al torneig entre instituts"},"content":{"rendered":"\n<p>Dimarts 7 de maig\u00a0 l&#8217;alumnat de 4rt va participar en el torneig de voleibol entre diferents instituts que es realitza al pavell\u00f3 Ol\u00edmpics. V\u00e0rem participar amb 7 equips (4 de nois i 3 de noies).\u00a0Tots els equips van jugar molt b\u00e9, van gaudir molt i van\u00a0 fer un paper molt digne en el torneig. Cal destacar\u00a0 dos equips que van arribar a la semifinal masculina. Felicitem a tot l&#8217;alumnat per la implicaci\u00f3, el respecte i fairplay que van mostrar.<\/p>\n\n\n\n<p>Jordi Albiol, professor d&#8217;Educaci\u00f3 F\u00edsica<\/p>\n\n\n\n<ul class=\"wp-block-gallery columns-3 is-cropped wp-block-gallery-1 is-layout-flex wp-block-gallery-is-layout-flex\"><li class=\"blocks-gallery-item\"><figure><img loading=\"lazy\" decoding=\"async\" width=\"1024\" height=\"576\" src=\"http:\/\/insmonturiol.cat\/wp-content\/uploads\/2019\/05\/Screenshot_20190516-105242-1024x576.png\" alt=\"\" data-id=\"8245\" data-link=\"http:\/\/insmonturiol.cat\/?attachment_id=8245\" class=\"wp-image-8245\" srcset=\"https:\/\/agora.xtec.cat\/iesnarcismonturiol\/wp-content\/uploads\/usu2521\/2019\/05\/Screenshot_20190516-105242-1024x576.png 1024w, https:\/\/agora.xtec.cat\/iesnarcismonturiol\/wp-content\/uploads\/usu2521\/2019\/05\/Screenshot_20190516-105242-300x169.png 300w, https:\/\/agora.xtec.cat\/iesnarcismonturiol\/wp-content\/uploads\/usu2521\/2019\/05\/Screenshot_20190516-105242-768x432.png 768w, https:\/\/agora.xtec.cat\/iesnarcismonturiol\/wp-content\/uploads\/usu2521\/2019\/05\/Screenshot_20190516-105242-1536x864.png 1536w, https:\/\/agora.xtec.cat\/iesnarcismonturiol\/wp-content\/uploads\/usu2521\/2019\/05\/Screenshot_20190516-105242-2048x1152.png 2048w\" sizes=\"auto, (max-width: 1024px) 100vw, 1024px\" \/><\/figure><\/li><li class=\"blocks-gallery-item\"><figure><img loading=\"lazy\" decoding=\"async\" width=\"1024\" height=\"576\" src=\"http:\/\/insmonturiol.cat\/wp-content\/uploads\/2019\/05\/Screenshot_20190516-105304-1024x576.png\" alt=\"\" data-id=\"8246\" data-link=\"http:\/\/insmonturiol.cat\/?attachment_id=8246\" class=\"wp-image-8246\" srcset=\"https:\/\/agora.xtec.cat\/iesnarcismonturiol\/wp-content\/uploads\/usu2521\/2019\/05\/Screenshot_20190516-105304-1024x576.png 1024w, https:\/\/agora.xtec.cat\/iesnarcismonturiol\/wp-content\/uploads\/usu2521\/2019\/05\/Screenshot_20190516-105304-300x169.png 300w, https:\/\/agora.xtec.cat\/iesnarcismonturiol\/wp-content\/uploads\/usu2521\/2019\/05\/Screenshot_20190516-105304-768x432.png 768w, https:\/\/agora.xtec.cat\/iesnarcismonturiol\/wp-content\/uploads\/usu2521\/2019\/05\/Screenshot_20190516-105304-1536x864.png 1536w, https:\/\/agora.xtec.cat\/iesnarcismonturiol\/wp-content\/uploads\/usu2521\/2019\/05\/Screenshot_20190516-105304-2048x1152.png 2048w\" sizes=\"auto, (max-width: 1024px) 100vw, 1024px\" \/><\/figure><\/li><li class=\"blocks-gallery-item\"><figure><img loading=\"lazy\" decoding=\"async\" width=\"1024\" height=\"576\" src=\"http:\/\/insmonturiol.cat\/wp-content\/uploads\/2019\/05\/Screenshot_20190516-105310-1024x576.png\" alt=\"\" data-id=\"8247\" data-link=\"http:\/\/insmonturiol.cat\/?attachment_id=8247\" class=\"wp-image-8247\" srcset=\"https:\/\/agora.xtec.cat\/iesnarcismonturiol\/wp-content\/uploads\/usu2521\/2019\/05\/Screenshot_20190516-105310-1024x576.png 1024w, https:\/\/agora.xtec.cat\/iesnarcismonturiol\/wp-content\/uploads\/usu2521\/2019\/05\/Screenshot_20190516-105310-300x169.png 300w, https:\/\/agora.xtec.cat\/iesnarcismonturiol\/wp-content\/uploads\/usu2521\/2019\/05\/Screenshot_20190516-105310-768x432.png 768w, https:\/\/agora.xtec.cat\/iesnarcismonturiol\/wp-content\/uploads\/usu2521\/2019\/05\/Screenshot_20190516-105310-1536x864.png 1536w, https:\/\/agora.xtec.cat\/iesnarcismonturiol\/wp-content\/uploads\/usu2521\/2019\/05\/Screenshot_20190516-105310-2048x1152.png 2048w\" sizes=\"auto, (max-width: 1024px) 100vw, 1024px\" \/><\/figure><\/li><li class=\"blocks-gallery-item\"><figure><img loading=\"lazy\" decoding=\"async\" width=\"1024\" height=\"576\" src=\"http:\/\/insmonturiol.cat\/wp-content\/uploads\/2019\/05\/Screenshot_20190516-105317-1024x576.png\" alt=\"\" data-id=\"8248\" data-link=\"http:\/\/insmonturiol.cat\/?attachment_id=8248\" class=\"wp-image-8248\" srcset=\"https:\/\/agora.xtec.cat\/iesnarcismonturiol\/wp-content\/uploads\/usu2521\/2019\/05\/Screenshot_20190516-105317-1024x576.png 1024w, https:\/\/agora.xtec.cat\/iesnarcismonturiol\/wp-content\/uploads\/usu2521\/2019\/05\/Screenshot_20190516-105317-300x169.png 300w, https:\/\/agora.xtec.cat\/iesnarcismonturiol\/wp-content\/uploads\/usu2521\/2019\/05\/Screenshot_20190516-105317-768x432.png 768w, https:\/\/agora.xtec.cat\/iesnarcismonturiol\/wp-content\/uploads\/usu2521\/2019\/05\/Screenshot_20190516-105317-1536x864.png 1536w, https:\/\/agora.xtec.cat\/iesnarcismonturiol\/wp-content\/uploads\/usu2521\/2019\/05\/Screenshot_20190516-105317-2048x1152.png 2048w\" sizes=\"auto, (max-width: 1024px) 100vw, 1024px\" \/><\/figure><\/li><\/ul>\n","protected":false},"excerpt":{"rendered":"<p>Dimarts 7 de maig\u00a0 l&#8217;alumnat de 4rt va participar en el torneig de voleibol entre diferents instituts que es realitza al pavell\u00f3 Ol\u00edmpics. V\u00e0rem participar amb 7 equips (4 de nois i 3 de noies).\u00a0Tots els equips van jugar molt b\u00e9, van gaudir molt i&hellip;  <a href=\"https:\/\/agora.xtec.cat\/iesnarcismonturiol\/general\/voleibol-4t-deso-al-torneig-entre-instituts\/\" title=\"Read Voleibol, 4t d&#8217;ESO al torneig entre instituts\">Llegeix m\u00e9s\u00bb<\/a><\/p>\n","protected":false},"author":5,"featured_media":8248,"comment_status":"closed","ping_status":"closed","sticky":false,"template":"","format":"standard","meta":{"_bbp_topic_count":0,"_bbp_reply_count":0,"_bbp_total_topic_count":0,"_bbp_total_reply_count":0,"_bbp_voice_count":0,"_bbp_anonymous_reply_count":0,"_bbp_topic_count_hidden":0,"_bbp_reply_count_hidden":0,"_bbp_forum_subforum_count":0,"footnotes":""},"categories":[119,128,1],"tags":[143,160,202,207,322],"class_list":["post-8244","post","type-post","status-publish","format-standard","has-post-thumbnail","hentry","category-50-anys-a-linstitut-narcis-monturiol","category-expressio","category-general","tag-50-anys","tag-barri","tag-educacio-fisica","tag-entorn","tag-voleibol"],"post_mailing_queue_ids":[],"_links":{"self":[{"href":"https:\/\/agora.xtec.cat\/iesnarcismonturiol\/wp-json\/wp\/v2\/posts\/8244","targetHints":{"allow":["GET"]}}],"collection":[{"href":"https:\/\/agora.xtec.cat\/iesnarcismonturiol\/wp-json\/wp\/v2\/posts"}],"about":[{"href":"https:\/\/agora.xtec.cat\/iesnarcismonturiol\/wp-json\/wp\/v2\/types\/post"}],"author":[{"embeddable":true,"href":"https:\/\/agora.xtec.cat\/iesnarcismonturiol\/wp-json\/wp\/v2\/users\/5"}],"replies":[{"embeddable":true,"href":"https:\/\/agora.xtec.cat\/iesnarcismonturiol\/wp-json\/wp\/v2\/comments?post=8244"}],"version-history":[{"count":0,"href":"https:\/\/agora.xtec.cat\/iesnarcismonturiol\/wp-json\/wp\/v2\/posts\/8244\/revisions"}],"wp:featuredmedia":[{"embeddable":true,"href":"https:\/\/agora.xtec.cat\/iesnarcismonturiol\/wp-json\/wp\/v2\/media\/8248"}],"wp:attachment":[{"href":"https:\/\/agora.xtec.cat\/iesnarcismonturiol\/wp-json\/wp\/v2\/media?parent=8244"}],"wp:term":[{"taxonomy":"category","embeddable":true,"href":"https:\/\/agora.xtec.cat\/iesnarcismonturiol\/wp-json\/wp\/v2\/categories?post=8244"},{"taxonomy":"post_tag","embeddable":true,"href":"https:\/\/agora.xtec.cat\/iesnarcismonturiol\/wp-json\/wp\/v2\/tags?post=8244"}],"curies":[{"name":"wp","href":"https:\/\/api.w.org\/{rel}","templated":true}]}}