{"id":8236,"date":"2019-05-03T11:06:06","date_gmt":"2019-05-03T11:06:06","guid":{"rendered":"http:\/\/insmonturiol.cat\/a-4t-deso-esports-adaptats"},"modified":"2019-05-03T11:06:06","modified_gmt":"2019-05-03T11:06:06","slug":"a-4t-deso-esports-adaptats","status":"publish","type":"post","link":"https:\/\/agora.xtec.cat\/iesnarcismonturiol\/general\/a-4t-deso-esports-adaptats\/","title":{"rendered":"A 4t d&#8217;ESO Esports adaptats"},"content":{"rendered":"\n<p>Per primera vegada l&#8217;alumnat de 4rt ESO ha planificat i organitzat una jornada d&#8217;esports adaptats per als alumnes de 6\u00e8 de prim\u00e0ria de l&#8217;escola la Taxonera. La jornada es va dur a terme el divendres 3 de maig al pavell\u00f3 Ol\u00edmpics.\u00a0L&#8217;alumnat de prim\u00e0ria va poder experimentar i gaudir\u00a0 diferents esports adaptats: goalball, boccia, b\u00e0squet en cadira de rodes, tennis en cadira de rodes, atletisme per a cecs i volei asegut.\u00a0Felicitem a l&#8217;alumnat organitzador!!<\/p>\n\n\n\n<p>Jordi Albiol, professor d&#8217;Educaci\u00f3 F\u00edsica<\/p>\n\n\n\n<ul class=\"wp-block-gallery columns-3 is-cropped wp-block-gallery-1 is-layout-flex wp-block-gallery-is-layout-flex\"><li class=\"blocks-gallery-item\"><figure><img loading=\"lazy\" decoding=\"async\" width=\"1024\" height=\"768\" src=\"http:\/\/insmonturiol.cat\/wp-content\/uploads\/2019\/05\/IMAG5335-1024x768.jpg\" alt=\"\" data-id=\"8237\" data-link=\"http:\/\/insmonturiol.cat\/?attachment_id=8237\" class=\"wp-image-8237\" srcset=\"https:\/\/agora.xtec.cat\/iesnarcismonturiol\/wp-content\/uploads\/usu2521\/2019\/05\/IMAG5335-1024x768.jpg 1024w, https:\/\/agora.xtec.cat\/iesnarcismonturiol\/wp-content\/uploads\/usu2521\/2019\/05\/IMAG5335-300x225.jpg 300w, https:\/\/agora.xtec.cat\/iesnarcismonturiol\/wp-content\/uploads\/usu2521\/2019\/05\/IMAG5335-768x576.jpg 768w, https:\/\/agora.xtec.cat\/iesnarcismonturiol\/wp-content\/uploads\/usu2521\/2019\/05\/IMAG5335-1536x1152.jpg 1536w, https:\/\/agora.xtec.cat\/iesnarcismonturiol\/wp-content\/uploads\/usu2521\/2019\/05\/IMAG5335-2048x1536.jpg 2048w, https:\/\/agora.xtec.cat\/iesnarcismonturiol\/wp-content\/uploads\/usu2521\/2019\/05\/IMAG5335-200x150.jpg 200w\" sizes=\"auto, (max-width: 1024px) 100vw, 1024px\" \/><\/figure><\/li><li class=\"blocks-gallery-item\"><figure><img loading=\"lazy\" decoding=\"async\" width=\"1024\" height=\"768\" src=\"http:\/\/insmonturiol.cat\/wp-content\/uploads\/2019\/05\/IMAG5344-1024x768.jpg\" alt=\"\" data-id=\"8238\" data-link=\"http:\/\/insmonturiol.cat\/?attachment_id=8238\" class=\"wp-image-8238\" srcset=\"https:\/\/agora.xtec.cat\/iesnarcismonturiol\/wp-content\/uploads\/usu2521\/2019\/05\/IMAG5344-1024x768.jpg 1024w, https:\/\/agora.xtec.cat\/iesnarcismonturiol\/wp-content\/uploads\/usu2521\/2019\/05\/IMAG5344-300x225.jpg 300w, https:\/\/agora.xtec.cat\/iesnarcismonturiol\/wp-content\/uploads\/usu2521\/2019\/05\/IMAG5344-768x576.jpg 768w, https:\/\/agora.xtec.cat\/iesnarcismonturiol\/wp-content\/uploads\/usu2521\/2019\/05\/IMAG5344-1536x1152.jpg 1536w, https:\/\/agora.xtec.cat\/iesnarcismonturiol\/wp-content\/uploads\/usu2521\/2019\/05\/IMAG5344-2048x1536.jpg 2048w, https:\/\/agora.xtec.cat\/iesnarcismonturiol\/wp-content\/uploads\/usu2521\/2019\/05\/IMAG5344-200x150.jpg 200w\" sizes=\"auto, (max-width: 1024px) 100vw, 1024px\" \/><\/figure><\/li><li class=\"blocks-gallery-item\"><figure><img loading=\"lazy\" decoding=\"async\" width=\"1024\" height=\"768\" src=\"http:\/\/insmonturiol.cat\/wp-content\/uploads\/2019\/05\/IMAG5359-1024x768.jpg\" alt=\"\" data-id=\"8240\" data-link=\"http:\/\/insmonturiol.cat\/?attachment_id=8240\" class=\"wp-image-8240\" srcset=\"https:\/\/agora.xtec.cat\/iesnarcismonturiol\/wp-content\/uploads\/usu2521\/2019\/05\/IMAG5359-1024x768.jpg 1024w, https:\/\/agora.xtec.cat\/iesnarcismonturiol\/wp-content\/uploads\/usu2521\/2019\/05\/IMAG5359-300x225.jpg 300w, https:\/\/agora.xtec.cat\/iesnarcismonturiol\/wp-content\/uploads\/usu2521\/2019\/05\/IMAG5359-768x576.jpg 768w, https:\/\/agora.xtec.cat\/iesnarcismonturiol\/wp-content\/uploads\/usu2521\/2019\/05\/IMAG5359-1536x1152.jpg 1536w, https:\/\/agora.xtec.cat\/iesnarcismonturiol\/wp-content\/uploads\/usu2521\/2019\/05\/IMAG5359-2048x1536.jpg 2048w, https:\/\/agora.xtec.cat\/iesnarcismonturiol\/wp-content\/uploads\/usu2521\/2019\/05\/IMAG5359-200x150.jpg 200w\" sizes=\"auto, (max-width: 1024px) 100vw, 1024px\" \/><\/figure><\/li><li class=\"blocks-gallery-item\"><figure><img loading=\"lazy\" decoding=\"async\" width=\"1024\" height=\"768\" src=\"http:\/\/insmonturiol.cat\/wp-content\/uploads\/2019\/05\/IMAG5364-1024x768.jpg\" alt=\"\" data-id=\"8241\" data-link=\"http:\/\/insmonturiol.cat\/?attachment_id=8241\" class=\"wp-image-8241\" srcset=\"https:\/\/agora.xtec.cat\/iesnarcismonturiol\/wp-content\/uploads\/usu2521\/2019\/05\/IMAG5364-1024x768.jpg 1024w, https:\/\/agora.xtec.cat\/iesnarcismonturiol\/wp-content\/uploads\/usu2521\/2019\/05\/IMAG5364-300x225.jpg 300w, https:\/\/agora.xtec.cat\/iesnarcismonturiol\/wp-content\/uploads\/usu2521\/2019\/05\/IMAG5364-768x576.jpg 768w, https:\/\/agora.xtec.cat\/iesnarcismonturiol\/wp-content\/uploads\/usu2521\/2019\/05\/IMAG5364-1536x1152.jpg 1536w, https:\/\/agora.xtec.cat\/iesnarcismonturiol\/wp-content\/uploads\/usu2521\/2019\/05\/IMAG5364-2048x1536.jpg 2048w, https:\/\/agora.xtec.cat\/iesnarcismonturiol\/wp-content\/uploads\/usu2521\/2019\/05\/IMAG5364-200x150.jpg 200w\" sizes=\"auto, (max-width: 1024px) 100vw, 1024px\" \/><\/figure><\/li><li class=\"blocks-gallery-item\"><figure><img loading=\"lazy\" decoding=\"async\" width=\"768\" height=\"1024\" src=\"http:\/\/insmonturiol.cat\/wp-content\/uploads\/2019\/05\/IMAG5366-768x1024.jpg\" alt=\"\" data-id=\"8242\" data-link=\"http:\/\/insmonturiol.cat\/?attachment_id=8242\" class=\"wp-image-8242\" srcset=\"https:\/\/agora.xtec.cat\/iesnarcismonturiol\/wp-content\/uploads\/usu2521\/2019\/05\/IMAG5366-768x1024.jpg 768w, https:\/\/agora.xtec.cat\/iesnarcismonturiol\/wp-content\/uploads\/usu2521\/2019\/05\/IMAG5366-225x300.jpg 225w, https:\/\/agora.xtec.cat\/iesnarcismonturiol\/wp-content\/uploads\/usu2521\/2019\/05\/IMAG5366-1152x1536.jpg 1152w, https:\/\/agora.xtec.cat\/iesnarcismonturiol\/wp-content\/uploads\/usu2521\/2019\/05\/IMAG5366-1536x2048.jpg 1536w, https:\/\/agora.xtec.cat\/iesnarcismonturiol\/wp-content\/uploads\/usu2521\/2019\/05\/IMAG5366-scaled.jpg 1920w\" sizes=\"auto, (max-width: 768px) 100vw, 768px\" \/><\/figure><\/li><\/ul>\n","protected":false},"excerpt":{"rendered":"<p>Per primera vegada l&#8217;alumnat de 4rt ESO ha planificat i organitzat una jornada d&#8217;esports adaptats per als alumnes de 6\u00e8 de prim\u00e0ria de l&#8217;escola la Taxonera. La jornada es va dur a terme el divendres 3 de maig al pavell\u00f3 Ol\u00edmpics.\u00a0L&#8217;alumnat de prim\u00e0ria va poder&hellip;  <a href=\"https:\/\/agora.xtec.cat\/iesnarcismonturiol\/general\/a-4t-deso-esports-adaptats\/\" title=\"Read A 4t d&#8217;ESO Esports adaptats\">Llegeix m\u00e9s\u00bb<\/a><\/p>\n","protected":false},"author":5,"featured_media":8237,"comment_status":"closed","ping_status":"closed","sticky":false,"template":"","format":"standard","meta":{"_bbp_topic_count":0,"_bbp_reply_count":0,"_bbp_total_topic_count":0,"_bbp_total_reply_count":0,"_bbp_voice_count":0,"_bbp_anonymous_reply_count":0,"_bbp_topic_count_hidden":0,"_bbp_reply_count_hidden":0,"_bbp_forum_subforum_count":0,"footnotes":""},"categories":[119,128,1],"tags":[143,202,214,303,318],"class_list":["post-8236","post","type-post","status-publish","format-standard","has-post-thumbnail","hentry","category-50-anys-a-linstitut-narcis-monturiol","category-expressio","category-general","tag-50-anys","tag-educacio-fisica","tag-esports","tag-solidaritat","tag-tutoria"],"post_mailing_queue_ids":[],"_links":{"self":[{"href":"https:\/\/agora.xtec.cat\/iesnarcismonturiol\/wp-json\/wp\/v2\/posts\/8236","targetHints":{"allow":["GET"]}}],"collection":[{"href":"https:\/\/agora.xtec.cat\/iesnarcismonturiol\/wp-json\/wp\/v2\/posts"}],"about":[{"href":"https:\/\/agora.xtec.cat\/iesnarcismonturiol\/wp-json\/wp\/v2\/types\/post"}],"author":[{"embeddable":true,"href":"https:\/\/agora.xtec.cat\/iesnarcismonturiol\/wp-json\/wp\/v2\/users\/5"}],"replies":[{"embeddable":true,"href":"https:\/\/agora.xtec.cat\/iesnarcismonturiol\/wp-json\/wp\/v2\/comments?post=8236"}],"version-history":[{"count":0,"href":"https:\/\/agora.xtec.cat\/iesnarcismonturiol\/wp-json\/wp\/v2\/posts\/8236\/revisions"}],"wp:featuredmedia":[{"embeddable":true,"href":"https:\/\/agora.xtec.cat\/iesnarcismonturiol\/wp-json\/wp\/v2\/media\/8237"}],"wp:attachment":[{"href":"https:\/\/agora.xtec.cat\/iesnarcismonturiol\/wp-json\/wp\/v2\/media?parent=8236"}],"wp:term":[{"taxonomy":"category","embeddable":true,"href":"https:\/\/agora.xtec.cat\/iesnarcismonturiol\/wp-json\/wp\/v2\/categories?post=8236"},{"taxonomy":"post_tag","embeddable":true,"href":"https:\/\/agora.xtec.cat\/iesnarcismonturiol\/wp-json\/wp\/v2\/tags?post=8236"}],"curies":[{"name":"wp","href":"https:\/\/api.w.org\/{rel}","templated":true}]}}