{"id":8232,"date":"2019-05-16T10:46:18","date_gmt":"2019-05-16T10:46:18","guid":{"rendered":"http:\/\/insmonturiol.cat\/primer-lliurament-de-taps-de-plastic-solidaris"},"modified":"2019-05-16T10:46:18","modified_gmt":"2019-05-16T10:46:18","slug":"primer-lliurament-de-taps-de-plastic-solidaris","status":"publish","type":"post","link":"https:\/\/agora.xtec.cat\/iesnarcismonturiol\/general\/primer-lliurament-de-taps-de-plastic-solidaris\/","title":{"rendered":"Primer lliurament de taps de pl\u00e0stic solidaris!!!"},"content":{"rendered":"\n<p>Divendres 10 de maig vam fer el primer lliurament de taps de pl\u00e0stic solidaris. Tal com podeu veure a la fotografia, s\u2019ha recopilat un munt de taps, concretament sis bosses industrials plenes (a la fotografia nom\u00e9s es veuen cinc; la sisena est\u00e0 dins del contenidor!). Aquests taps tenen com a objecte finan\u00e7ar tractaments m\u00e8dics i investigacions de malalties rares que no estan coberts per la Seguretat Social. En concret, el lliurament s\u2019ha fet a l\u2019associaci\u00f3 Asdent, que investiga la malaltia de Dent (<a href=\"http:\/\/www.asdent.es\">www.asdent.es<\/a>). Aquesta campanya, i d\u2019altres similars que s\u2019organitzen, contribueixen almenys a treure un rendiment social d\u2019un material, el pl\u00e0stic, que ha esdevingut un problema mediambiental de primera magnitud.<\/p>\n\n\n\n<p>Us volem agrair a totes les fam\u00edlies que heu col\u00b7laborat a recollir les sis bosses de taps. Recordeu que la campanya de recollida continua, aix\u00ed que no dubteu a portar els taps dels envasos de pl\u00e0stic que hagueu de comprar!<\/p>\n\n\n\n<p>Moltes gr\u00e0cies!<\/p>\n\n\n\n<figure class=\"wp-block-image\"><img loading=\"lazy\" decoding=\"async\" width=\"640\" height=\"640\" src=\"http:\/\/insmonturiol.cat\/wp-content\/uploads\/2019\/05\/tapones-solidarios-para-nacho.jpg\" alt=\"\" class=\"wp-image-8233\" srcset=\"https:\/\/agora.xtec.cat\/iesnarcismonturiol\/wp-content\/uploads\/usu2521\/2019\/05\/tapones-solidarios-para-nacho.jpg 640w, https:\/\/agora.xtec.cat\/iesnarcismonturiol\/wp-content\/uploads\/usu2521\/2019\/05\/tapones-solidarios-para-nacho-300x300.jpg 300w, https:\/\/agora.xtec.cat\/iesnarcismonturiol\/wp-content\/uploads\/usu2521\/2019\/05\/tapones-solidarios-para-nacho-150x150.jpg 150w\" sizes=\"auto, (max-width: 640px) 100vw, 640px\" \/><\/figure>\n","protected":false},"excerpt":{"rendered":"<p>Divendres 10 de maig vam fer el primer lliurament de taps de pl\u00e0stic solidaris. Tal com podeu veure a la fotografia, s\u2019ha recopilat un munt de taps, concretament sis bosses industrials plenes (a la fotografia nom\u00e9s es veuen cinc; la sisena est\u00e0 dins del contenidor!).&hellip;  <a href=\"https:\/\/agora.xtec.cat\/iesnarcismonturiol\/general\/primer-lliurament-de-taps-de-plastic-solidaris\/\" title=\"Read Primer lliurament de taps de pl\u00e0stic solidaris!!!\">Llegeix m\u00e9s\u00bb<\/a><\/p>\n","protected":false},"author":5,"featured_media":8235,"comment_status":"closed","ping_status":"closed","sticky":false,"template":"","format":"standard","meta":{"_bbp_topic_count":0,"_bbp_reply_count":0,"_bbp_total_topic_count":0,"_bbp_total_reply_count":0,"_bbp_voice_count":0,"_bbp_anonymous_reply_count":0,"_bbp_topic_count_hidden":0,"_bbp_reply_count_hidden":0,"_bbp_forum_subforum_count":0,"footnotes":""},"categories":[119,127,1],"tags":[143,160,207,210,303,304],"class_list":["post-8232","post","type-post","status-publish","format-standard","has-post-thumbnail","hentry","category-50-anys-a-linstitut-narcis-monturiol","category-escoles-sostenibles","category-general","tag-50-anys","tag-barri","tag-entorn","tag-escoles-verdes","tag-solidaritat","tag-sostenibilitat"],"post_mailing_queue_ids":[],"_links":{"self":[{"href":"https:\/\/agora.xtec.cat\/iesnarcismonturiol\/wp-json\/wp\/v2\/posts\/8232","targetHints":{"allow":["GET"]}}],"collection":[{"href":"https:\/\/agora.xtec.cat\/iesnarcismonturiol\/wp-json\/wp\/v2\/posts"}],"about":[{"href":"https:\/\/agora.xtec.cat\/iesnarcismonturiol\/wp-json\/wp\/v2\/types\/post"}],"author":[{"embeddable":true,"href":"https:\/\/agora.xtec.cat\/iesnarcismonturiol\/wp-json\/wp\/v2\/users\/5"}],"replies":[{"embeddable":true,"href":"https:\/\/agora.xtec.cat\/iesnarcismonturiol\/wp-json\/wp\/v2\/comments?post=8232"}],"version-history":[{"count":0,"href":"https:\/\/agora.xtec.cat\/iesnarcismonturiol\/wp-json\/wp\/v2\/posts\/8232\/revisions"}],"wp:featuredmedia":[{"embeddable":true,"href":"https:\/\/agora.xtec.cat\/iesnarcismonturiol\/wp-json\/wp\/v2\/media\/8235"}],"wp:attachment":[{"href":"https:\/\/agora.xtec.cat\/iesnarcismonturiol\/wp-json\/wp\/v2\/media?parent=8232"}],"wp:term":[{"taxonomy":"category","embeddable":true,"href":"https:\/\/agora.xtec.cat\/iesnarcismonturiol\/wp-json\/wp\/v2\/categories?post=8232"},{"taxonomy":"post_tag","embeddable":true,"href":"https:\/\/agora.xtec.cat\/iesnarcismonturiol\/wp-json\/wp\/v2\/tags?post=8232"}],"curies":[{"name":"wp","href":"https:\/\/api.w.org\/{rel}","templated":true}]}}