{"id":8132,"date":"2019-05-09T14:03:22","date_gmt":"2019-05-09T14:03:22","guid":{"rendered":"http:\/\/insmonturiol.cat\/a-4t-deso-orientacio"},"modified":"2019-05-09T14:03:22","modified_gmt":"2019-05-09T14:03:22","slug":"a-4t-deso-orientacio","status":"publish","type":"post","link":"https:\/\/agora.xtec.cat\/iesnarcismonturiol\/general\/a-4t-deso-orientacio\/","title":{"rendered":"A 4t d&#8217;ESO, Orientaci\u00f3"},"content":{"rendered":"\n<p>Una part del nostre alumnat que seguir\u00e0 itineraris professionalitzadors ha assistit avui a la xerrada sobre les diferents fam\u00edlies professionals dirigit per la nostra t\u00e8cnica de refer\u00e8ncia del Consorici de Barcelona, la Marta Boada, per tal d\u2019ajustar la seva preinscripci\u00f3.<\/p>\n\n\n\n<p>Sim\u00f3n Aparicio, Orientador<\/p>\n\n\n\n<figure class=\"wp-block-image\"><img loading=\"lazy\" decoding=\"async\" width=\"1024\" height=\"768\" src=\"http:\/\/insmonturiol.cat\/wp-content\/uploads\/2019\/05\/IMG_0580-e1557410383945-1024x768.jpg\" alt=\"\" class=\"wp-image-8133\" srcset=\"https:\/\/agora.xtec.cat\/iesnarcismonturiol\/wp-content\/uploads\/usu2521\/2019\/05\/IMG_0580-e1557410383945-1024x768.jpg 1024w, https:\/\/agora.xtec.cat\/iesnarcismonturiol\/wp-content\/uploads\/usu2521\/2019\/05\/IMG_0580-e1557410383945-300x225.jpg 300w, https:\/\/agora.xtec.cat\/iesnarcismonturiol\/wp-content\/uploads\/usu2521\/2019\/05\/IMG_0580-e1557410383945-768x576.jpg 768w, https:\/\/agora.xtec.cat\/iesnarcismonturiol\/wp-content\/uploads\/usu2521\/2019\/05\/IMG_0580-e1557410383945-1536x1152.jpg 1536w, https:\/\/agora.xtec.cat\/iesnarcismonturiol\/wp-content\/uploads\/usu2521\/2019\/05\/IMG_0580-e1557410383945-2048x1536.jpg 2048w, https:\/\/agora.xtec.cat\/iesnarcismonturiol\/wp-content\/uploads\/usu2521\/2019\/05\/IMG_0580-e1557410383945-200x150.jpg 200w\" sizes=\"auto, (max-width: 1024px) 100vw, 1024px\" \/><\/figure>\n","protected":false},"excerpt":{"rendered":"<p>Una part del nostre alumnat que seguir\u00e0 itineraris professionalitzadors ha assistit avui a la xerrada sobre les diferents fam\u00edlies professionals dirigit per la nostra t\u00e8cnica de refer\u00e8ncia del Consorici de Barcelona, la Marta Boada, per tal d\u2019ajustar la seva preinscripci\u00f3.<\/p>\n<p>Sim\u00f3n Aparicio, Orientador<\/p>\n","protected":false},"author":5,"featured_media":8134,"comment_status":"closed","ping_status":"closed","sticky":false,"template":"","format":"standard","meta":{"_bbp_topic_count":0,"_bbp_reply_count":0,"_bbp_total_topic_count":0,"_bbp_total_reply_count":0,"_bbp_voice_count":0,"_bbp_anonymous_reply_count":0,"_bbp_topic_count_hidden":0,"_bbp_reply_count_hidden":0,"_bbp_forum_subforum_count":0,"footnotes":""},"categories":[119,1,134],"tags":[143,273],"class_list":["post-8132","post","type-post","status-publish","format-standard","has-post-thumbnail","hentry","category-50-anys-a-linstitut-narcis-monturiol","category-general","category-orientacio","tag-50-anys","tag-orientacio"],"post_mailing_queue_ids":[],"_links":{"self":[{"href":"https:\/\/agora.xtec.cat\/iesnarcismonturiol\/wp-json\/wp\/v2\/posts\/8132","targetHints":{"allow":["GET"]}}],"collection":[{"href":"https:\/\/agora.xtec.cat\/iesnarcismonturiol\/wp-json\/wp\/v2\/posts"}],"about":[{"href":"https:\/\/agora.xtec.cat\/iesnarcismonturiol\/wp-json\/wp\/v2\/types\/post"}],"author":[{"embeddable":true,"href":"https:\/\/agora.xtec.cat\/iesnarcismonturiol\/wp-json\/wp\/v2\/users\/5"}],"replies":[{"embeddable":true,"href":"https:\/\/agora.xtec.cat\/iesnarcismonturiol\/wp-json\/wp\/v2\/comments?post=8132"}],"version-history":[{"count":0,"href":"https:\/\/agora.xtec.cat\/iesnarcismonturiol\/wp-json\/wp\/v2\/posts\/8132\/revisions"}],"wp:featuredmedia":[{"embeddable":true,"href":"https:\/\/agora.xtec.cat\/iesnarcismonturiol\/wp-json\/wp\/v2\/media\/8134"}],"wp:attachment":[{"href":"https:\/\/agora.xtec.cat\/iesnarcismonturiol\/wp-json\/wp\/v2\/media?parent=8132"}],"wp:term":[{"taxonomy":"category","embeddable":true,"href":"https:\/\/agora.xtec.cat\/iesnarcismonturiol\/wp-json\/wp\/v2\/categories?post=8132"},{"taxonomy":"post_tag","embeddable":true,"href":"https:\/\/agora.xtec.cat\/iesnarcismonturiol\/wp-json\/wp\/v2\/tags?post=8132"}],"curies":[{"name":"wp","href":"https:\/\/api.w.org\/{rel}","templated":true}]}}