{"id":812,"date":"2012-03-12T13:05:05","date_gmt":"2012-03-12T13:05:05","guid":{"rendered":"http:\/\/insmonturiol.cat\/preinscripcio-eso-curs-2012-2013"},"modified":"2012-03-12T13:05:05","modified_gmt":"2012-03-12T13:05:05","slug":"preinscripcio-eso-curs-2012-2013","status":"publish","type":"post","link":"https:\/\/agora.xtec.cat\/iesnarcismonturiol\/general\/preinscripcio-eso-curs-2012-2013\/","title":{"rendered":"PREINSCRIPCI\u00d3 ESO curs 2012-2013"},"content":{"rendered":"<div>\n<h3 style=\"text-align: justify;\"><span style=\"color: #ff6600;\">CALENDARI<\/span><\/h3>\n<\/div>\n<div>\n<ul>\n<li><span style=\"color: #000000;\"><strong>Publicaci\u00f3 de l&#8217;oferta<\/strong><\/span>:\u00a014 de\u00a0mar\u00e7 del 2012.<\/li>\n<\/ul>\n<ul>\n<li><span style=\"color: #000000;\"><strong>Preinscripci\u00f3<\/strong>:<\/span>\n<ul>\n<li>Presentaci\u00f3 de sol\u00b7licituds: del 19\u00a0al 30 de mar\u00e7 de 2012, ambd\u00f3s inclosos.<\/li>\n<li>Es pot enviar la sol\u00b7licitud per Internet fins a les 24 hores del dia\u00a029 de mar\u00e7 de 2012.<\/li>\n<\/ul>\n<\/li>\n<\/ul>\n<ul>\n<li><span style=\"color: #000000;\"><strong>Publicaci\u00f3 de\u00a0les llistes de<\/strong>\u00a0<strong>sol\u00b7licituds amb la puntuaci\u00f3 provisional<\/strong>:<\/span> 17 d&#8217;abril de 2012.<\/li>\n<\/ul>\n<ul>\n<li><strong>Sorteig p\u00fablic<\/strong>\u00a0<strong>per determinar l&#8217;ordenaci\u00f3 de sol\u00b7licituds<\/strong>: 18 d&#8217;abril de 2012 a les 11 hores, als serveis centrals del Departament d&#8217;Ensenyament.<\/li>\n<li><strong>Termini per presentar\u00a0reclamacions<\/strong>: 18, 19 i 20 d&#8217;abril de 2012.<\/li>\n<li><strong>Publicaci\u00f3 de les llistes de sol\u00b7licituds amb la puntuaci\u00f3 definitiva<\/strong>:\u00a025 d&#8217;abril de 2012.<\/li>\n<\/ul>\n<ul>\n<li><strong>Publicaci\u00f3 de l&#8217;oferta final<\/strong>: 11 de maig de 2012.<\/li>\n<li><strong>Publicaci\u00f3 de les llistes d&#8217;alumnes admesos<\/strong>: 18 de maig de 2012.<\/li>\n<\/ul>\n<ul>\n<li><strong>Matr\u00edcula<\/strong>:\n<ul>\n<li>Segon cicle d&#8217;educaci\u00f3 infantil, educaci\u00f3 prim\u00e0ria i primer curs d&#8217;educaci\u00f3 secund\u00e0ria obligat\u00f2ria: del 4 al 8 de juny de 2012, ambd\u00f3s inclosos.<\/li>\n<li>Segon, tercer i quart curs d&#8217;educaci\u00f3 secund\u00e0ria obligat\u00f2ria o de confirmaci\u00f3 de pla\u00e7a assignada en cas de l&#8217;alumnat pendent de l&#8217;avaluaci\u00f3 de setembre: del 25 al 29 de juny de 2012, ambd\u00f3s inclosos.<\/li>\n<li>Educaci\u00f3 secund\u00e0ria obligat\u00f2ria\u00a0pendent de l&#8217;avaluaci\u00f3 de setembre (matr\u00edcula extraordin\u00e0ria): del 7 al 13 de setembre de 2012, ambd\u00f3s inclosos.<\/li>\n<\/ul>\n<\/li>\n<\/ul>\n<\/div>\n<div><span style=\"color: #000000;\">visiteu la web Consorci d&#8217;Educaci\u00f3 de Barcelona amb informaci\u00f3 d&#8217;inter\u00e9s sobre el proc\u00e9s:<\/span><\/div>\n<div style=\"text-align: center;\"><a style=\"text-align: center;\" href=\"http:\/\/www.edubcn.cat\/ca\/alumnat_i_familia\">http:\/\/www.edubcn.cat\/ca\/alumnat_i_familia<\/a><span style=\"text-align: center;\">\u00a0<\/span><\/div>\n","protected":false},"excerpt":{"rendered":"<p>CALENDARI<\/p>\n<ul>\n<li>Publicaci\u00f3 de l&#8217;oferta:\u00a014 de\u00a0mar\u00e7 del 2012.<\/li>\n<\/ul>\n<ul>\n<li>Preinscripci\u00f3:\n<ul>\n<li>Presentaci\u00f3 de sol\u00b7licituds: del 19\u00a0al 30 de mar\u00e7 de 2012, ambd\u00f3s inclosos.<\/li>\n<li>Es pot enviar la sol\u00b7licitud per Internet fins a les 24 hores del dia\u00a029 de mar\u00e7 de 2012.<\/li>\n<\/ul>\n<\/li>\n<\/ul>\n<ul>\n<li>Publicaci\u00f3 de\u00a0les llistes de\u00a0sol\u00b7licituds amb la puntuaci\u00f3 provisional: 17 d&#8217;abril de 2012.<\/li>\n<\/ul>\n<ul>\n<li>Sorteig&hellip;  <a href=\"https:\/\/agora.xtec.cat\/iesnarcismonturiol\/general\/preinscripcio-eso-curs-2012-2013\/\" title=\"Read PREINSCRIPCI\u00d3 ESO curs 2012-2013\">Llegeix m\u00e9s\u00bb<\/a><br \/>\n","protected":false},"author":5,"featured_media":0,"comment_status":"closed","ping_status":"closed","sticky":false,"template":"","format":"standard","meta":{"_bbp_topic_count":0,"_bbp_reply_count":0,"_bbp_total_topic_count":0,"_bbp_total_reply_count":0,"_bbp_voice_count":0,"_bbp_anonymous_reply_count":0,"_bbp_topic_count_hidden":0,"_bbp_reply_count_hidden":0,"_bbp_forum_subforum_count":0,"footnotes":""},"categories":[1],"tags":[],"class_list":["post-812","post","type-post","status-publish","format-standard","hentry","category-general"],"post_mailing_queue_ids":[],"_links":{"self":[{"href":"https:\/\/agora.xtec.cat\/iesnarcismonturiol\/wp-json\/wp\/v2\/posts\/812","targetHints":{"allow":["GET"]}}],"collection":[{"href":"https:\/\/agora.xtec.cat\/iesnarcismonturiol\/wp-json\/wp\/v2\/posts"}],"about":[{"href":"https:\/\/agora.xtec.cat\/iesnarcismonturiol\/wp-json\/wp\/v2\/types\/post"}],"author":[{"embeddable":true,"href":"https:\/\/agora.xtec.cat\/iesnarcismonturiol\/wp-json\/wp\/v2\/users\/5"}],"replies":[{"embeddable":true,"href":"https:\/\/agora.xtec.cat\/iesnarcismonturiol\/wp-json\/wp\/v2\/comments?post=812"}],"version-history":[{"count":0,"href":"https:\/\/agora.xtec.cat\/iesnarcismonturiol\/wp-json\/wp\/v2\/posts\/812\/revisions"}],"wp:attachment":[{"href":"https:\/\/agora.xtec.cat\/iesnarcismonturiol\/wp-json\/wp\/v2\/media?parent=812"}],"wp:term":[{"taxonomy":"category","embeddable":true,"href":"https:\/\/agora.xtec.cat\/iesnarcismonturiol\/wp-json\/wp\/v2\/categories?post=812"},{"taxonomy":"post_tag","embeddable":true,"href":"https:\/\/agora.xtec.cat\/iesnarcismonturiol\/wp-json\/wp\/v2\/tags?post=812"}],"curies":[{"name":"wp","href":"https:\/\/api.w.org\/{rel}","templated":true}]}}