{"id":8115,"date":"2019-05-08T16:24:17","date_gmt":"2019-05-08T16:24:17","guid":{"rendered":"http:\/\/insmonturiol.cat\/50-anys-a-linstitut-narcis-monturiol-la-recerca"},"modified":"2019-05-08T16:24:17","modified_gmt":"2019-05-08T16:24:17","slug":"50-anys-a-linstitut-narcis-monturiol-la-recerca","status":"publish","type":"post","link":"https:\/\/agora.xtec.cat\/iesnarcismonturiol\/general\/50-anys-a-linstitut-narcis-monturiol-la-recerca\/","title":{"rendered":"50 anys a l&#8217;Institut Narc\u00eds Monturiol: La Recerca"},"content":{"rendered":"\n<p>MONTURIOL, LA RECERCA DES DELS INICIS<\/p>\n\n\n\n<p>Entre l\u2019any 1982 i 1992 es reben quatre premis CIRIT i uns altres sis entre els anys 2003, 2004, 2006 i 2010.<\/p>\n\n\n\n<p>A partir de 1997 es participa a Salamanca als Encuentros de J\u00f3venes Investigadores, organitzats per INICE (Instituto Nacional de Investigaciones Cient\u00ecficas y Educativas).<\/p>\n\n\n\n<p>Com a conseq\u00fc\u00e8ncia s\u2019obtenen premis per assistir a altres congressos i exposicions cient\u00edfiques a Extremadura, Santander, Ourense, B\u00e8lgica, Eslov\u00e0quia, R\u00fassia, Alemanya, Fran\u00e7a, It\u00e0lia, Jap\u00f3, Brasil i Xile. Tamb\u00e9 es publiquen treballs a diverses revistes cient\u00edfiques i educatives.<\/p>\n\n\n\n<p>Al desembre de 1999 dues alumnes del Monturiol s\u00f3n escollides per assistir al lliurament del Premis Nobel a Estocolm. Tamb\u00e9 van ser seleccionats al lliurament dels Nobel un alumne al desembre de 2002 i una altra alumna l\u2019any 2003.<\/p>\n\n\n\n<figure class=\"wp-block-image\"><img loading=\"lazy\" decoding=\"async\" width=\"692\" height=\"493\" src=\"http:\/\/insmonturiol.cat\/wp-content\/uploads\/2019\/05\/premis-nobel-1.jpg\" alt=\"\" class=\"wp-image-8117\" srcset=\"https:\/\/agora.xtec.cat\/iesnarcismonturiol\/wp-content\/uploads\/usu2521\/2019\/05\/premis-nobel-1.jpg 692w, https:\/\/agora.xtec.cat\/iesnarcismonturiol\/wp-content\/uploads\/usu2521\/2019\/05\/premis-nobel-1-300x214.jpg 300w\" sizes=\"auto, (max-width: 692px) 100vw, 692px\" \/><\/figure>\n\n\n\n<p>Iris Uribesalgo, Elisabet S\u00e0 i Martinus J.G.Veltman Premi Nobel de F\u00edsica (1999)<\/p>\n\n\n\n<figure class=\"wp-block-image\"><img loading=\"lazy\" decoding=\"async\" width=\"1000\" height=\"750\" src=\"http:\/\/insmonturiol.cat\/wp-content\/uploads\/2019\/05\/premis-nobel-2.jpg\" alt=\"\" class=\"wp-image-8119\" srcset=\"https:\/\/agora.xtec.cat\/iesnarcismonturiol\/wp-content\/uploads\/usu2521\/2019\/05\/premis-nobel-2.jpg 1000w, https:\/\/agora.xtec.cat\/iesnarcismonturiol\/wp-content\/uploads\/usu2521\/2019\/05\/premis-nobel-2-300x225.jpg 300w, https:\/\/agora.xtec.cat\/iesnarcismonturiol\/wp-content\/uploads\/usu2521\/2019\/05\/premis-nobel-2-768x576.jpg 768w, https:\/\/agora.xtec.cat\/iesnarcismonturiol\/wp-content\/uploads\/usu2521\/2019\/05\/premis-nobel-2-200x150.jpg 200w\" sizes=\"auto, (max-width: 1000px) 100vw, 1000px\" \/><\/figure>\n\n\n\n<p>\u00c1lvaro del R\u00edo (2002)<\/p>\n\n\n\n<figure class=\"wp-block-image\"><img loading=\"lazy\" decoding=\"async\" width=\"716\" height=\"537\" src=\"http:\/\/insmonturiol.cat\/wp-content\/uploads\/2019\/05\/premis-nobel-3.jpg\" alt=\"\" class=\"wp-image-8120\" srcset=\"https:\/\/agora.xtec.cat\/iesnarcismonturiol\/wp-content\/uploads\/usu2521\/2019\/05\/premis-nobel-3.jpg 716w, https:\/\/agora.xtec.cat\/iesnarcismonturiol\/wp-content\/uploads\/usu2521\/2019\/05\/premis-nobel-3-300x225.jpg 300w, https:\/\/agora.xtec.cat\/iesnarcismonturiol\/wp-content\/uploads\/usu2521\/2019\/05\/premis-nobel-3-200x150.jpg 200w\" sizes=\"auto, (max-width: 716px) 100vw, 716px\" \/><\/figure>\n\n\n\n<p>Cristina Casadevall (2003)<\/p>\n\n\n\n<p>PARTICIPACI\u00d3 EN ACTIVITATS CIENT\u00edFIQUES<\/p>\n\n\n\n<p>La introducci\u00f3 del Treball de Recerca al Batxillerat a partir de l\u2019any 2000 ajuda a l\u2019inter\u00e8s per la recerca, la qual cosa, al Monturiol, s\u2019estava produint amb el lideratge del professor Manuel Belmonte des de la seva arribada al departament de F\u00edsica i Qu\u00edmica de l\u2019institut. <\/p>\n\n\n\n<p>Fins l\u2019any 2010 l\u2019alumnat de l\u2019institut participa en diferents esdeveniments de car\u00e0cter cient\u00edfic. Es participa en un munt d\u2019activitats de diversos \u00e0mbits: pon\u00e8ncies en jornades organitzades pels ICE de les universitats i per la Generalitat de Catalunya (Apropa\u2019t a la Ci\u00e8ncia), programes de televisi\u00f3, cert\u00e0mens i premis estatals com INJUVE, premi San Viator, Olimpiada de la Innovaci\u00f3n Juvenil i d&#8217;altres, fires d\u2019inventors la Gal\u00e0ctica, a Vilanova i la Geltr\u00fa, SCISEEK a Bilbao, estades cient\u00edfiques a Fran\u00e7a, F\u00f2rums de treballs de recerca del CRP Horta-Guinard\u00f3, cert\u00e0mens i premis internacionals: AESOTOPE a G\u00e8nova o \u201cInternational Exhibition for Young Inventors\u201d a Tokio.<\/p>\n\n\n\n<p style=\"text-align:left\">L\u2019EXPORECERCA JOVE<\/p>\n\n\n\n\n\n<p>Al gener &nbsp;del 2000 un grup d\u2019alumnes i dos professors del Narc\u00eds Monturiol demanen a INICE (Instituto Nacional de Investigaciones Cient\u00ecficas y Educativas) amb seu a Salamanca, organitzar-se com Delegaci\u00f3 a Catalunya.<\/p>\n\n\n\n<p>INICE \u2013 Catalunya organitza la I Exporecerca Jove els dies 25, 26 i 27 de maig de 2000 al Espai Jove Boca Nord.<\/p>\n\n\n\n<p>L\u2019Exporecerca Jove \u00e9s una exposici\u00f3 de treballs de recerca de nois i noies de 12 a 30 anys.<\/p>\n\n\n\n<p>L\u2019any 2006 MAGMA, Associaci\u00f3 per Promoure la Recerca Jove, substitueix la Delegaci\u00f3 d\u2019INICE \u2013 Catalunya.<\/p>\n\n\n\n<p>MAGMA organitza a Tarragona, del 16 al 23 de juliol de 2006, l&#8217;Expo-Sciences Europ\u00e9enne 2006\u201d. Iris Uribesalgo, ex-alumna de l\u2019institut presideix l\u2019exposici\u00f3.<\/p>\n\n\n\n<p>Alumnes i ex-alumnes de l\u2019institut han ocupat la presid\u00e8ncia de INICE \u2013 Catalunya, MAGMA i l\u2019Exporecerca diverses vegades.<\/p>\n\n\n\n<p>L\u2019alumnat del Narc\u00eds Monturiol est\u00e0 present en l\u2019organitzaci\u00f3 de\nl\u2019Exporecerca i participa amb la presentaci\u00f3 de treballs fins el 2017.<\/p>\n\n\n\n<figure class=\"wp-block-image\"><img loading=\"lazy\" decoding=\"async\" width=\"738\" height=\"484\" src=\"http:\/\/insmonturiol.cat\/wp-content\/uploads\/2019\/05\/I-exporecerca.jpg\" alt=\"\" class=\"wp-image-8121\" srcset=\"https:\/\/agora.xtec.cat\/iesnarcismonturiol\/wp-content\/uploads\/usu2521\/2019\/05\/I-exporecerca.jpg 738w, https:\/\/agora.xtec.cat\/iesnarcismonturiol\/wp-content\/uploads\/usu2521\/2019\/05\/I-exporecerca-300x197.jpg 300w\" sizes=\"auto, (max-width: 738px) 100vw, 738px\" \/><\/figure>\n\n\n\n<p>I Exporecerca Jove Boca Nord<\/p>\n\n\n\n<p style=\"text-align:left\"><\/p>\n\n\n\n<figure class=\"wp-block-image\"><img loading=\"lazy\" decoding=\"async\" width=\"975\" height=\"650\" src=\"http:\/\/insmonturiol.cat\/wp-content\/uploads\/2019\/05\/II-exporecerca.jpg\" alt=\"\" class=\"wp-image-8122\" srcset=\"https:\/\/agora.xtec.cat\/iesnarcismonturiol\/wp-content\/uploads\/usu2521\/2019\/05\/II-exporecerca.jpg 975w, https:\/\/agora.xtec.cat\/iesnarcismonturiol\/wp-content\/uploads\/usu2521\/2019\/05\/II-exporecerca-300x200.jpg 300w, https:\/\/agora.xtec.cat\/iesnarcismonturiol\/wp-content\/uploads\/usu2521\/2019\/05\/II-exporecerca-768x512.jpg 768w\" sizes=\"auto, (max-width: 975px) 100vw, 975px\" \/><\/figure>\n\n\n\n<p>II Exporecerca Jove Pavell\u00f3 Esportiu de la Vall d\u2019Hebron<\/p>\n\n\n\n<p style=\"text-align:left\"><\/p>\n\n\n\n<ul class=\"wp-block-gallery columns-2 is-cropped wp-block-gallery-1 is-layout-flex wp-block-gallery-is-layout-flex\"><li class=\"blocks-gallery-item\"><figure><img loading=\"lazy\" decoding=\"async\" width=\"1024\" height=\"768\" src=\"http:\/\/insmonturiol.cat\/wp-content\/uploads\/2019\/05\/exporecerca-iii-BIS-1024x768.jpg\" alt=\"\" data-id=\"8126\" data-link=\"http:\/\/insmonturiol.cat\/?attachment_id=8126\" class=\"wp-image-8126\" srcset=\"https:\/\/agora.xtec.cat\/iesnarcismonturiol\/wp-content\/uploads\/usu2521\/2019\/05\/exporecerca-iii-BIS-1024x768.jpg 1024w, https:\/\/agora.xtec.cat\/iesnarcismonturiol\/wp-content\/uploads\/usu2521\/2019\/05\/exporecerca-iii-BIS-300x225.jpg 300w, https:\/\/agora.xtec.cat\/iesnarcismonturiol\/wp-content\/uploads\/usu2521\/2019\/05\/exporecerca-iii-BIS-768x576.jpg 768w, https:\/\/agora.xtec.cat\/iesnarcismonturiol\/wp-content\/uploads\/usu2521\/2019\/05\/exporecerca-iii-BIS-200x150.jpg 200w, https:\/\/agora.xtec.cat\/iesnarcismonturiol\/wp-content\/uploads\/usu2521\/2019\/05\/exporecerca-iii-BIS.jpg 1265w\" sizes=\"auto, (max-width: 1024px) 100vw, 1024px\" \/><\/figure><\/li><li class=\"blocks-gallery-item\"><figure><img loading=\"lazy\" decoding=\"async\" width=\"970\" height=\"727\" src=\"http:\/\/insmonturiol.cat\/wp-content\/uploads\/2019\/05\/III-exporecerca-1.jpg\" alt=\"\" data-id=\"8127\" data-link=\"http:\/\/insmonturiol.cat\/?attachment_id=8127\" class=\"wp-image-8127\" srcset=\"https:\/\/agora.xtec.cat\/iesnarcismonturiol\/wp-content\/uploads\/usu2521\/2019\/05\/III-exporecerca-1.jpg 970w, https:\/\/agora.xtec.cat\/iesnarcismonturiol\/wp-content\/uploads\/usu2521\/2019\/05\/III-exporecerca-1-300x225.jpg 300w, https:\/\/agora.xtec.cat\/iesnarcismonturiol\/wp-content\/uploads\/usu2521\/2019\/05\/III-exporecerca-1-768x576.jpg 768w, https:\/\/agora.xtec.cat\/iesnarcismonturiol\/wp-content\/uploads\/usu2521\/2019\/05\/III-exporecerca-1-200x150.jpg 200w\" sizes=\"auto, (max-width: 970px) 100vw, 970px\" \/><\/figure><\/li><\/ul>\n\n\n\n<p>III Exporecerca Jove UPC<\/p>\n\n\n\n<figure class=\"wp-block-image\"><img loading=\"lazy\" decoding=\"async\" width=\"1024\" height=\"768\" src=\"http:\/\/insmonturiol.cat\/wp-content\/uploads\/2019\/05\/EXPORECERCA-vi-1024x768.jpg\" alt=\"\" class=\"wp-image-8128\" srcset=\"https:\/\/agora.xtec.cat\/iesnarcismonturiol\/wp-content\/uploads\/usu2521\/2019\/05\/EXPORECERCA-vi-1024x768.jpg 1024w, https:\/\/agora.xtec.cat\/iesnarcismonturiol\/wp-content\/uploads\/usu2521\/2019\/05\/EXPORECERCA-vi-300x225.jpg 300w, https:\/\/agora.xtec.cat\/iesnarcismonturiol\/wp-content\/uploads\/usu2521\/2019\/05\/EXPORECERCA-vi-768x576.jpg 768w, https:\/\/agora.xtec.cat\/iesnarcismonturiol\/wp-content\/uploads\/usu2521\/2019\/05\/EXPORECERCA-vi-200x150.jpg 200w, https:\/\/agora.xtec.cat\/iesnarcismonturiol\/wp-content\/uploads\/usu2521\/2019\/05\/EXPORECERCA-vi.jpg 1099w\" sizes=\"auto, (max-width: 1024px) 100vw, 1024px\" \/><\/figure>\n\n\n\n<p>IV EXPORECERCA JOVE UPF<\/p>\n","protected":false},"excerpt":{"rendered":"<p>MONTURIOL, LA RECERCA DES DELS INICIS<\/p>\n<p>Entre l\u2019any 1982 i 1992 es reben quatre premis CIRIT i uns altres sis entre els anys 2003, 2004, 2006 i 2010.<\/p>\n<p>A partir de 1997 es participa a Salamanca als Encuentros de J\u00f3venes Investigadores, organitzats per INICE (Instituto Nacional de&hellip;  <a href=\"https:\/\/agora.xtec.cat\/iesnarcismonturiol\/general\/50-anys-a-linstitut-narcis-monturiol-la-recerca\/\" title=\"Read 50 anys a l&#8217;Institut Narc\u00eds Monturiol: La Recerca\">Llegeix m\u00e9s\u00bb<\/a><\/p>\n","protected":false},"author":5,"featured_media":8121,"comment_status":"closed","ping_status":"closed","sticky":false,"template":"","format":"standard","meta":{"_bbp_topic_count":0,"_bbp_reply_count":0,"_bbp_total_topic_count":0,"_bbp_total_reply_count":0,"_bbp_voice_count":0,"_bbp_anonymous_reply_count":0,"_bbp_topic_count_hidden":0,"_bbp_reply_count_hidden":0,"_bbp_forum_subforum_count":0,"footnotes":""},"categories":[119,1],"tags":[143,160,207,293,313],"class_list":["post-8115","post","type-post","status-publish","format-standard","has-post-thumbnail","hentry","category-50-anys-a-linstitut-narcis-monturiol","category-general","tag-50-anys","tag-barri","tag-entorn","tag-treball-recerca","tag-treball-per-projectes"],"post_mailing_queue_ids":[],"_links":{"self":[{"href":"https:\/\/agora.xtec.cat\/iesnarcismonturiol\/wp-json\/wp\/v2\/posts\/8115","targetHints":{"allow":["GET"]}}],"collection":[{"href":"https:\/\/agora.xtec.cat\/iesnarcismonturiol\/wp-json\/wp\/v2\/posts"}],"about":[{"href":"https:\/\/agora.xtec.cat\/iesnarcismonturiol\/wp-json\/wp\/v2\/types\/post"}],"author":[{"embeddable":true,"href":"https:\/\/agora.xtec.cat\/iesnarcismonturiol\/wp-json\/wp\/v2\/users\/5"}],"replies":[{"embeddable":true,"href":"https:\/\/agora.xtec.cat\/iesnarcismonturiol\/wp-json\/wp\/v2\/comments?post=8115"}],"version-history":[{"count":0,"href":"https:\/\/agora.xtec.cat\/iesnarcismonturiol\/wp-json\/wp\/v2\/posts\/8115\/revisions"}],"wp:featuredmedia":[{"embeddable":true,"href":"https:\/\/agora.xtec.cat\/iesnarcismonturiol\/wp-json\/wp\/v2\/media\/8121"}],"wp:attachment":[{"href":"https:\/\/agora.xtec.cat\/iesnarcismonturiol\/wp-json\/wp\/v2\/media?parent=8115"}],"wp:term":[{"taxonomy":"category","embeddable":true,"href":"https:\/\/agora.xtec.cat\/iesnarcismonturiol\/wp-json\/wp\/v2\/categories?post=8115"},{"taxonomy":"post_tag","embeddable":true,"href":"https:\/\/agora.xtec.cat\/iesnarcismonturiol\/wp-json\/wp\/v2\/tags?post=8115"}],"curies":[{"name":"wp","href":"https:\/\/api.w.org\/{rel}","templated":true}]}}