{"id":8102,"date":"2019-04-20T06:53:52","date_gmt":"2019-04-20T06:53:52","guid":{"rendered":"http:\/\/insmonturiol.cat\/a-3r-deso-participem-en-la-setmana-de-larquitectura"},"modified":"2019-04-20T06:53:52","modified_gmt":"2019-04-20T06:53:52","slug":"a-3r-deso-participem-en-la-setmana-de-larquitectura","status":"publish","type":"post","link":"https:\/\/agora.xtec.cat\/iesnarcismonturiol\/general\/a-3r-deso-participem-en-la-setmana-de-larquitectura\/","title":{"rendered":"A 3r d&#8217;ESO participem en la Setmana de l&#8217;Arquitectura"},"content":{"rendered":"\n<p>Aquest any, i per primera vegada, l\u2019Ajuntament de Barcelona ha organitzat una s\u00e8rie d\u2019activitats emmarcades dins de la Setmana de l\u2019Arquitectura. El departament de Tecnologia de l\u2019INS Narc\u00eds Monturiol ha considerat interessant aquesta activitat i ens hem afegit a l\u2019experi\u00e8ncia.<br>L\u2019activitat ha estat portada a terme per l\u2019arquitecte del Col\u00b7legi d\u2019Arquitectes de Barcelona, Manuel S\u00e1nchez-Villanueva, i ha estat dirigida a alumnes de 3r d\u2019ESO. L\u2019arquitecte els ha mostrat un v\u00eddeo d\u2019uns quatre minuts sobre un projecte per Barcelona que mostrava tots els avantatges del lloc on est\u00e0 ubicat l\u2019edifici per tal de treure el m\u00e0xim rendiment. Despr\u00e9s, l&#8217;alumnat ha intervingut en un debat i paraules com sostenibilitat; efici\u00e8ncia; respecte al medi ambient han adquirit un nou significat per als nois i les noies.<br>F\u00e8lix Barrio, Professor de Tecnologia<\/p>\n\n\n\n<ul class=\"wp-block-gallery columns-3 is-cropped wp-block-gallery-1 is-layout-flex wp-block-gallery-is-layout-flex\"><li class=\"blocks-gallery-item\"><figure><img loading=\"lazy\" decoding=\"async\" width=\"1024\" height=\"576\" src=\"http:\/\/insmonturiol.cat\/wp-content\/uploads\/2019\/05\/9a3ea805-c1f6-4582-a809-78c9d7494299-1024x576.jpg\" alt=\"\" data-id=\"8104\" data-link=\"http:\/\/insmonturiol.cat\/?attachment_id=8104\" class=\"wp-image-8104\" srcset=\"https:\/\/agora.xtec.cat\/iesnarcismonturiol\/wp-content\/uploads\/usu2521\/2019\/05\/9a3ea805-c1f6-4582-a809-78c9d7494299-1024x576.jpg 1024w, https:\/\/agora.xtec.cat\/iesnarcismonturiol\/wp-content\/uploads\/usu2521\/2019\/05\/9a3ea805-c1f6-4582-a809-78c9d7494299-300x169.jpg 300w, https:\/\/agora.xtec.cat\/iesnarcismonturiol\/wp-content\/uploads\/usu2521\/2019\/05\/9a3ea805-c1f6-4582-a809-78c9d7494299-768x432.jpg 768w, https:\/\/agora.xtec.cat\/iesnarcismonturiol\/wp-content\/uploads\/usu2521\/2019\/05\/9a3ea805-c1f6-4582-a809-78c9d7494299.jpg 1328w\" sizes=\"auto, (max-width: 1024px) 100vw, 1024px\" \/><\/figure><\/li><li class=\"blocks-gallery-item\"><figure><img loading=\"lazy\" decoding=\"async\" width=\"1024\" height=\"576\" src=\"http:\/\/insmonturiol.cat\/wp-content\/uploads\/2019\/05\/18db7e0a-5815-462f-8950-649d7320bff8-1024x576.jpg\" alt=\"\" data-id=\"8105\" data-link=\"http:\/\/insmonturiol.cat\/?attachment_id=8105\" class=\"wp-image-8105\" srcset=\"https:\/\/agora.xtec.cat\/iesnarcismonturiol\/wp-content\/uploads\/usu2521\/2019\/05\/18db7e0a-5815-462f-8950-649d7320bff8-1024x576.jpg 1024w, https:\/\/agora.xtec.cat\/iesnarcismonturiol\/wp-content\/uploads\/usu2521\/2019\/05\/18db7e0a-5815-462f-8950-649d7320bff8-300x169.jpg 300w, https:\/\/agora.xtec.cat\/iesnarcismonturiol\/wp-content\/uploads\/usu2521\/2019\/05\/18db7e0a-5815-462f-8950-649d7320bff8-768x432.jpg 768w, https:\/\/agora.xtec.cat\/iesnarcismonturiol\/wp-content\/uploads\/usu2521\/2019\/05\/18db7e0a-5815-462f-8950-649d7320bff8.jpg 1328w\" sizes=\"auto, (max-width: 1024px) 100vw, 1024px\" \/><\/figure><\/li><li class=\"blocks-gallery-item\"><figure><img loading=\"lazy\" decoding=\"async\" width=\"1024\" height=\"576\" src=\"http:\/\/insmonturiol.cat\/wp-content\/uploads\/2019\/05\/9789216a-c541-45e9-92c0-cd5e4d588c4d-1024x576.jpg\" alt=\"\" data-id=\"8106\" data-link=\"http:\/\/insmonturiol.cat\/?attachment_id=8106\" class=\"wp-image-8106\" srcset=\"https:\/\/agora.xtec.cat\/iesnarcismonturiol\/wp-content\/uploads\/usu2521\/2019\/05\/9789216a-c541-45e9-92c0-cd5e4d588c4d-1024x576.jpg 1024w, https:\/\/agora.xtec.cat\/iesnarcismonturiol\/wp-content\/uploads\/usu2521\/2019\/05\/9789216a-c541-45e9-92c0-cd5e4d588c4d-300x169.jpg 300w, https:\/\/agora.xtec.cat\/iesnarcismonturiol\/wp-content\/uploads\/usu2521\/2019\/05\/9789216a-c541-45e9-92c0-cd5e4d588c4d-768x432.jpg 768w, https:\/\/agora.xtec.cat\/iesnarcismonturiol\/wp-content\/uploads\/usu2521\/2019\/05\/9789216a-c541-45e9-92c0-cd5e4d588c4d.jpg 1328w\" sizes=\"auto, (max-width: 1024px) 100vw, 1024px\" \/><\/figure><\/li><li class=\"blocks-gallery-item\"><figure><img loading=\"lazy\" decoding=\"async\" width=\"1024\" height=\"576\" src=\"http:\/\/insmonturiol.cat\/wp-content\/uploads\/2019\/05\/b2da4081-753e-4167-a3b7-c3e58151aa7e-1024x576.jpg\" alt=\"\" data-id=\"8107\" data-link=\"http:\/\/insmonturiol.cat\/?attachment_id=8107\" class=\"wp-image-8107\" srcset=\"https:\/\/agora.xtec.cat\/iesnarcismonturiol\/wp-content\/uploads\/usu2521\/2019\/05\/b2da4081-753e-4167-a3b7-c3e58151aa7e-1024x576.jpg 1024w, https:\/\/agora.xtec.cat\/iesnarcismonturiol\/wp-content\/uploads\/usu2521\/2019\/05\/b2da4081-753e-4167-a3b7-c3e58151aa7e-300x169.jpg 300w, https:\/\/agora.xtec.cat\/iesnarcismonturiol\/wp-content\/uploads\/usu2521\/2019\/05\/b2da4081-753e-4167-a3b7-c3e58151aa7e-768x432.jpg 768w, https:\/\/agora.xtec.cat\/iesnarcismonturiol\/wp-content\/uploads\/usu2521\/2019\/05\/b2da4081-753e-4167-a3b7-c3e58151aa7e.jpg 1328w\" sizes=\"auto, (max-width: 1024px) 100vw, 1024px\" \/><\/figure><\/li><\/ul>\n","protected":false},"excerpt":{"rendered":"<p>Aquest any, i per primera vegada, l\u2019Ajuntament de Barcelona ha organitzat una s\u00e8rie d\u2019activitats emmarcades dins de la Setmana de l\u2019Arquitectura. El departament de Tecnologia de l\u2019INS Narc\u00eds Monturiol ha considerat interessant aquesta activitat i ens hem afegit a l\u2019experi\u00e8ncia.L\u2019activitat ha estat portada a terme&hellip;  <a href=\"https:\/\/agora.xtec.cat\/iesnarcismonturiol\/general\/a-3r-deso-participem-en-la-setmana-de-larquitectura\/\" title=\"Read A 3r d&#8217;ESO participem en la Setmana de l&#8217;Arquitectura\">Llegeix m\u00e9s\u00bb<\/a><\/p>\n","protected":false},"author":5,"featured_media":8103,"comment_status":"closed","ping_status":"closed","sticky":false,"template":"","format":"standard","meta":{"_bbp_topic_count":0,"_bbp_reply_count":0,"_bbp_total_topic_count":0,"_bbp_total_reply_count":0,"_bbp_voice_count":0,"_bbp_anonymous_reply_count":0,"_bbp_topic_count_hidden":0,"_bbp_reply_count_hidden":0,"_bbp_forum_subforum_count":0,"footnotes":""},"categories":[119,1,135],"tags":[143,207,304,312],"class_list":["post-8102","post","type-post","status-publish","format-standard","has-post-thumbnail","hentry","category-50-anys-a-linstitut-narcis-monturiol","category-general","category-tecnologia","tag-50-anys","tag-entorn","tag-sostenibilitat","tag-tecnologia"],"post_mailing_queue_ids":[],"_links":{"self":[{"href":"https:\/\/agora.xtec.cat\/iesnarcismonturiol\/wp-json\/wp\/v2\/posts\/8102","targetHints":{"allow":["GET"]}}],"collection":[{"href":"https:\/\/agora.xtec.cat\/iesnarcismonturiol\/wp-json\/wp\/v2\/posts"}],"about":[{"href":"https:\/\/agora.xtec.cat\/iesnarcismonturiol\/wp-json\/wp\/v2\/types\/post"}],"author":[{"embeddable":true,"href":"https:\/\/agora.xtec.cat\/iesnarcismonturiol\/wp-json\/wp\/v2\/users\/5"}],"replies":[{"embeddable":true,"href":"https:\/\/agora.xtec.cat\/iesnarcismonturiol\/wp-json\/wp\/v2\/comments?post=8102"}],"version-history":[{"count":0,"href":"https:\/\/agora.xtec.cat\/iesnarcismonturiol\/wp-json\/wp\/v2\/posts\/8102\/revisions"}],"wp:featuredmedia":[{"embeddable":true,"href":"https:\/\/agora.xtec.cat\/iesnarcismonturiol\/wp-json\/wp\/v2\/media\/8103"}],"wp:attachment":[{"href":"https:\/\/agora.xtec.cat\/iesnarcismonturiol\/wp-json\/wp\/v2\/media?parent=8102"}],"wp:term":[{"taxonomy":"category","embeddable":true,"href":"https:\/\/agora.xtec.cat\/iesnarcismonturiol\/wp-json\/wp\/v2\/categories?post=8102"},{"taxonomy":"post_tag","embeddable":true,"href":"https:\/\/agora.xtec.cat\/iesnarcismonturiol\/wp-json\/wp\/v2\/tags?post=8102"}],"curies":[{"name":"wp","href":"https:\/\/api.w.org\/{rel}","templated":true}]}}