{"id":8091,"date":"2019-04-30T11:28:02","date_gmt":"2019-04-30T11:28:02","guid":{"rendered":"http:\/\/insmonturiol.cat\/50-anys-a-linstitut-narcis-monturiol-lesquiada"},"modified":"2019-04-30T11:28:02","modified_gmt":"2019-04-30T11:28:02","slug":"50-anys-a-linstitut-narcis-monturiol-lesquiada","status":"publish","type":"post","link":"https:\/\/agora.xtec.cat\/iesnarcismonturiol\/general\/50-anys-a-linstitut-narcis-monturiol-lesquiada\/","title":{"rendered":"50 anys a l&#8217;Institut Narc\u00eds Monturiol: l&#8217;esquiada"},"content":{"rendered":"\n<p>L&#8217;esquida \u00e9s una d&#8217;aquelles activitats tradicionals del Monturiol, fa m\u00e9s de 30 anys que l&#8217;alumnat del centre ha practicat aquest esport a les pistes de diferents estacions: Port del Comte, Cerler, Andorrra, Port\u00e9 Puymorens, Masella i alguna del sud de Fran\u00e7a. Una setmana on les classes quedaven abandonades al barri de Montbau i l&#8217;alumnat s&#8217;ho passava d&#8217;all\u00f2 m\u00e9s b\u00e9. Fins hi tot en alguna de les ocasions, una bona nevada va impedir tornar al centre el dia previst i aix\u00ed allargar la setmana blanca.<\/p>\n\n\n\n<p>Moltes gr\u00e0cies per les fotos que ens heu enviat exalumnes!<\/p>\n\n\n\n<p><\/p>\n\n\n\n<ul class=\"wp-block-gallery columns-2 is-cropped wp-block-gallery-1 is-layout-flex wp-block-gallery-is-layout-flex\"><li class=\"blocks-gallery-item\"><figure><img loading=\"lazy\" decoding=\"async\" width=\"1024\" height=\"823\" src=\"http:\/\/insmonturiol.cat\/wp-content\/uploads\/2019\/04\/1990-ESQUI-CERLER-marcos-latorre-1-1024x823.jpg\" alt=\"\" data-id=\"8094\" data-link=\"http:\/\/insmonturiol.cat\/?attachment_id=8094\" class=\"wp-image-8094\" srcset=\"https:\/\/agora.xtec.cat\/iesnarcismonturiol\/wp-content\/uploads\/usu2521\/2019\/04\/1990-ESQUI-CERLER-marcos-latorre-1-1024x823.jpg 1024w, https:\/\/agora.xtec.cat\/iesnarcismonturiol\/wp-content\/uploads\/usu2521\/2019\/04\/1990-ESQUI-CERLER-marcos-latorre-1-300x241.jpg 300w, https:\/\/agora.xtec.cat\/iesnarcismonturiol\/wp-content\/uploads\/usu2521\/2019\/04\/1990-ESQUI-CERLER-marcos-latorre-1-768x618.jpg 768w, https:\/\/agora.xtec.cat\/iesnarcismonturiol\/wp-content\/uploads\/usu2521\/2019\/04\/1990-ESQUI-CERLER-marcos-latorre-1-1536x1235.jpg 1536w, https:\/\/agora.xtec.cat\/iesnarcismonturiol\/wp-content\/uploads\/usu2521\/2019\/04\/1990-ESQUI-CERLER-marcos-latorre-1-2048x1647.jpg 2048w\" sizes=\"auto, (max-width: 1024px) 100vw, 1024px\" \/><\/figure><\/li><li class=\"blocks-gallery-item\"><figure><img loading=\"lazy\" decoding=\"async\" width=\"997\" height=\"806\" src=\"http:\/\/insmonturiol.cat\/wp-content\/uploads\/2019\/04\/1990-ESQUI-CERLER1-sergio-latorre-1.jpg\" alt=\"\" data-id=\"8095\" data-link=\"http:\/\/insmonturiol.cat\/?attachment_id=8095\" class=\"wp-image-8095\" srcset=\"https:\/\/agora.xtec.cat\/iesnarcismonturiol\/wp-content\/uploads\/usu2521\/2019\/04\/1990-ESQUI-CERLER1-sergio-latorre-1.jpg 997w, https:\/\/agora.xtec.cat\/iesnarcismonturiol\/wp-content\/uploads\/usu2521\/2019\/04\/1990-ESQUI-CERLER1-sergio-latorre-1-300x243.jpg 300w, https:\/\/agora.xtec.cat\/iesnarcismonturiol\/wp-content\/uploads\/usu2521\/2019\/04\/1990-ESQUI-CERLER1-sergio-latorre-1-768x621.jpg 768w\" sizes=\"auto, (max-width: 997px) 100vw, 997px\" \/><\/figure><\/li><\/ul>\n\n\n\n<p>fotos de Marcos Latorre i Sergio Latorre 1990<\/p>\n\n\n\n<figure class=\"wp-block-image\"><img decoding=\"async\" src=\"http:\/\/insmonturiol.cat\/wp-content\/uploads\/2019\/04\/2010-1-ESQUI-guille-camu\u00f1as-1.jpg\" alt=\"\" class=\"wp-image-8096\"\/><\/figure>\n\n\n\n<p>foto de Guillermo Camu\u00f1as 2010<\/p>\n","protected":false},"excerpt":{"rendered":"<p>L&#8217;esquida \u00e9s una d&#8217;aquelles activitats tradicionals del Monturiol, fa m\u00e9s de 30 anys que l&#8217;alumnat del centre ha practicat aquest esport a les pistes de diferents estacions: Port del Comte, Cerler, Andorrra, Port\u00e9 Puymorens, Masella i alguna del sud de Fran\u00e7a. Una setmana on les&hellip;  <a href=\"https:\/\/agora.xtec.cat\/iesnarcismonturiol\/general\/50-anys-a-linstitut-narcis-monturiol-lesquiada\/\" title=\"Read 50 anys a l&#8217;Institut Narc\u00eds Monturiol: l&#8217;esquiada\">Llegeix m\u00e9s\u00bb<\/a><\/p>\n","protected":false},"author":5,"featured_media":8094,"comment_status":"closed","ping_status":"closed","sticky":false,"template":"","format":"standard","meta":{"_bbp_topic_count":0,"_bbp_reply_count":0,"_bbp_total_topic_count":0,"_bbp_total_reply_count":0,"_bbp_voice_count":0,"_bbp_anonymous_reply_count":0,"_bbp_topic_count_hidden":0,"_bbp_reply_count_hidden":0,"_bbp_forum_subforum_count":0,"footnotes":""},"categories":[119,1],"tags":[143,215],"class_list":["post-8091","post","type-post","status-publish","format-standard","has-post-thumbnail","hentry","category-50-anys-a-linstitut-narcis-monturiol","category-general","tag-50-anys","tag-esqui"],"post_mailing_queue_ids":[],"_links":{"self":[{"href":"https:\/\/agora.xtec.cat\/iesnarcismonturiol\/wp-json\/wp\/v2\/posts\/8091","targetHints":{"allow":["GET"]}}],"collection":[{"href":"https:\/\/agora.xtec.cat\/iesnarcismonturiol\/wp-json\/wp\/v2\/posts"}],"about":[{"href":"https:\/\/agora.xtec.cat\/iesnarcismonturiol\/wp-json\/wp\/v2\/types\/post"}],"author":[{"embeddable":true,"href":"https:\/\/agora.xtec.cat\/iesnarcismonturiol\/wp-json\/wp\/v2\/users\/5"}],"replies":[{"embeddable":true,"href":"https:\/\/agora.xtec.cat\/iesnarcismonturiol\/wp-json\/wp\/v2\/comments?post=8091"}],"version-history":[{"count":0,"href":"https:\/\/agora.xtec.cat\/iesnarcismonturiol\/wp-json\/wp\/v2\/posts\/8091\/revisions"}],"wp:featuredmedia":[{"embeddable":true,"href":"https:\/\/agora.xtec.cat\/iesnarcismonturiol\/wp-json\/wp\/v2\/media\/8094"}],"wp:attachment":[{"href":"https:\/\/agora.xtec.cat\/iesnarcismonturiol\/wp-json\/wp\/v2\/media?parent=8091"}],"wp:term":[{"taxonomy":"category","embeddable":true,"href":"https:\/\/agora.xtec.cat\/iesnarcismonturiol\/wp-json\/wp\/v2\/categories?post=8091"},{"taxonomy":"post_tag","embeddable":true,"href":"https:\/\/agora.xtec.cat\/iesnarcismonturiol\/wp-json\/wp\/v2\/tags?post=8091"}],"curies":[{"name":"wp","href":"https:\/\/api.w.org\/{rel}","templated":true}]}}