{"id":8047,"date":"2019-04-24T08:16:52","date_gmt":"2019-04-24T08:16:52","guid":{"rendered":"http:\/\/insmonturiol.cat\/jornada-de-portes-obertes-batxillerat"},"modified":"2019-04-24T08:16:52","modified_gmt":"2019-04-24T08:16:52","slug":"jornada-de-portes-obertes-batxillerat","status":"publish","type":"post","link":"https:\/\/agora.xtec.cat\/iesnarcismonturiol\/general\/jornada-de-portes-obertes-batxillerat\/","title":{"rendered":"JORNADA DE PORTES OBERTES BATXILLERAT"},"content":{"rendered":"<p><!--EndFragment-->Benvolgudes Fam\u00edlies,<\/p>\n<p>El estudis de batxillerat s\u00f3n una etapa molt important en la formaci\u00f3 acad\u00e8mica i personal per a la majoria de les noies i dels noies que finalitzen l&#8217;ESO. Per aix\u00f3 un convidem el proper:<\/p>\n\n\n<p style=\"text-align:center\">DIMARTS 7 DE MAIG A LES 18:00 HORES<\/p>\n\n\n\n<p>per poder compartir amb tots vosaltres el nostre PROJECTE EDUCATIU.<\/p>\n\n\n\n<p>Fins molt aviat!<\/p>\n","protected":false},"excerpt":{"rendered":"<p>Benvolgudes Fam\u00edlies,<br \/>\nEl estudis de batxillerat s\u00f3n una etapa molt important en la formaci\u00f3 acad\u00e8mica i personal per a la majoria de les noies i dels noies que finalitzen l&#8217;ESO. Per aix\u00f3 un convidem el proper:<\/p>\n<p>DIMARTS 7 DE MAIG A LES 18:00 HORES<\/p>\n<p>per poder compartir amb&hellip;  <a href=\"https:\/\/agora.xtec.cat\/iesnarcismonturiol\/general\/jornada-de-portes-obertes-batxillerat\/\" title=\"Read JORNADA DE PORTES OBERTES BATXILLERAT\">Llegeix m\u00e9s\u00bb<\/a><\/p>\n","protected":false},"author":5,"featured_media":7879,"comment_status":"closed","ping_status":"closed","sticky":false,"template":"","format":"standard","meta":{"_bbp_topic_count":0,"_bbp_reply_count":0,"_bbp_total_topic_count":0,"_bbp_total_reply_count":0,"_bbp_voice_count":0,"_bbp_anonymous_reply_count":0,"_bbp_topic_count_hidden":0,"_bbp_reply_count_hidden":0,"_bbp_forum_subforum_count":0,"footnotes":""},"categories":[1],"tags":[281],"class_list":["post-8047","post","type-post","status-publish","format-standard","has-post-thumbnail","hentry","category-general","tag-portes-obertes"],"post_mailing_queue_ids":[],"_links":{"self":[{"href":"https:\/\/agora.xtec.cat\/iesnarcismonturiol\/wp-json\/wp\/v2\/posts\/8047","targetHints":{"allow":["GET"]}}],"collection":[{"href":"https:\/\/agora.xtec.cat\/iesnarcismonturiol\/wp-json\/wp\/v2\/posts"}],"about":[{"href":"https:\/\/agora.xtec.cat\/iesnarcismonturiol\/wp-json\/wp\/v2\/types\/post"}],"author":[{"embeddable":true,"href":"https:\/\/agora.xtec.cat\/iesnarcismonturiol\/wp-json\/wp\/v2\/users\/5"}],"replies":[{"embeddable":true,"href":"https:\/\/agora.xtec.cat\/iesnarcismonturiol\/wp-json\/wp\/v2\/comments?post=8047"}],"version-history":[{"count":0,"href":"https:\/\/agora.xtec.cat\/iesnarcismonturiol\/wp-json\/wp\/v2\/posts\/8047\/revisions"}],"wp:featuredmedia":[{"embeddable":true,"href":"https:\/\/agora.xtec.cat\/iesnarcismonturiol\/wp-json\/wp\/v2\/media\/7879"}],"wp:attachment":[{"href":"https:\/\/agora.xtec.cat\/iesnarcismonturiol\/wp-json\/wp\/v2\/media?parent=8047"}],"wp:term":[{"taxonomy":"category","embeddable":true,"href":"https:\/\/agora.xtec.cat\/iesnarcismonturiol\/wp-json\/wp\/v2\/categories?post=8047"},{"taxonomy":"post_tag","embeddable":true,"href":"https:\/\/agora.xtec.cat\/iesnarcismonturiol\/wp-json\/wp\/v2\/tags?post=8047"}],"curies":[{"name":"wp","href":"https:\/\/api.w.org\/{rel}","templated":true}]}}