{"id":8037,"date":"2019-04-24T15:38:14","date_gmt":"2019-04-24T15:38:14","guid":{"rendered":"http:\/\/insmonturiol.cat\/50-anys-a-linstitut-narcis-monturiol-ledifici"},"modified":"2019-04-24T15:38:14","modified_gmt":"2019-04-24T15:38:14","slug":"50-anys-a-linstitut-narcis-monturiol-ledifici","status":"publish","type":"post","link":"https:\/\/agora.xtec.cat\/iesnarcismonturiol\/general\/50-anys-a-linstitut-narcis-monturiol-ledifici\/","title":{"rendered":"50 anys a l&#8217;Institut Narc\u00eds Monturiol: L&#8217;edifici"},"content":{"rendered":"\n<p>Com era abans i com \u00e9s ara.<\/p>\n\n\n\n<p>Data de creaci\u00f3 1968. En els or\u00edgens nom\u00e9s comptava amb l&#8217;edifici paral\u00b7lel als jardins de Montbau. Es va concebre com a construcci\u00f3 per a escolaritzar als nens i a les nenes que feien una prova d&#8217;acc\u00e9s als 10 anys.<\/p>\n\n\n\n<p>A l&#8217;any 1971 s&#8217;anomenava Secci\u00f3n Delegada Mixta &#8220;Monbau&#8221; de l&#8217;Institut Men\u00e9nez i Pelayo.<\/p>\n\n\n\n<p>Germ\u00e0 Vidal i Rebull \u00e9s l&#8217;arquitecte que reb l&#8217;enc\u00e0rrec al 1978 de fer la primera modificaci\u00f3, la que est\u00e0 situada davant dels pisos del carrer Harmonia. Hi va haver moltes protestes dels ve\u00efns per la construcci\u00f3 de l&#8217;ampliaci\u00f3. El centre va passar a disposar de 4 laboratoris, gimn\u00e0s, porxos i cuina; a banda de les depend\u00e8ncies per a la secretaria i direcci\u00f3 d&#8217;estudis.<\/p>\n\n\n\n<p>La construcci\u00f3 de la Ronda de Dalt genera un augment molt considerable del soroll a les aules. Aquest fet fa que el centre demani que es realitzin unes obres per tal de reduir l&#8217;impacte. Al setembre de 2006, cau el mur del pati i aix\u00f2 provoca la necessitat de comen\u00e7ar les obres de la darrera modificaci\u00f3. El projecte de l&#8217;arquitecte Ricard Balcells i Comas, aporta al centre lluminositat, funcionalitat i un nou espai: la Sala Ictineu.<\/p>\n\n\n\n<figure class=\"wp-block-image\"><img loading=\"lazy\" decoding=\"async\" width=\"1024\" height=\"691\" src=\"http:\/\/insmonturiol.cat\/wp-content\/uploads\/2019\/04\/01-1024x691.jpg\" alt=\"\" class=\"wp-image-8040\" srcset=\"https:\/\/agora.xtec.cat\/iesnarcismonturiol\/wp-content\/uploads\/usu2521\/2019\/04\/01-1024x691.jpg 1024w, https:\/\/agora.xtec.cat\/iesnarcismonturiol\/wp-content\/uploads\/usu2521\/2019\/04\/01-300x203.jpg 300w, https:\/\/agora.xtec.cat\/iesnarcismonturiol\/wp-content\/uploads\/usu2521\/2019\/04\/01-768x518.jpg 768w, https:\/\/agora.xtec.cat\/iesnarcismonturiol\/wp-content\/uploads\/usu2521\/2019\/04\/01-1536x1037.jpg 1536w, https:\/\/agora.xtec.cat\/iesnarcismonturiol\/wp-content\/uploads\/usu2521\/2019\/04\/01.jpg 1748w\" sizes=\"auto, (max-width: 1024px) 100vw, 1024px\" \/><\/figure>\n\n\n\n<figure class=\"wp-block-image\"><img loading=\"lazy\" decoding=\"async\" width=\"1024\" height=\"683\" src=\"http:\/\/insmonturiol.cat\/wp-content\/uploads\/2019\/04\/07-1-1024x683.jpg\" alt=\"\" class=\"wp-image-8041\" srcset=\"https:\/\/agora.xtec.cat\/iesnarcismonturiol\/wp-content\/uploads\/usu2521\/2019\/04\/07-1-1024x683.jpg 1024w, https:\/\/agora.xtec.cat\/iesnarcismonturiol\/wp-content\/uploads\/usu2521\/2019\/04\/07-1-300x200.jpg 300w, https:\/\/agora.xtec.cat\/iesnarcismonturiol\/wp-content\/uploads\/usu2521\/2019\/04\/07-1-768x512.jpg 768w, https:\/\/agora.xtec.cat\/iesnarcismonturiol\/wp-content\/uploads\/usu2521\/2019\/04\/07-1-1536x1024.jpg 1536w, https:\/\/agora.xtec.cat\/iesnarcismonturiol\/wp-content\/uploads\/usu2521\/2019\/04\/07-1-2048x1365.jpg 2048w\" sizes=\"auto, (max-width: 1024px) 100vw, 1024px\" \/><\/figure>\n","protected":false},"excerpt":{"rendered":"<p>Com era abans i com \u00e9s ara.<\/p>\n<p>Data de creaci\u00f3 1968. En els or\u00edgens nom\u00e9s comptava amb l&#8217;edifici paral\u00b7lel als jardins de Montbau. Es va concebre com a construcci\u00f3 per a escolaritzar als nens i a les nenes que feien una prova d&#8217;acc\u00e9s als 10 anys.<\/p>\n<p>A&hellip;  <a href=\"https:\/\/agora.xtec.cat\/iesnarcismonturiol\/general\/50-anys-a-linstitut-narcis-monturiol-ledifici\/\" title=\"Read 50 anys a l&#8217;Institut Narc\u00eds Monturiol: L&#8217;edifici\">Llegeix m\u00e9s\u00bb<\/a><\/p>\n","protected":false},"author":5,"featured_media":8043,"comment_status":"closed","ping_status":"closed","sticky":false,"template":"","format":"standard","meta":{"_bbp_topic_count":0,"_bbp_reply_count":0,"_bbp_total_topic_count":0,"_bbp_total_reply_count":0,"_bbp_voice_count":0,"_bbp_anonymous_reply_count":0,"_bbp_topic_count_hidden":0,"_bbp_reply_count_hidden":0,"_bbp_forum_subforum_count":0,"footnotes":""},"categories":[119,1],"tags":[],"class_list":["post-8037","post","type-post","status-publish","format-standard","has-post-thumbnail","hentry","category-50-anys-a-linstitut-narcis-monturiol","category-general"],"post_mailing_queue_ids":[],"_links":{"self":[{"href":"https:\/\/agora.xtec.cat\/iesnarcismonturiol\/wp-json\/wp\/v2\/posts\/8037","targetHints":{"allow":["GET"]}}],"collection":[{"href":"https:\/\/agora.xtec.cat\/iesnarcismonturiol\/wp-json\/wp\/v2\/posts"}],"about":[{"href":"https:\/\/agora.xtec.cat\/iesnarcismonturiol\/wp-json\/wp\/v2\/types\/post"}],"author":[{"embeddable":true,"href":"https:\/\/agora.xtec.cat\/iesnarcismonturiol\/wp-json\/wp\/v2\/users\/5"}],"replies":[{"embeddable":true,"href":"https:\/\/agora.xtec.cat\/iesnarcismonturiol\/wp-json\/wp\/v2\/comments?post=8037"}],"version-history":[{"count":0,"href":"https:\/\/agora.xtec.cat\/iesnarcismonturiol\/wp-json\/wp\/v2\/posts\/8037\/revisions"}],"wp:featuredmedia":[{"embeddable":true,"href":"https:\/\/agora.xtec.cat\/iesnarcismonturiol\/wp-json\/wp\/v2\/media\/8043"}],"wp:attachment":[{"href":"https:\/\/agora.xtec.cat\/iesnarcismonturiol\/wp-json\/wp\/v2\/media?parent=8037"}],"wp:term":[{"taxonomy":"category","embeddable":true,"href":"https:\/\/agora.xtec.cat\/iesnarcismonturiol\/wp-json\/wp\/v2\/categories?post=8037"},{"taxonomy":"post_tag","embeddable":true,"href":"https:\/\/agora.xtec.cat\/iesnarcismonturiol\/wp-json\/wp\/v2\/tags?post=8037"}],"curies":[{"name":"wp","href":"https:\/\/api.w.org\/{rel}","templated":true}]}}