{"id":8005,"date":"2019-03-22T08:33:15","date_gmt":"2019-03-22T08:33:15","guid":{"rendered":"http:\/\/insmonturiol.cat\/linstitut-narcis-monturiol-a-les-proves-cangur"},"modified":"2019-03-22T08:33:15","modified_gmt":"2019-03-22T08:33:15","slug":"linstitut-narcis-monturiol-a-les-proves-cangur-2","status":"publish","type":"post","link":"https:\/\/agora.xtec.cat\/iesnarcismonturiol\/general\/linstitut-narcis-monturiol-a-les-proves-cangur-2\/","title":{"rendered":"L&#8217;Institut Narc\u00eds Monturiol a les Proves Cangur"},"content":{"rendered":"\n<p>Avui dia 21 de mar\u00e7 el Departament de Matem\u00e0tiques ha involucrat a tot l\u2019institut per participar a l\u2019edici\u00f3 n\u00famero XXIV de les Proves Cangur. Aquest concurs matem\u00e0tic, que se cel\u00b7lebra en m\u00e9s de 30 pa\u00efsos,&nbsp; \u00e9s un repte per a les ments dels nostres alumnes, ja que l\u2019estil de les preguntes \u00e9s diferent al que normalment ens trobem en les aules: cal m\u00e9s sentit com\u00fa i l\u00f2gica que no pas capacitat de c\u00e0lcul.<\/p>\n\n\n\n<p>Els grups de 1r, 2n i 3r d\u2019ESO han fet la prova al mateix institut, i ha participat tot l\u2019alumnat. Els companys de 4t d\u2019ESO i batxillerat s\u2019hi han inscrit volunt\u00e0riament, amb for\u00e7a participaci\u00f3, i ens hem despla\u00e7at per realitzar la prova al Campus Ciutadella de la Universitat Pompeu Fabra.<\/p>\n\n\n\n<p>Tenim l\u2019esperan\u00e7a que enguany els nostres estudiants obtinguin una puntuaci\u00f3 tan exitosa com l\u2019any passat, on alguns d\u2019ells van aconseguir posicionar-se molt b\u00e9 en la classificaci\u00f3 a Catalunya.<\/p>\n\n\n\n<p>Despr\u00e9s de Setmana Santa coneixerem els resultats.<\/p>\n\n\n\n<p>Israel Orga, professor de Matem\u00e0tiques.<\/p>\n\n\n\n<figure class=\"wp-block-image\"><img loading=\"lazy\" decoding=\"async\" width=\"1024\" height=\"576\" src=\"http:\/\/insmonturiol.cat\/wp-content\/uploads\/2019\/04\/536b3ec1-fc6e-4238-ba59-788da627c6bf-1024x576.jpg\" alt=\"\" class=\"wp-image-8018\" srcset=\"https:\/\/agora.xtec.cat\/iesnarcismonturiol\/wp-content\/uploads\/usu2521\/2019\/04\/536b3ec1-fc6e-4238-ba59-788da627c6bf-1024x576.jpg 1024w, https:\/\/agora.xtec.cat\/iesnarcismonturiol\/wp-content\/uploads\/usu2521\/2019\/04\/536b3ec1-fc6e-4238-ba59-788da627c6bf-300x169.jpg 300w, https:\/\/agora.xtec.cat\/iesnarcismonturiol\/wp-content\/uploads\/usu2521\/2019\/04\/536b3ec1-fc6e-4238-ba59-788da627c6bf-768x432.jpg 768w, https:\/\/agora.xtec.cat\/iesnarcismonturiol\/wp-content\/uploads\/usu2521\/2019\/04\/536b3ec1-fc6e-4238-ba59-788da627c6bf-1536x864.jpg 1536w, https:\/\/agora.xtec.cat\/iesnarcismonturiol\/wp-content\/uploads\/usu2521\/2019\/04\/536b3ec1-fc6e-4238-ba59-788da627c6bf.jpg 1600w\" sizes=\"auto, (max-width: 1024px) 100vw, 1024px\" \/><\/figure>\n","protected":false},"excerpt":{"rendered":"<p>Avui dia 21 de mar\u00e7 el Departament de Matem\u00e0tiques ha involucrat a tot l\u2019institut per participar a l\u2019edici\u00f3 n\u00famero XXIV de les Proves Cangur. Aquest concurs matem\u00e0tic, que se cel\u00b7lebra en m\u00e9s de 30 pa\u00efsos,&nbsp; \u00e9s un repte per a les ments dels nostres alumnes,&hellip;  <a href=\"https:\/\/agora.xtec.cat\/iesnarcismonturiol\/general\/linstitut-narcis-monturiol-a-les-proves-cangur-2\/\" title=\"Read L&#8217;Institut Narc\u00eds Monturiol a les Proves Cangur\">Llegeix m\u00e9s\u00bb<\/a><\/p>\n","protected":false},"author":5,"featured_media":8017,"comment_status":"closed","ping_status":"closed","sticky":false,"template":"","format":"standard","meta":{"_bbp_topic_count":0,"_bbp_reply_count":0,"_bbp_total_topic_count":0,"_bbp_total_reply_count":0,"_bbp_voice_count":0,"_bbp_anonymous_reply_count":0,"_bbp_topic_count_hidden":0,"_bbp_reply_count_hidden":0,"_bbp_forum_subforum_count":0,"footnotes":""},"categories":[119,1,131],"tags":[143,41,287],"class_list":["post-8005","post","type-post","status-publish","format-standard","has-post-thumbnail","hentry","category-50-anys-a-linstitut-narcis-monturiol","category-general","category-matematiques-economia","tag-50-anys","tag-matematiques","tag-proves-cangur"],"post_mailing_queue_ids":[],"_links":{"self":[{"href":"https:\/\/agora.xtec.cat\/iesnarcismonturiol\/wp-json\/wp\/v2\/posts\/8005","targetHints":{"allow":["GET"]}}],"collection":[{"href":"https:\/\/agora.xtec.cat\/iesnarcismonturiol\/wp-json\/wp\/v2\/posts"}],"about":[{"href":"https:\/\/agora.xtec.cat\/iesnarcismonturiol\/wp-json\/wp\/v2\/types\/post"}],"author":[{"embeddable":true,"href":"https:\/\/agora.xtec.cat\/iesnarcismonturiol\/wp-json\/wp\/v2\/users\/5"}],"replies":[{"embeddable":true,"href":"https:\/\/agora.xtec.cat\/iesnarcismonturiol\/wp-json\/wp\/v2\/comments?post=8005"}],"version-history":[{"count":0,"href":"https:\/\/agora.xtec.cat\/iesnarcismonturiol\/wp-json\/wp\/v2\/posts\/8005\/revisions"}],"wp:featuredmedia":[{"embeddable":true,"href":"https:\/\/agora.xtec.cat\/iesnarcismonturiol\/wp-json\/wp\/v2\/media\/8017"}],"wp:attachment":[{"href":"https:\/\/agora.xtec.cat\/iesnarcismonturiol\/wp-json\/wp\/v2\/media?parent=8005"}],"wp:term":[{"taxonomy":"category","embeddable":true,"href":"https:\/\/agora.xtec.cat\/iesnarcismonturiol\/wp-json\/wp\/v2\/categories?post=8005"},{"taxonomy":"post_tag","embeddable":true,"href":"https:\/\/agora.xtec.cat\/iesnarcismonturiol\/wp-json\/wp\/v2\/tags?post=8005"}],"curies":[{"name":"wp","href":"https:\/\/api.w.org\/{rel}","templated":true}]}}