{"id":7960,"date":"2019-02-18T08:26:33","date_gmt":"2019-02-18T08:26:33","guid":{"rendered":"http:\/\/insmonturiol.cat\/remise-des-diplomes-du-delf-scolaire-2019"},"modified":"2019-02-18T08:26:33","modified_gmt":"2019-02-18T08:26:33","slug":"remise-des-diplomes-du-delf-scolaire-2019","status":"publish","type":"post","link":"https:\/\/agora.xtec.cat\/iesnarcismonturiol\/general\/remise-des-diplomes-du-delf-scolaire-2019\/","title":{"rendered":"REMISE DES DIPL\u00d4MES DU DELF SCOLAIRE 2019"},"content":{"rendered":"\n<h1 class=\"wp-block-heading\"><em>Acte de lliurament dels diplomes DELF SCOLAIRE 2018<\/em><\/h1>\n\n\n\n<p>L\u2019INSMONTURIOL a \u00e9t\u00e9 \u00e0 nouveau pr\u00e9sent \u00e0 la c\u00e9r\u00e9monie de <em>Remise<\/em> des <em>dipl\u00f4mes\u00a0<\/em>du <em>DELF SCOLAIRE 2018 qui\u00a0 <\/em>a eu lieu le mercredi, 13 f\u00e9vrier 2019 dans L\u2019IFB ( l\u2019Institut Fran\u00e7ais de Barcelone).\u00a0 Cette r\u00e9ception, a \u00e9t\u00e9 l&#8217;occasion de r\u00e9compenser les \u00e9l\u00e8ves des \u00e9tablissements scolaires de Barcelone qui ont voulu participeret qui ont obtenu de tr\u00e8s bons\u00a0 r\u00e9sultats aux \u00e9preuves du <em>DELF scolaire<\/em> (<em>Dipl\u00f4me<\/em> d&#8217;Etudes en langue fran\u00e7aise). <\/p>\n\n\n\n<figure class=\"wp-block-image\"><img loading=\"lazy\" decoding=\"async\" width=\"960\" height=\"720\" src=\"http:\/\/insmonturiol.cat\/wp-content\/uploads\/2019\/02\/1.jpg\" alt=\"\" class=\"wp-image-7961\" srcset=\"https:\/\/agora.xtec.cat\/iesnarcismonturiol\/wp-content\/uploads\/usu2521\/2019\/02\/1.jpg 960w, https:\/\/agora.xtec.cat\/iesnarcismonturiol\/wp-content\/uploads\/usu2521\/2019\/02\/1-300x225.jpg 300w, https:\/\/agora.xtec.cat\/iesnarcismonturiol\/wp-content\/uploads\/usu2521\/2019\/02\/1-768x576.jpg 768w, https:\/\/agora.xtec.cat\/iesnarcismonturiol\/wp-content\/uploads\/usu2521\/2019\/02\/1-200x150.jpg 200w\" sizes=\"auto, (max-width: 960px) 100vw, 960px\" \/><\/figure>\n\n\n\n<figure class=\"wp-block-image\"><img loading=\"lazy\" decoding=\"async\" width=\"960\" height=\"720\" src=\"http:\/\/insmonturiol.cat\/wp-content\/uploads\/2019\/02\/2.jpg\" alt=\"\" class=\"wp-image-7962\" srcset=\"https:\/\/agora.xtec.cat\/iesnarcismonturiol\/wp-content\/uploads\/usu2521\/2019\/02\/2.jpg 960w, https:\/\/agora.xtec.cat\/iesnarcismonturiol\/wp-content\/uploads\/usu2521\/2019\/02\/2-300x225.jpg 300w, https:\/\/agora.xtec.cat\/iesnarcismonturiol\/wp-content\/uploads\/usu2521\/2019\/02\/2-768x576.jpg 768w, https:\/\/agora.xtec.cat\/iesnarcismonturiol\/wp-content\/uploads\/usu2521\/2019\/02\/2-200x150.jpg 200w\" sizes=\"auto, (max-width: 960px) 100vw, 960px\" \/><\/figure>\n\n\n\n<p>Le DELF et le DALF sont les dipl\u00f4mes officiels d\u00e9livr\u00e9s par le Minist\u00e8re Fran\u00e7ais de l&#8217;\u00c9ducation Nationale, pour certifier les comp\u00e9tences en fran\u00e7ais langue \u00e9trang\u00e8re des candidats divers. <\/p>\n\n\n\n<p>Et dans ce cas, c\u2019\u00e9tait le tour des \u00e9l\u00e8ves qui \u00e9tudient dans des \u00e9tablissements de Barcelone ont pu obtenir leur dipl\u00f4me official. F\u00e9licitations \u00e0 eux !<\/p>\n\n\n\n<figure class=\"wp-block-image\"><img loading=\"lazy\" decoding=\"async\" width=\"960\" height=\"720\" src=\"http:\/\/insmonturiol.cat\/wp-content\/uploads\/2019\/02\/6.jpg\" alt=\"\" class=\"wp-image-7964\" srcset=\"https:\/\/agora.xtec.cat\/iesnarcismonturiol\/wp-content\/uploads\/usu2521\/2019\/02\/6.jpg 960w, https:\/\/agora.xtec.cat\/iesnarcismonturiol\/wp-content\/uploads\/usu2521\/2019\/02\/6-300x225.jpg 300w, https:\/\/agora.xtec.cat\/iesnarcismonturiol\/wp-content\/uploads\/usu2521\/2019\/02\/6-768x576.jpg 768w, https:\/\/agora.xtec.cat\/iesnarcismonturiol\/wp-content\/uploads\/usu2521\/2019\/02\/6-200x150.jpg 200w\" sizes=\"auto, (max-width: 960px) 100vw, 960px\" \/><\/figure>\n\n\n\n<p>Biensur, \u00a0on a pu compter avec la pr\u00e9sence d\u2019autres \u00e9tablissements participants mais notamment on a eu un accueil tr\u00e8s chaleureux de la part de Madame la directrice de l\u2019IFB, <strong>Pascalede Schuyter Hualpa<\/strong> et d\u2019 <strong>Herv\u00e9 Sala\u00fcn<\/strong>, Directeur de cours \u00e0 l\u2019Institut Franc\u00e8s de Barcelona. <\/p>\n\n\n\n<p>Pour finir la soir\u00e9e les \u00e9l\u00e8ves du Jaume Balmes sont mont\u00e9s en sc\u00e8ne pour repr\u00e9senter une petite pi\u00e8ce de th\u00e9\u00e2tre.<\/p>\n\n\n\n<p>Laia Molina, professora de franc\u00e8s<\/p>\n","protected":false},"excerpt":{"rendered":"<p>Acte de lliurament dels diplomes DELF SCOLAIRE 2018<\/p>\n<p>L\u2019INSMONTURIOL a \u00e9t\u00e9 \u00e0 nouveau pr\u00e9sent \u00e0 la c\u00e9r\u00e9monie de Remise des dipl\u00f4mes\u00a0du DELF SCOLAIRE 2018 qui\u00a0 a eu lieu le mercredi, 13 f\u00e9vrier 2019 dans L\u2019IFB ( l\u2019Institut Fran\u00e7ais de Barcelone).\u00a0 Cette r\u00e9ception, a \u00e9t\u00e9 l&#8217;occasion de&hellip;  <a href=\"https:\/\/agora.xtec.cat\/iesnarcismonturiol\/general\/remise-des-diplomes-du-delf-scolaire-2019\/\" title=\"Read REMISE DES DIPL\u00d4MES DU DELF SCOLAIRE 2019\">Llegeix m\u00e9s\u00bb<\/a><\/p>\n","protected":false},"author":5,"featured_media":7961,"comment_status":"closed","ping_status":"closed","sticky":false,"template":"","format":"standard","meta":{"_bbp_topic_count":0,"_bbp_reply_count":0,"_bbp_total_topic_count":0,"_bbp_total_reply_count":0,"_bbp_voice_count":0,"_bbp_anonymous_reply_count":0,"_bbp_topic_count_hidden":0,"_bbp_reply_count_hidden":0,"_bbp_forum_subforum_count":0,"footnotes":""},"categories":[119,1,130],"tags":[143,193,225],"class_list":["post-7960","post","type-post","status-publish","format-standard","has-post-thumbnail","hentry","category-50-anys-a-linstitut-narcis-monturiol","category-general","category-llegues-estrangeres","tag-50-anys","tag-delf","tag-frances"],"post_mailing_queue_ids":[],"_links":{"self":[{"href":"https:\/\/agora.xtec.cat\/iesnarcismonturiol\/wp-json\/wp\/v2\/posts\/7960","targetHints":{"allow":["GET"]}}],"collection":[{"href":"https:\/\/agora.xtec.cat\/iesnarcismonturiol\/wp-json\/wp\/v2\/posts"}],"about":[{"href":"https:\/\/agora.xtec.cat\/iesnarcismonturiol\/wp-json\/wp\/v2\/types\/post"}],"author":[{"embeddable":true,"href":"https:\/\/agora.xtec.cat\/iesnarcismonturiol\/wp-json\/wp\/v2\/users\/5"}],"replies":[{"embeddable":true,"href":"https:\/\/agora.xtec.cat\/iesnarcismonturiol\/wp-json\/wp\/v2\/comments?post=7960"}],"version-history":[{"count":0,"href":"https:\/\/agora.xtec.cat\/iesnarcismonturiol\/wp-json\/wp\/v2\/posts\/7960\/revisions"}],"wp:featuredmedia":[{"embeddable":true,"href":"https:\/\/agora.xtec.cat\/iesnarcismonturiol\/wp-json\/wp\/v2\/media\/7961"}],"wp:attachment":[{"href":"https:\/\/agora.xtec.cat\/iesnarcismonturiol\/wp-json\/wp\/v2\/media?parent=7960"}],"wp:term":[{"taxonomy":"category","embeddable":true,"href":"https:\/\/agora.xtec.cat\/iesnarcismonturiol\/wp-json\/wp\/v2\/categories?post=7960"},{"taxonomy":"post_tag","embeddable":true,"href":"https:\/\/agora.xtec.cat\/iesnarcismonturiol\/wp-json\/wp\/v2\/tags?post=7960"}],"curies":[{"name":"wp","href":"https:\/\/api.w.org\/{rel}","templated":true}]}}