{"id":7940,"date":"2019-02-05T15:47:32","date_gmt":"2019-02-05T15:47:32","guid":{"rendered":"http:\/\/insmonturiol.cat\/jornada-de-portes-obertes"},"modified":"2019-02-05T15:47:32","modified_gmt":"2019-02-05T15:47:32","slug":"jornada-de-portes-obertes","status":"publish","type":"post","link":"https:\/\/agora.xtec.cat\/iesnarcismonturiol\/general\/jornada-de-portes-obertes\/","title":{"rendered":"JORNADA DE PORTES OBERTES"},"content":{"rendered":"\n<p>Benvolgudes fam\u00edlies ens agradar\u00e0 poder trobar-vos el proper <\/p>\n\n\n\n<p>DISSABTE 16 DE MAR\u00c7 A LES 11:00 HORES<\/p>\n\n\n\n<p>per poder compartir amb tots vosaltres el nostre PROJECTE.<\/p>\n\n\n\n<p>La jornada de dissabte 16 de mar\u00e7 \u00e9s per al estudis d&#8217;ESO i BATXILLERAT, m\u00e9s endavant, <\/p>\n\n\n\n<p>el 7 de Maig farem una nova jornada espec\u00edfica per als estudis de Batxillerat.<\/p>\n\n\n\n<p>Fins molt aviat!<\/p>\n","protected":false},"excerpt":{"rendered":"<p>Benvolgudes fam\u00edlies ens agradar\u00e0 poder trobar-vos el proper <\/p>\n<p>DISSABTE 16 DE MAR\u00c7 A LES 11:00 HORES<\/p>\n<p>per poder compartir amb tots vosaltres el nostre PROJECTE.<\/p>\n<p>La jornada de dissabte 16 de mar\u00e7 \u00e9s per al estudis d&#8217;ESO i BATXILLERAT, m\u00e9s endavant, <\/p>\n<p>el 7 de Maig farem una&hellip;  <a href=\"https:\/\/agora.xtec.cat\/iesnarcismonturiol\/general\/jornada-de-portes-obertes\/\" title=\"Read JORNADA DE PORTES OBERTES\">Llegeix m\u00e9s\u00bb<\/a><\/p>\n","protected":false},"author":5,"featured_media":4958,"comment_status":"closed","ping_status":"closed","sticky":false,"template":"","format":"standard","meta":{"_bbp_topic_count":0,"_bbp_reply_count":0,"_bbp_total_topic_count":0,"_bbp_total_reply_count":0,"_bbp_voice_count":0,"_bbp_anonymous_reply_count":0,"_bbp_topic_count_hidden":0,"_bbp_reply_count_hidden":0,"_bbp_forum_subforum_count":0,"footnotes":""},"categories":[1],"tags":[281],"class_list":["post-7940","post","type-post","status-publish","format-standard","has-post-thumbnail","hentry","category-general","tag-portes-obertes"],"post_mailing_queue_ids":[],"_links":{"self":[{"href":"https:\/\/agora.xtec.cat\/iesnarcismonturiol\/wp-json\/wp\/v2\/posts\/7940","targetHints":{"allow":["GET"]}}],"collection":[{"href":"https:\/\/agora.xtec.cat\/iesnarcismonturiol\/wp-json\/wp\/v2\/posts"}],"about":[{"href":"https:\/\/agora.xtec.cat\/iesnarcismonturiol\/wp-json\/wp\/v2\/types\/post"}],"author":[{"embeddable":true,"href":"https:\/\/agora.xtec.cat\/iesnarcismonturiol\/wp-json\/wp\/v2\/users\/5"}],"replies":[{"embeddable":true,"href":"https:\/\/agora.xtec.cat\/iesnarcismonturiol\/wp-json\/wp\/v2\/comments?post=7940"}],"version-history":[{"count":0,"href":"https:\/\/agora.xtec.cat\/iesnarcismonturiol\/wp-json\/wp\/v2\/posts\/7940\/revisions"}],"wp:featuredmedia":[{"embeddable":true,"href":"https:\/\/agora.xtec.cat\/iesnarcismonturiol\/wp-json\/wp\/v2\/media\/4958"}],"wp:attachment":[{"href":"https:\/\/agora.xtec.cat\/iesnarcismonturiol\/wp-json\/wp\/v2\/media?parent=7940"}],"wp:term":[{"taxonomy":"category","embeddable":true,"href":"https:\/\/agora.xtec.cat\/iesnarcismonturiol\/wp-json\/wp\/v2\/categories?post=7940"},{"taxonomy":"post_tag","embeddable":true,"href":"https:\/\/agora.xtec.cat\/iesnarcismonturiol\/wp-json\/wp\/v2\/tags?post=7940"}],"curies":[{"name":"wp","href":"https:\/\/api.w.org\/{rel}","templated":true}]}}