{"id":7912,"date":"2019-02-04T18:33:22","date_gmt":"2019-02-04T18:33:22","guid":{"rendered":"http:\/\/insmonturiol.cat\/soc-diputatsoc-diputada-3r-deso-al-parlament-de-catalunya"},"modified":"2019-02-04T18:33:22","modified_gmt":"2019-02-04T18:33:22","slug":"soc-diputatsoc-diputada-3r-deso-al-parlament-de-catalunya","status":"publish","type":"post","link":"https:\/\/agora.xtec.cat\/iesnarcismonturiol\/general\/soc-diputatsoc-diputada-3r-deso-al-parlament-de-catalunya\/","title":{"rendered":"Soc Diputat\/Soc Diputada, 3r d&#8217;ESO al Parlament de Catalunya"},"content":{"rendered":"\n<p>&#8220;El divendres 1 de febrer l&#8217;alumnat de 3ESOB va fer una visita \/ taller al Parlament de Catalunya. L&#8217;activitat que porta per nom &#8220;S\u00f3c Diputat \/ S\u00f3c Diputada&#8221; consisteix en un joc de rol en qu\u00e8 l&#8217;alumnat es posa a la pell de les diputades i diputats del Parlament de Catalunya. Dividits en quatre grups parlamentaris (Llibertat, Comprom\u00eds, Ecologia i Tradici\u00f3), els alumnes van haver d&#8217;escollir, a classe, el\/la seu\/va portaveu i desenvolupar el programa electoral que, en la sessi\u00f3 al Parlament, van haver de defensar. El debat va ser intens i animat amb algunes repliques i contrar\u00e8pliques interessants per part dels presents. En acabar, cada grup parlamentari va presentar el seu&nbsp;<em>candidat<\/em>&nbsp;a President\/a de la Generalitat de Catalunya. Donat que cap grup parlamentari tenia la majoria de la cambra, es va dur a terme una coalici\u00f3 de tres grups (Comprom\u00eds, Ecologia i Tradici\u00f3) que va deixar el grup Llibertat a l&#8217;oposici\u00f3. La candidata conjunta de les tres formacions va ser l&#8217;alumna Mireia Reyes (de Comprom\u00eds). Es va constituir la mesa del Parlament i es va procedir a la votaci\u00f3, per crida, de la candidatura de la Mireia Reyes; un cop escoltat el discurs d&#8217;investidura de la candidata, la qual va recollir en el seu programa les idees dels tres grups. El resultat final de la votaci\u00f3 va posar de relleu l&#8217;acord parlamentari i la Mireia fou proclamada&nbsp;<em>Presidenta de la Generalitat de Catalunya<\/em>.&#8221;<br>Xavier Cabr\u00e9, professor de Ci\u00e8ncies Socials<\/p>\n\n\n\n<ul class=\"wp-block-gallery columns-3 is-cropped wp-block-gallery-1 is-layout-flex wp-block-gallery-is-layout-flex\"><li class=\"blocks-gallery-item\"><figure><img loading=\"lazy\" decoding=\"async\" width=\"1024\" height=\"683\" src=\"http:\/\/insmonturiol.cat\/wp-content\/uploads\/2019\/02\/DSC_0278-1-1024x683.jpg\" alt=\"\" data-id=\"7957\" data-link=\"http:\/\/insmonturiol.cat\/?attachment_id=7957\" class=\"wp-image-7957\" srcset=\"https:\/\/agora.xtec.cat\/iesnarcismonturiol\/wp-content\/uploads\/usu2521\/2019\/02\/DSC_0278-1-1024x683.jpg 1024w, https:\/\/agora.xtec.cat\/iesnarcismonturiol\/wp-content\/uploads\/usu2521\/2019\/02\/DSC_0278-1-300x200.jpg 300w, https:\/\/agora.xtec.cat\/iesnarcismonturiol\/wp-content\/uploads\/usu2521\/2019\/02\/DSC_0278-1-768x512.jpg 768w, https:\/\/agora.xtec.cat\/iesnarcismonturiol\/wp-content\/uploads\/usu2521\/2019\/02\/DSC_0278-1-1536x1024.jpg 1536w, https:\/\/agora.xtec.cat\/iesnarcismonturiol\/wp-content\/uploads\/usu2521\/2019\/02\/DSC_0278-1-2048x1365.jpg 2048w\" sizes=\"auto, (max-width: 1024px) 100vw, 1024px\" \/><\/figure><\/li><li class=\"blocks-gallery-item\"><figure><img loading=\"lazy\" decoding=\"async\" width=\"1024\" height=\"683\" src=\"http:\/\/insmonturiol.cat\/wp-content\/uploads\/2019\/02\/DSC_0277-1-1024x683.jpg\" alt=\"\" data-id=\"7956\" data-link=\"http:\/\/insmonturiol.cat\/?attachment_id=7956\" class=\"wp-image-7956\" srcset=\"https:\/\/agora.xtec.cat\/iesnarcismonturiol\/wp-content\/uploads\/usu2521\/2019\/02\/DSC_0277-1-1024x683.jpg 1024w, https:\/\/agora.xtec.cat\/iesnarcismonturiol\/wp-content\/uploads\/usu2521\/2019\/02\/DSC_0277-1-300x200.jpg 300w, https:\/\/agora.xtec.cat\/iesnarcismonturiol\/wp-content\/uploads\/usu2521\/2019\/02\/DSC_0277-1-768x512.jpg 768w, https:\/\/agora.xtec.cat\/iesnarcismonturiol\/wp-content\/uploads\/usu2521\/2019\/02\/DSC_0277-1-1536x1024.jpg 1536w, https:\/\/agora.xtec.cat\/iesnarcismonturiol\/wp-content\/uploads\/usu2521\/2019\/02\/DSC_0277-1-2048x1365.jpg 2048w\" sizes=\"auto, (max-width: 1024px) 100vw, 1024px\" \/><\/figure><\/li><li class=\"blocks-gallery-item\"><figure><img loading=\"lazy\" decoding=\"async\" width=\"1024\" height=\"683\" src=\"http:\/\/insmonturiol.cat\/wp-content\/uploads\/2019\/02\/DSC_0270-1-1024x683.jpg\" alt=\"\" data-id=\"7953\" data-link=\"http:\/\/insmonturiol.cat\/?attachment_id=7953\" class=\"wp-image-7953\" srcset=\"https:\/\/agora.xtec.cat\/iesnarcismonturiol\/wp-content\/uploads\/usu2521\/2019\/02\/DSC_0270-1-1024x683.jpg 1024w, https:\/\/agora.xtec.cat\/iesnarcismonturiol\/wp-content\/uploads\/usu2521\/2019\/02\/DSC_0270-1-300x200.jpg 300w, https:\/\/agora.xtec.cat\/iesnarcismonturiol\/wp-content\/uploads\/usu2521\/2019\/02\/DSC_0270-1-768x512.jpg 768w, https:\/\/agora.xtec.cat\/iesnarcismonturiol\/wp-content\/uploads\/usu2521\/2019\/02\/DSC_0270-1-1536x1024.jpg 1536w, https:\/\/agora.xtec.cat\/iesnarcismonturiol\/wp-content\/uploads\/usu2521\/2019\/02\/DSC_0270-1-2048x1365.jpg 2048w\" sizes=\"auto, (max-width: 1024px) 100vw, 1024px\" \/><\/figure><\/li><li class=\"blocks-gallery-item\"><figure><img loading=\"lazy\" decoding=\"async\" width=\"683\" height=\"1024\" src=\"http:\/\/insmonturiol.cat\/wp-content\/uploads\/2019\/02\/DSC_0264-e1549873672268-683x1024.jpg\" alt=\"\" data-id=\"7950\" data-link=\"http:\/\/insmonturiol.cat\/?attachment_id=7950\" class=\"wp-image-7950\" srcset=\"https:\/\/agora.xtec.cat\/iesnarcismonturiol\/wp-content\/uploads\/usu2521\/2019\/02\/DSC_0264-e1549873672268-683x1024.jpg 683w, https:\/\/agora.xtec.cat\/iesnarcismonturiol\/wp-content\/uploads\/usu2521\/2019\/02\/DSC_0264-e1549873672268-200x300.jpg 200w, https:\/\/agora.xtec.cat\/iesnarcismonturiol\/wp-content\/uploads\/usu2521\/2019\/02\/DSC_0264-e1549873672268-768x1152.jpg 768w, https:\/\/agora.xtec.cat\/iesnarcismonturiol\/wp-content\/uploads\/usu2521\/2019\/02\/DSC_0264-e1549873672268-1024x1536.jpg 1024w, https:\/\/agora.xtec.cat\/iesnarcismonturiol\/wp-content\/uploads\/usu2521\/2019\/02\/DSC_0264-e1549873672268-1365x2048.jpg 1365w, https:\/\/agora.xtec.cat\/iesnarcismonturiol\/wp-content\/uploads\/usu2521\/2019\/02\/DSC_0264-e1549873672268-scaled.jpg 1707w\" sizes=\"auto, (max-width: 683px) 100vw, 683px\" \/><\/figure><\/li><li class=\"blocks-gallery-item\"><figure><img loading=\"lazy\" decoding=\"async\" width=\"683\" height=\"1024\" src=\"http:\/\/insmonturiol.cat\/wp-content\/uploads\/2019\/02\/DSC_0262-e1549873577950-683x1024.jpg\" alt=\"\" data-id=\"7949\" data-link=\"http:\/\/insmonturiol.cat\/?attachment_id=7949\" class=\"wp-image-7949\" srcset=\"https:\/\/agora.xtec.cat\/iesnarcismonturiol\/wp-content\/uploads\/usu2521\/2019\/02\/DSC_0262-e1549873577950-683x1024.jpg 683w, https:\/\/agora.xtec.cat\/iesnarcismonturiol\/wp-content\/uploads\/usu2521\/2019\/02\/DSC_0262-e1549873577950-200x300.jpg 200w, https:\/\/agora.xtec.cat\/iesnarcismonturiol\/wp-content\/uploads\/usu2521\/2019\/02\/DSC_0262-e1549873577950-768x1152.jpg 768w, https:\/\/agora.xtec.cat\/iesnarcismonturiol\/wp-content\/uploads\/usu2521\/2019\/02\/DSC_0262-e1549873577950-1024x1536.jpg 1024w, https:\/\/agora.xtec.cat\/iesnarcismonturiol\/wp-content\/uploads\/usu2521\/2019\/02\/DSC_0262-e1549873577950-1365x2048.jpg 1365w, https:\/\/agora.xtec.cat\/iesnarcismonturiol\/wp-content\/uploads\/usu2521\/2019\/02\/DSC_0262-e1549873577950-scaled.jpg 1707w\" sizes=\"auto, (max-width: 683px) 100vw, 683px\" \/><\/figure><\/li><li class=\"blocks-gallery-item\"><figure><img loading=\"lazy\" decoding=\"async\" width=\"683\" height=\"1024\" src=\"http:\/\/insmonturiol.cat\/wp-content\/uploads\/2019\/02\/DSC_0269-e1549873317516-683x1024.jpg\" alt=\"\" data-id=\"7948\" data-link=\"http:\/\/insmonturiol.cat\/?attachment_id=7948\" class=\"wp-image-7948\" srcset=\"https:\/\/agora.xtec.cat\/iesnarcismonturiol\/wp-content\/uploads\/usu2521\/2019\/02\/DSC_0269-e1549873317516-683x1024.jpg 683w, https:\/\/agora.xtec.cat\/iesnarcismonturiol\/wp-content\/uploads\/usu2521\/2019\/02\/DSC_0269-e1549873317516-200x300.jpg 200w, https:\/\/agora.xtec.cat\/iesnarcismonturiol\/wp-content\/uploads\/usu2521\/2019\/02\/DSC_0269-e1549873317516-768x1152.jpg 768w, https:\/\/agora.xtec.cat\/iesnarcismonturiol\/wp-content\/uploads\/usu2521\/2019\/02\/DSC_0269-e1549873317516-1024x1536.jpg 1024w, https:\/\/agora.xtec.cat\/iesnarcismonturiol\/wp-content\/uploads\/usu2521\/2019\/02\/DSC_0269-e1549873317516-1365x2048.jpg 1365w, https:\/\/agora.xtec.cat\/iesnarcismonturiol\/wp-content\/uploads\/usu2521\/2019\/02\/DSC_0269-e1549873317516-scaled.jpg 1707w\" sizes=\"auto, (max-width: 683px) 100vw, 683px\" \/><\/figure><\/li><li class=\"blocks-gallery-item\"><figure><img loading=\"lazy\" decoding=\"async\" width=\"1024\" height=\"683\" src=\"http:\/\/insmonturiol.cat\/wp-content\/uploads\/2019\/02\/DSC_0275-1024x683.jpg\" alt=\"\" data-id=\"7944\" data-link=\"http:\/\/insmonturiol.cat\/?attachment_id=7944\" class=\"wp-image-7944\" srcset=\"https:\/\/agora.xtec.cat\/iesnarcismonturiol\/wp-content\/uploads\/usu2521\/2019\/02\/DSC_0275-1024x683.jpg 1024w, https:\/\/agora.xtec.cat\/iesnarcismonturiol\/wp-content\/uploads\/usu2521\/2019\/02\/DSC_0275-300x200.jpg 300w, https:\/\/agora.xtec.cat\/iesnarcismonturiol\/wp-content\/uploads\/usu2521\/2019\/02\/DSC_0275-768x512.jpg 768w, https:\/\/agora.xtec.cat\/iesnarcismonturiol\/wp-content\/uploads\/usu2521\/2019\/02\/DSC_0275-1536x1024.jpg 1536w, https:\/\/agora.xtec.cat\/iesnarcismonturiol\/wp-content\/uploads\/usu2521\/2019\/02\/DSC_0275-2048x1365.jpg 2048w\" sizes=\"auto, (max-width: 1024px) 100vw, 1024px\" \/><\/figure><\/li><\/ul>\n\n\n","protected":false},"excerpt":{"rendered":"<p>&#8220;El divendres 1 de febrer l&#8217;alumnat de 3ESOB va fer una visita \/ taller al Parlament de Catalunya. L&#8217;activitat que porta per nom &#8220;S\u00f3c Diputat \/ S\u00f3c Diputada&#8221; consisteix en un joc de rol en qu\u00e8 l&#8217;alumnat es posa a la pell de les diputades&hellip;  <a href=\"https:\/\/agora.xtec.cat\/iesnarcismonturiol\/general\/soc-diputatsoc-diputada-3r-deso-al-parlament-de-catalunya\/\" title=\"Read Soc Diputat\/Soc Diputada, 3r d&#8217;ESO al Parlament de Catalunya\">Llegeix m\u00e9s\u00bb<\/a><\/p>\n","protected":false},"author":5,"featured_media":7944,"comment_status":"closed","ping_status":"closed","sticky":false,"template":"","format":"standard","meta":{"_bbp_topic_count":0,"_bbp_reply_count":0,"_bbp_total_topic_count":0,"_bbp_total_reply_count":0,"_bbp_voice_count":0,"_bbp_anonymous_reply_count":0,"_bbp_topic_count_hidden":0,"_bbp_reply_count_hidden":0,"_bbp_forum_subforum_count":0,"footnotes":""},"categories":[1],"tags":[177,231,286],"class_list":["post-7912","post","type-post","status-publish","format-standard","has-post-thumbnail","hentry","category-general","tag-ciencies-socials","tag-historia","tag-projectes"],"post_mailing_queue_ids":[],"_links":{"self":[{"href":"https:\/\/agora.xtec.cat\/iesnarcismonturiol\/wp-json\/wp\/v2\/posts\/7912","targetHints":{"allow":["GET"]}}],"collection":[{"href":"https:\/\/agora.xtec.cat\/iesnarcismonturiol\/wp-json\/wp\/v2\/posts"}],"about":[{"href":"https:\/\/agora.xtec.cat\/iesnarcismonturiol\/wp-json\/wp\/v2\/types\/post"}],"author":[{"embeddable":true,"href":"https:\/\/agora.xtec.cat\/iesnarcismonturiol\/wp-json\/wp\/v2\/users\/5"}],"replies":[{"embeddable":true,"href":"https:\/\/agora.xtec.cat\/iesnarcismonturiol\/wp-json\/wp\/v2\/comments?post=7912"}],"version-history":[{"count":0,"href":"https:\/\/agora.xtec.cat\/iesnarcismonturiol\/wp-json\/wp\/v2\/posts\/7912\/revisions"}],"wp:featuredmedia":[{"embeddable":true,"href":"https:\/\/agora.xtec.cat\/iesnarcismonturiol\/wp-json\/wp\/v2\/media\/7944"}],"wp:attachment":[{"href":"https:\/\/agora.xtec.cat\/iesnarcismonturiol\/wp-json\/wp\/v2\/media?parent=7912"}],"wp:term":[{"taxonomy":"category","embeddable":true,"href":"https:\/\/agora.xtec.cat\/iesnarcismonturiol\/wp-json\/wp\/v2\/categories?post=7912"},{"taxonomy":"post_tag","embeddable":true,"href":"https:\/\/agora.xtec.cat\/iesnarcismonturiol\/wp-json\/wp\/v2\/tags?post=7912"}],"curies":[{"name":"wp","href":"https:\/\/api.w.org\/{rel}","templated":true}]}}