{"id":787,"date":"2012-03-01T09:39:18","date_gmt":"2012-03-01T09:39:18","guid":{"rendered":"http:\/\/insmonturiol.cat\/campanya-in-format"},"modified":"2012-03-01T09:39:18","modified_gmt":"2012-03-01T09:39:18","slug":"campanya-in-format","status":"publish","type":"post","link":"https:\/\/agora.xtec.cat\/iesnarcismonturiol\/general\/campanya-in-format\/","title":{"rendered":"Campanya &#8220;In-forma&#8217;t&#8221;"},"content":{"rendered":"<p>Campanya que s\u2019adre\u00e7a a tots i totes les joves de la ciutat de Barcelona amb la finalitat d\u2019oferir informaci\u00f3, orientaci\u00f3 i assessorament, tant de l\u2019oferta educativa de la nostra ciutat com dels possibles itineraris formatius a realitzar, per tal de poder decidir, aix\u00ed, el futur acad\u00e8mic amb major seguretat.<\/p>\n<p>La campanya compta amb la col\u00b7laboraci\u00f3 de la Direcci\u00f3 General de Joventut de la Generalitat de Catalunya, el Consorci d&#8217;Educaci\u00f3 de Barcelona, Barcelona Activa, la Fundaci\u00f3 BCN Formaci\u00f3 Professional i els districtes de Sants-Montju\u00efc, Les Corts, Sarri\u00e0-Sant Gervasi, Gr\u00e0cia, Horta-Guinard\u00f3, Sant Andreu i Sant Mart\u00ed i de diferents centres de formaci\u00f3 secund\u00e0ria.<\/p>\n<p><a href=\"http:\/\/insmonturiol.cat\/wp-content\/uploads\/2012\/03\/informat-520.jpg\"><img loading=\"lazy\" decoding=\"async\" class=\"size-medium wp-image-790 aligncenter\" title=\"informat-520\" src=\"http:\/\/insmonturiol.cat\/wp-content\/uploads\/2012\/03\/informat-520-300x209.jpg\" alt=\"\" width=\"300\" height=\"209\"><\/a><\/p>\n<p style=\"text-align: center;\"><a style=\"font-family: Tahoma;\" title=\"http:\/\/www.informat.cat\/ca\/\" href=\"http:\/\/www.informat.cat\/ca\/\" target=\"_blank\" rel=\"noopener noreferrer\">http:\/\/www.informat.cat\/ca\/<\/a><\/p>\n","protected":false},"excerpt":{"rendered":"<p>Campanya que s\u2019adre\u00e7a a tots i totes les joves de la ciutat de Barcelona amb la finalitat d\u2019oferir informaci\u00f3, orientaci\u00f3 i assessorament, tant de l\u2019oferta educativa de la nostra ciutat com dels possibles itineraris formatius a realitzar, per tal de poder decidir, aix\u00ed, el futur&hellip;  <a href=\"https:\/\/agora.xtec.cat\/iesnarcismonturiol\/general\/campanya-in-format\/\" title=\"Read Campanya &#8220;In-forma&#8217;t&#8221;\">Llegeix m\u00e9s\u00bb<\/a><\/p>\n","protected":false},"author":5,"featured_media":8944,"comment_status":"closed","ping_status":"closed","sticky":false,"template":"","format":"standard","meta":{"_bbp_topic_count":0,"_bbp_reply_count":0,"_bbp_total_topic_count":0,"_bbp_total_reply_count":0,"_bbp_voice_count":0,"_bbp_anonymous_reply_count":0,"_bbp_topic_count_hidden":0,"_bbp_reply_count_hidden":0,"_bbp_forum_subforum_count":0,"footnotes":""},"categories":[1],"tags":[273],"class_list":["post-787","post","type-post","status-publish","format-standard","has-post-thumbnail","hentry","category-general","tag-orientacio"],"post_mailing_queue_ids":[],"_links":{"self":[{"href":"https:\/\/agora.xtec.cat\/iesnarcismonturiol\/wp-json\/wp\/v2\/posts\/787","targetHints":{"allow":["GET"]}}],"collection":[{"href":"https:\/\/agora.xtec.cat\/iesnarcismonturiol\/wp-json\/wp\/v2\/posts"}],"about":[{"href":"https:\/\/agora.xtec.cat\/iesnarcismonturiol\/wp-json\/wp\/v2\/types\/post"}],"author":[{"embeddable":true,"href":"https:\/\/agora.xtec.cat\/iesnarcismonturiol\/wp-json\/wp\/v2\/users\/5"}],"replies":[{"embeddable":true,"href":"https:\/\/agora.xtec.cat\/iesnarcismonturiol\/wp-json\/wp\/v2\/comments?post=787"}],"version-history":[{"count":0,"href":"https:\/\/agora.xtec.cat\/iesnarcismonturiol\/wp-json\/wp\/v2\/posts\/787\/revisions"}],"wp:featuredmedia":[{"embeddable":true,"href":"https:\/\/agora.xtec.cat\/iesnarcismonturiol\/wp-json\/wp\/v2\/media\/8944"}],"wp:attachment":[{"href":"https:\/\/agora.xtec.cat\/iesnarcismonturiol\/wp-json\/wp\/v2\/media?parent=787"}],"wp:term":[{"taxonomy":"category","embeddable":true,"href":"https:\/\/agora.xtec.cat\/iesnarcismonturiol\/wp-json\/wp\/v2\/categories?post=787"},{"taxonomy":"post_tag","embeddable":true,"href":"https:\/\/agora.xtec.cat\/iesnarcismonturiol\/wp-json\/wp\/v2\/tags?post=787"}],"curies":[{"name":"wp","href":"https:\/\/api.w.org\/{rel}","templated":true}]}}