{"id":7836,"date":"2018-12-18T16:13:22","date_gmt":"2018-12-18T16:13:22","guid":{"rendered":"http:\/\/insmonturiol.cat\/projecte-isglobal-3r-deso"},"modified":"2018-12-18T16:13:22","modified_gmt":"2018-12-18T16:13:22","slug":"projecte-isglobal-3r-deso","status":"publish","type":"post","link":"https:\/\/agora.xtec.cat\/iesnarcismonturiol\/general\/projecte-isglobal-3r-deso\/","title":{"rendered":"Projecte ISGlobal, 3r d&#8217;ESO"},"content":{"rendered":"\n<p>Durant aquest trimestre els i les alumnes de tercer\u00a0 ESO hem format part del Projecte Atenc!\u00f3 creat per ISGlobal que t\u00e9 com objectiu veure les conseq\u00fc\u00e8ncies que t\u00e9 la contaminaci\u00f3 en l&#8217;atenci\u00f3 i el rendiment acad\u00e8mic dels alumnes. Estem orgulloses de ser parts actives en la generaci\u00f3 de nou coneixement amb la nostra participaci\u00f3 en almenys alguna etapa del proc\u00e9s de recerca. Si es segueix investigant podrem intentar buscar solucions a la contaminaci\u00f3 atmosf\u00e8rica!<\/p>\n\n\n\n<p>Ana Macaya, professora de Qu\u00edmica.<\/p>\n\n\n\n<ul class=\"wp-block-gallery columns-0 is-cropped wp-block-gallery-1 is-layout-flex wp-block-gallery-is-layout-flex\"><\/ul>\n\n\n\n<figure class=\"wp-block-image\"><img loading=\"lazy\" decoding=\"async\" width=\"1024\" height=\"768\" src=\"http:\/\/insmonturiol.cat\/wp-content\/uploads\/2018\/12\/20181213_105700-1024x768.jpg\" alt=\"\" class=\"wp-image-7837\" srcset=\"https:\/\/agora.xtec.cat\/iesnarcismonturiol\/wp-content\/uploads\/usu2521\/2018\/12\/20181213_105700-1024x768.jpg 1024w, https:\/\/agora.xtec.cat\/iesnarcismonturiol\/wp-content\/uploads\/usu2521\/2018\/12\/20181213_105700-300x225.jpg 300w, https:\/\/agora.xtec.cat\/iesnarcismonturiol\/wp-content\/uploads\/usu2521\/2018\/12\/20181213_105700-768x576.jpg 768w, https:\/\/agora.xtec.cat\/iesnarcismonturiol\/wp-content\/uploads\/usu2521\/2018\/12\/20181213_105700-1536x1152.jpg 1536w, https:\/\/agora.xtec.cat\/iesnarcismonturiol\/wp-content\/uploads\/usu2521\/2018\/12\/20181213_105700-2048x1536.jpg 2048w, https:\/\/agora.xtec.cat\/iesnarcismonturiol\/wp-content\/uploads\/usu2521\/2018\/12\/20181213_105700-200x150.jpg 200w\" sizes=\"auto, (max-width: 1024px) 100vw, 1024px\" \/><\/figure>\n","protected":false},"excerpt":{"rendered":"<p>Durant aquest trimestre els i les alumnes de tercer\u00a0 ESO hem format part del Projecte Atenc!\u00f3 creat per ISGlobal que t\u00e9 com objectiu veure les conseq\u00fc\u00e8ncies que t\u00e9 la contaminaci\u00f3 en l&#8217;atenci\u00f3 i el rendiment acad\u00e8mic dels alumnes. Estem orgulloses de ser parts actives en&hellip;  <a href=\"https:\/\/agora.xtec.cat\/iesnarcismonturiol\/general\/projecte-isglobal-3r-deso\/\" title=\"Read Projecte ISGlobal, 3r d&#8217;ESO\">Llegeix m\u00e9s\u00bb<\/a><\/p>\n","protected":false},"author":5,"featured_media":7837,"comment_status":"closed","ping_status":"closed","sticky":false,"template":"","format":"standard","meta":{"_bbp_topic_count":0,"_bbp_reply_count":0,"_bbp_total_topic_count":0,"_bbp_total_reply_count":0,"_bbp_voice_count":0,"_bbp_anonymous_reply_count":0,"_bbp_topic_count_hidden":0,"_bbp_reply_count_hidden":0,"_bbp_forum_subforum_count":0,"footnotes":""},"categories":[122,1],"tags":[221,293,313],"class_list":["post-7836","post","type-post","status-publish","format-standard","has-post-thumbnail","hentry","category-ciencies-naturals","category-general","tag-fisica","tag-treball-recerca","tag-treball-per-projectes"],"post_mailing_queue_ids":[],"_links":{"self":[{"href":"https:\/\/agora.xtec.cat\/iesnarcismonturiol\/wp-json\/wp\/v2\/posts\/7836","targetHints":{"allow":["GET"]}}],"collection":[{"href":"https:\/\/agora.xtec.cat\/iesnarcismonturiol\/wp-json\/wp\/v2\/posts"}],"about":[{"href":"https:\/\/agora.xtec.cat\/iesnarcismonturiol\/wp-json\/wp\/v2\/types\/post"}],"author":[{"embeddable":true,"href":"https:\/\/agora.xtec.cat\/iesnarcismonturiol\/wp-json\/wp\/v2\/users\/5"}],"replies":[{"embeddable":true,"href":"https:\/\/agora.xtec.cat\/iesnarcismonturiol\/wp-json\/wp\/v2\/comments?post=7836"}],"version-history":[{"count":0,"href":"https:\/\/agora.xtec.cat\/iesnarcismonturiol\/wp-json\/wp\/v2\/posts\/7836\/revisions"}],"wp:featuredmedia":[{"embeddable":true,"href":"https:\/\/agora.xtec.cat\/iesnarcismonturiol\/wp-json\/wp\/v2\/media\/7837"}],"wp:attachment":[{"href":"https:\/\/agora.xtec.cat\/iesnarcismonturiol\/wp-json\/wp\/v2\/media?parent=7836"}],"wp:term":[{"taxonomy":"category","embeddable":true,"href":"https:\/\/agora.xtec.cat\/iesnarcismonturiol\/wp-json\/wp\/v2\/categories?post=7836"},{"taxonomy":"post_tag","embeddable":true,"href":"https:\/\/agora.xtec.cat\/iesnarcismonturiol\/wp-json\/wp\/v2\/tags?post=7836"}],"curies":[{"name":"wp","href":"https:\/\/api.w.org\/{rel}","templated":true}]}}