{"id":7806,"date":"2018-12-20T14:22:31","date_gmt":"2018-12-20T14:22:31","guid":{"rendered":"http:\/\/insmonturiol.cat\/fundacio-arrels-3r-deso-i-el-projecte-de-servei-comunitari"},"modified":"2018-12-20T14:22:31","modified_gmt":"2018-12-20T14:22:31","slug":"fundacio-arrels-3r-deso-i-el-projecte-de-servei-comunitari","status":"publish","type":"post","link":"https:\/\/agora.xtec.cat\/iesnarcismonturiol\/general\/fundacio-arrels-3r-deso-i-el-projecte-de-servei-comunitari\/","title":{"rendered":"Fundaci\u00f3 Arrels, 3r d&#8217;ESO i el Projecte de Servei Comunitari"},"content":{"rendered":"\n<p>Un any m\u00e9s l\u2019alumnat de 3r d\u2019ESO ha anat a la Fundaci\u00f3 Arrels. La Fundaci\u00f3 Arrels treballa amb persones sense llar, sense recursos i t\u00e9 com a finalitat la reinserci\u00f3 laboral i integraci\u00f3 social.&nbsp;<br>L\u2019objectiu de la sortida \u00e9s fer-los obrir els ulls a altres realitats de les quals possiblement no en s\u00f3n conscients. Per aconseguir-ho l\u2019alumnat ha pogut escoltar l\u2019experi\u00e8ncia d\u2019una persona que ha necessitat l\u2019ajuda d\u2019aquesta fundaci\u00f3 i han pogut fer-li preguntes per poder entendre millor aquesta realitat que sovint s\u2019amaga.<br>L\u2019altra part de la sortida ha estat fer una s\u00e8rie d&#8217;activitats en el barri del Raval amb l\u2019objectiu de veure i ser conscients de la conviv\u00e8ncia de diferents m\u00f3ns en un mateix espai.<\/p>\n\n\n\n<ul class=\"wp-block-gallery columns-1 is-cropped wp-block-gallery-1 is-layout-flex wp-block-gallery-is-layout-flex\"><li class=\"blocks-gallery-item\"><figure><img loading=\"lazy\" decoding=\"async\" width=\"1024\" height=\"768\" src=\"http:\/\/insmonturiol.cat\/wp-content\/uploads\/2018\/12\/IMG-20181220-WA0001-3-1024x768.jpg\" alt=\"\" data-id=\"7820\" data-link=\"http:\/\/insmonturiol.cat\/fundacio-arrels-3r-deso-i-el-projecte-de-servei-comunitari\/img-20181220-wa0001-4\/\" class=\"wp-image-7820\" srcset=\"https:\/\/agora.xtec.cat\/iesnarcismonturiol\/wp-content\/uploads\/usu2521\/2018\/12\/IMG-20181220-WA0001-3-1024x768.jpg 1024w, https:\/\/agora.xtec.cat\/iesnarcismonturiol\/wp-content\/uploads\/usu2521\/2018\/12\/IMG-20181220-WA0001-3-300x225.jpg 300w, https:\/\/agora.xtec.cat\/iesnarcismonturiol\/wp-content\/uploads\/usu2521\/2018\/12\/IMG-20181220-WA0001-3-768x576.jpg 768w, https:\/\/agora.xtec.cat\/iesnarcismonturiol\/wp-content\/uploads\/usu2521\/2018\/12\/IMG-20181220-WA0001-3-1536x1152.jpg 1536w, https:\/\/agora.xtec.cat\/iesnarcismonturiol\/wp-content\/uploads\/usu2521\/2018\/12\/IMG-20181220-WA0001-3-200x150.jpg 200w, https:\/\/agora.xtec.cat\/iesnarcismonturiol\/wp-content\/uploads\/usu2521\/2018\/12\/IMG-20181220-WA0001-3.jpg 1600w\" sizes=\"auto, (max-width: 1024px) 100vw, 1024px\" \/><\/figure><\/li><\/ul>\n\n\n\n<p><\/p>\n\n\n\n<figure class=\"wp-block-image\"><img decoding=\"async\" src=\"http:\/\/insmonturiol.cat\/wp-content\/uploads\/2018\/12\/IMG-20181220-WA0000-1-1024x768.jpg\" alt=\"\" class=\"wp-image-7810\"\/><\/figure>\n","protected":false},"excerpt":{"rendered":"<p>Un any m\u00e9s l\u2019alumnat de 3r d\u2019ESO ha anat a la Fundaci\u00f3 Arrels. La Fundaci\u00f3 Arrels treballa amb persones sense llar, sense recursos i t\u00e9 com a finalitat la reinserci\u00f3 laboral i integraci\u00f3 social.&nbsp;L\u2019objectiu de la sortida \u00e9s fer-los obrir els ulls a altres realitats&hellip;  <a href=\"https:\/\/agora.xtec.cat\/iesnarcismonturiol\/general\/fundacio-arrels-3r-deso-i-el-projecte-de-servei-comunitari\/\" title=\"Read Fundaci\u00f3 Arrels, 3r d&#8217;ESO i el Projecte de Servei Comunitari\">Llegeix m\u00e9s\u00bb<\/a><\/p>\n","protected":false},"author":5,"featured_media":7813,"comment_status":"closed","ping_status":"closed","sticky":false,"template":"","format":"standard","meta":{"_bbp_topic_count":0,"_bbp_reply_count":0,"_bbp_total_topic_count":0,"_bbp_total_reply_count":0,"_bbp_voice_count":0,"_bbp_anonymous_reply_count":0,"_bbp_topic_count_hidden":0,"_bbp_reply_count_hidden":0,"_bbp_forum_subforum_count":0,"footnotes":""},"categories":[1],"tags":[207,301,303,313],"class_list":["post-7806","post","type-post","status-publish","format-standard","has-post-thumbnail","hentry","category-general","tag-entorn","tag-servei-comunitari","tag-solidaritat","tag-treball-per-projectes"],"post_mailing_queue_ids":[],"_links":{"self":[{"href":"https:\/\/agora.xtec.cat\/iesnarcismonturiol\/wp-json\/wp\/v2\/posts\/7806","targetHints":{"allow":["GET"]}}],"collection":[{"href":"https:\/\/agora.xtec.cat\/iesnarcismonturiol\/wp-json\/wp\/v2\/posts"}],"about":[{"href":"https:\/\/agora.xtec.cat\/iesnarcismonturiol\/wp-json\/wp\/v2\/types\/post"}],"author":[{"embeddable":true,"href":"https:\/\/agora.xtec.cat\/iesnarcismonturiol\/wp-json\/wp\/v2\/users\/5"}],"replies":[{"embeddable":true,"href":"https:\/\/agora.xtec.cat\/iesnarcismonturiol\/wp-json\/wp\/v2\/comments?post=7806"}],"version-history":[{"count":0,"href":"https:\/\/agora.xtec.cat\/iesnarcismonturiol\/wp-json\/wp\/v2\/posts\/7806\/revisions"}],"wp:featuredmedia":[{"embeddable":true,"href":"https:\/\/agora.xtec.cat\/iesnarcismonturiol\/wp-json\/wp\/v2\/media\/7813"}],"wp:attachment":[{"href":"https:\/\/agora.xtec.cat\/iesnarcismonturiol\/wp-json\/wp\/v2\/media?parent=7806"}],"wp:term":[{"taxonomy":"category","embeddable":true,"href":"https:\/\/agora.xtec.cat\/iesnarcismonturiol\/wp-json\/wp\/v2\/categories?post=7806"},{"taxonomy":"post_tag","embeddable":true,"href":"https:\/\/agora.xtec.cat\/iesnarcismonturiol\/wp-json\/wp\/v2\/tags?post=7806"}],"curies":[{"name":"wp","href":"https:\/\/api.w.org\/{rel}","templated":true}]}}