{"id":7762,"date":"2018-12-12T14:04:50","date_gmt":"2018-12-12T14:04:50","guid":{"rendered":"http:\/\/insmonturiol.cat\/%ef%bb%bf3r-deso-el-projecte-apropa%e2%80%99t-completa-la-primera-campanya-amb-exit"},"modified":"2018-12-12T14:04:50","modified_gmt":"2018-12-12T14:04:50","slug":"%ef%bb%bf3r-deso-el-projecte-apropat-completa-la-primera-campanya-amb-exit","status":"publish","type":"post","link":"https:\/\/agora.xtec.cat\/iesnarcismonturiol\/general\/%ef%bb%bf3r-deso-el-projecte-apropat-completa-la-primera-campanya-amb-exit\/","title":{"rendered":"\ufeff3r d&#8217;ESO: El projecte Apropa\u2019t completa la primera campanya amb \u00e8xit"},"content":{"rendered":"\n<p><br><\/p>\n\n\n\n<p>L\u2019alumnat de 3r d\u2019ESO, despr\u00e9s dels tallers desensibilitzaci\u00f3 de Fundaci\u00f3 Adsis i de compartir una sessi\u00f3 amb les t\u00e8cniques del pla comunitari Carmel Amunt, va decidir tirar endavant una recollida d\u2019aliments a les botigues de l\u2019entorn proper per recolzar la poblaci\u00f3 del Carmel. Van ser ells\/elles mateixos\/es qui van protagonitzar tot el proc\u00e9s: imaginar, contactar amb les botigues, preparar els materials, sensibilitzar les persones, transportar els aliments aconseguits&#8230;<\/p>\n\n\n\n<p>\u201cAquesta experi\u00e8ncia ens ha agradat perqu\u00e8 sabem que podem ajudar moltes fam\u00edlies del Carmel.\u201d <\/p>\n\n\n\n<p>&nbsp;\u201cTot i que al final est\u00e0vem cansades, ens vam sentir satisfetes d\u2019haver aconseguit aliments per a les fam\u00edlies.\u201d<\/p>\n\n\n\n<p>\u201cAl principi no ten\u00edem l\u2019expectativa que ens donarien aliments. (\u2026) Al final vam recollir-ne molts!\u201d<\/p>\n\n\n\n<p>Aquest ha estat el primer servei del projecte <em>Apropa\u2019t<\/em>, que continuar\u00e0 amb una segona campanya que &nbsp;els far\u00e0 q\u00fcestionar quina \u00e9s la veritable f\u00f3rmula per erradicar la fam al m\u00f3n i crear noves propostes d\u2019acci\u00f3 transformadores.<\/p>\n\n\n\n<ul class=\"wp-block-gallery columns-3 is-cropped wp-block-gallery-1 is-layout-flex wp-block-gallery-is-layout-flex\"><li class=\"blocks-gallery-item\"><figure><img loading=\"lazy\" decoding=\"async\" width=\"1024\" height=\"768\" src=\"http:\/\/insmonturiol.cat\/wp-content\/uploads\/2018\/12\/IMG_20181122_123027-1024x768.jpg\" alt=\"\" data-id=\"7763\" data-link=\"http:\/\/insmonturiol.cat\/?attachment_id=7763\" class=\"wp-image-7763\" srcset=\"https:\/\/agora.xtec.cat\/iesnarcismonturiol\/wp-content\/uploads\/usu2521\/2018\/12\/IMG_20181122_123027-1024x768.jpg 1024w, https:\/\/agora.xtec.cat\/iesnarcismonturiol\/wp-content\/uploads\/usu2521\/2018\/12\/IMG_20181122_123027-300x225.jpg 300w, https:\/\/agora.xtec.cat\/iesnarcismonturiol\/wp-content\/uploads\/usu2521\/2018\/12\/IMG_20181122_123027-768x576.jpg 768w, https:\/\/agora.xtec.cat\/iesnarcismonturiol\/wp-content\/uploads\/usu2521\/2018\/12\/IMG_20181122_123027-1536x1152.jpg 1536w, https:\/\/agora.xtec.cat\/iesnarcismonturiol\/wp-content\/uploads\/usu2521\/2018\/12\/IMG_20181122_123027-2048x1536.jpg 2048w, https:\/\/agora.xtec.cat\/iesnarcismonturiol\/wp-content\/uploads\/usu2521\/2018\/12\/IMG_20181122_123027-200x150.jpg 200w\" sizes=\"auto, (max-width: 1024px) 100vw, 1024px\" \/><\/figure><\/li><li class=\"blocks-gallery-item\"><figure><img loading=\"lazy\" decoding=\"async\" width=\"1024\" height=\"768\" src=\"http:\/\/insmonturiol.cat\/wp-content\/uploads\/2018\/12\/IMG_20181122_132302-1024x768.jpg\" alt=\"\" data-id=\"7764\" data-link=\"http:\/\/insmonturiol.cat\/?attachment_id=7764\" class=\"wp-image-7764\" srcset=\"https:\/\/agora.xtec.cat\/iesnarcismonturiol\/wp-content\/uploads\/usu2521\/2018\/12\/IMG_20181122_132302-1024x768.jpg 1024w, https:\/\/agora.xtec.cat\/iesnarcismonturiol\/wp-content\/uploads\/usu2521\/2018\/12\/IMG_20181122_132302-300x225.jpg 300w, https:\/\/agora.xtec.cat\/iesnarcismonturiol\/wp-content\/uploads\/usu2521\/2018\/12\/IMG_20181122_132302-768x576.jpg 768w, https:\/\/agora.xtec.cat\/iesnarcismonturiol\/wp-content\/uploads\/usu2521\/2018\/12\/IMG_20181122_132302-1536x1152.jpg 1536w, https:\/\/agora.xtec.cat\/iesnarcismonturiol\/wp-content\/uploads\/usu2521\/2018\/12\/IMG_20181122_132302-2048x1536.jpg 2048w, https:\/\/agora.xtec.cat\/iesnarcismonturiol\/wp-content\/uploads\/usu2521\/2018\/12\/IMG_20181122_132302-200x150.jpg 200w\" sizes=\"auto, (max-width: 1024px) 100vw, 1024px\" \/><\/figure><\/li><li class=\"blocks-gallery-item\"><figure><img loading=\"lazy\" decoding=\"async\" width=\"1024\" height=\"768\" src=\"http:\/\/insmonturiol.cat\/wp-content\/uploads\/2018\/12\/IMG-20181122-WA0007-1024x768.jpg\" alt=\"\" data-id=\"7765\" data-link=\"http:\/\/insmonturiol.cat\/?attachment_id=7765\" class=\"wp-image-7765\" srcset=\"https:\/\/agora.xtec.cat\/iesnarcismonturiol\/wp-content\/uploads\/usu2521\/2018\/12\/IMG-20181122-WA0007-1024x768.jpg 1024w, https:\/\/agora.xtec.cat\/iesnarcismonturiol\/wp-content\/uploads\/usu2521\/2018\/12\/IMG-20181122-WA0007-300x225.jpg 300w, https:\/\/agora.xtec.cat\/iesnarcismonturiol\/wp-content\/uploads\/usu2521\/2018\/12\/IMG-20181122-WA0007-768x576.jpg 768w, https:\/\/agora.xtec.cat\/iesnarcismonturiol\/wp-content\/uploads\/usu2521\/2018\/12\/IMG-20181122-WA0007-1536x1152.jpg 1536w, https:\/\/agora.xtec.cat\/iesnarcismonturiol\/wp-content\/uploads\/usu2521\/2018\/12\/IMG-20181122-WA0007-200x150.jpg 200w, https:\/\/agora.xtec.cat\/iesnarcismonturiol\/wp-content\/uploads\/usu2521\/2018\/12\/IMG-20181122-WA0007.jpg 1600w\" sizes=\"auto, (max-width: 1024px) 100vw, 1024px\" \/><\/figure><\/li><\/ul>\n\n\n\n<p>Felicitats a l\u2019alumnat per la seva implicaci\u00f3.<\/p>\n","protected":false},"excerpt":{"rendered":"<p>L\u2019alumnat de 3r d\u2019ESO, despr\u00e9s dels tallers desensibilitzaci\u00f3 de Fundaci\u00f3 Adsis i de compartir una sessi\u00f3 amb les t\u00e8cniques del pla comunitari Carmel Amunt, va decidir tirar endavant una recollida d\u2019aliments a les botigues de l\u2019entorn proper per recolzar la poblaci\u00f3 del Carmel. Van ser&hellip;  <a href=\"https:\/\/agora.xtec.cat\/iesnarcismonturiol\/general\/%ef%bb%bf3r-deso-el-projecte-apropat-completa-la-primera-campanya-amb-exit\/\" title=\"Read \ufeff3r d&#8217;ESO: El projecte Apropa\u2019t completa la primera campanya amb \u00e8xit\">Llegeix m\u00e9s\u00bb<\/a><\/p>\n","protected":false},"author":5,"featured_media":7767,"comment_status":"closed","ping_status":"closed","sticky":false,"template":"","format":"standard","meta":{"_bbp_topic_count":0,"_bbp_reply_count":0,"_bbp_total_topic_count":0,"_bbp_total_reply_count":0,"_bbp_voice_count":0,"_bbp_anonymous_reply_count":0,"_bbp_topic_count_hidden":0,"_bbp_reply_count_hidden":0,"_bbp_forum_subforum_count":0,"footnotes":""},"categories":[1],"tags":[],"class_list":["post-7762","post","type-post","status-publish","format-standard","has-post-thumbnail","hentry","category-general"],"post_mailing_queue_ids":[],"_links":{"self":[{"href":"https:\/\/agora.xtec.cat\/iesnarcismonturiol\/wp-json\/wp\/v2\/posts\/7762","targetHints":{"allow":["GET"]}}],"collection":[{"href":"https:\/\/agora.xtec.cat\/iesnarcismonturiol\/wp-json\/wp\/v2\/posts"}],"about":[{"href":"https:\/\/agora.xtec.cat\/iesnarcismonturiol\/wp-json\/wp\/v2\/types\/post"}],"author":[{"embeddable":true,"href":"https:\/\/agora.xtec.cat\/iesnarcismonturiol\/wp-json\/wp\/v2\/users\/5"}],"replies":[{"embeddable":true,"href":"https:\/\/agora.xtec.cat\/iesnarcismonturiol\/wp-json\/wp\/v2\/comments?post=7762"}],"version-history":[{"count":0,"href":"https:\/\/agora.xtec.cat\/iesnarcismonturiol\/wp-json\/wp\/v2\/posts\/7762\/revisions"}],"wp:featuredmedia":[{"embeddable":true,"href":"https:\/\/agora.xtec.cat\/iesnarcismonturiol\/wp-json\/wp\/v2\/media\/7767"}],"wp:attachment":[{"href":"https:\/\/agora.xtec.cat\/iesnarcismonturiol\/wp-json\/wp\/v2\/media?parent=7762"}],"wp:term":[{"taxonomy":"category","embeddable":true,"href":"https:\/\/agora.xtec.cat\/iesnarcismonturiol\/wp-json\/wp\/v2\/categories?post=7762"},{"taxonomy":"post_tag","embeddable":true,"href":"https:\/\/agora.xtec.cat\/iesnarcismonturiol\/wp-json\/wp\/v2\/tags?post=7762"}],"curies":[{"name":"wp","href":"https:\/\/api.w.org\/{rel}","templated":true}]}}