{"id":7707,"date":"2018-11-28T09:45:12","date_gmt":"2018-11-28T09:45:12","guid":{"rendered":"http:\/\/insmonturiol.cat\/un-planeta-para-todos"},"modified":"2018-11-28T09:45:12","modified_gmt":"2018-11-28T09:45:12","slug":"un-planeta-para-todos","status":"publish","type":"post","link":"https:\/\/agora.xtec.cat\/iesnarcismonturiol\/general\/un-planeta-para-todos\/","title":{"rendered":"&#8220;Un planeta para todos&#8221;"},"content":{"rendered":"\n<p>Hoy en d\u00eda vivimos inmersos en una rutina diaria que nos mantiene centrados en el trabajo, o en la escuela y en casa y olvid\u00e1ndonos por completo de nuestro alrededor, como por ejemplo la destrucci\u00f3nde la flora, la fauna y el calentamiento global, que d\u00eda a d\u00eda destruyendo el planeta donde vivimos. Por esta raz\u00f3n, debemos conocer y leer un poco sobre sobre el tema con el fin de entender lo que sucede y as\u00ed poder ponernos manos a la obra y actuar. <\/p>\n\n\n\n<p>Si implementamos peque\u00f1os cambios en casa, podemos hacer grandes cambios, como reciclar los desechos en casa o procurar comprar productos reciclados. Pensemos que, al reciclar una tonelada de papel, se est\u00e1n salvando de 18 a 20 \u00e1rboles (depende del tama\u00f1o de la especie). Nuestro planetanos da todo para tener una vida hermosa: agua, r\u00edos, plantas, vegetales; nos brinda todo lo que necesitamos, as\u00ed que am\u00e9moslo, cuid\u00e9moslo y manteng\u00e1moslo asalvo.<\/p>\n\n\n\n<p>Pongamos nuestro granito de arena cada d\u00eda. <strong>&nbsp;<\/strong>&nbsp;<\/p>\n\n\n\n<p>Kishany, 3r d&#8217;ESO<strong>&nbsp;<\/strong><\/p>\n\n\n\n<p>Po rpoco que parezca, nuestro planeta es peque\u00f1o y vulnerable, as\u00ed que hay que cuidarlo, cosa que no hacemos.&nbsp;<\/p>\n\n\n\n<p>Es triste ver lo que le est\u00e1 pasando por nuestra culpa, y m\u00e1s triste a\u00fan, saber que algunos no hacen nada para cambiar esta situaci\u00f3n. Este planeta nos cuida d\u00e1ndonos la vida, y nosotros lo matamos con nuestros caprichos, cavamos nuestra propia tumba ignorando la realidad que nosotros mismos nos vamos creando. Somos culpables, pero no nos hacemos responsables de nuestros actos.<\/p>\n\n\n\n<p>Tenemos en nuestras manos la posibilidad de salvar el planeta y a nosotros mismos, de volver a vivir en un lugar hermoso. Hay que dejarnos de caprichos innecesarios,pues solo empeoramos las cosas m\u00e1s de lo que ya est\u00e1n. Debemos empezar a pensar no solo en el dinero, sino tambi\u00e9n en lo que pueden afectar nuestros actos (sean econ\u00f3micos o no). En ese sentido, reciclar es una excelente manera de ayudar a reducir la contaminaci\u00f3n.<\/p>\n\n\n\n<p>Tenemos un planeta, y somos muchos: debemos hacernos frente a nosotros mismos para mejorar la vida no solo para nosotros, sino tambi\u00e9n para todo cuanto nos rodea. Si trabajamos juntos, podemos lograr lo que no podemos por separado: juntos, podemos con todo.<\/p>\n\n\n\n<p>Ielyzaveta, 3r d&#8217;ESO<\/p>\n\n\n\n<p>Para empezar, todos sabemos que vivimos en el mismo sitio, la Tierra, que representa nuestro hogar, nuestra especie, nuestra historia, todo en un mismo lugar. Este planeta acoge a miles de millones de personas, y tambi\u00e9n a una cantidad todav\u00eda m\u00e1s inmensa de animales, insectos y plantas.<\/p>\n\n\n\n<p>Nosotros, los seres humanos, lo destruimos sin remordimientos. Es un hecho que somos tontos: despu\u00e9s de todo, somos los \u00fanicos animales que tropezamos con la misma piedra, pues parece que dan igual las advertencias o precauciones que nos digan, ya que seguimos da\u00f1ando al planeta indiscriminadamente.<\/p>\n\n\n\n<p>Pese a todo, los humanos hemos demostrado ser capaces de hacer cosas realmente impresionantes cuando nos vemos en la necesidad o cuando se quiere llegar a un objetivo en com\u00fan. Por lo tanto, tenemos que aportar nuestro grano de arena al cuidado y mantenimiento de nuestro planeta, que despu\u00e9s de todo es el \u00fanico que tenemos.<\/p>\n\n\n\n<p>Diego, 4t d&#8217;ESO<\/p>\n\n\n\n<p><strong>&nbsp; &nbsp; &nbsp; &nbsp; &nbsp; &nbsp; &nbsp; &nbsp; &nbsp; &nbsp; &nbsp; &nbsp; &nbsp; &nbsp; &nbsp; &nbsp; &nbsp;<\/strong><\/p>\n\n\n\n<p><strong>&nbsp; &nbsp; &nbsp; &nbsp; &nbsp; &nbsp;&nbsp;<\/strong><\/p>\n\n\n\n<p><strong>&nbsp; &nbsp; &nbsp;<\/strong><\/p>\n","protected":false},"excerpt":{"rendered":"<p>Hoy en d\u00eda vivimos inmersos en una rutina diaria que nos mantiene centrados en el trabajo, o en la escuela y en casa y olvid\u00e1ndonos por completo de nuestro alrededor, como por ejemplo la destrucci\u00f3nde la flora, la fauna y el calentamiento global, que d\u00eda&hellip;  <a href=\"https:\/\/agora.xtec.cat\/iesnarcismonturiol\/general\/un-planeta-para-todos\/\" title=\"Read &#8220;Un planeta para todos&#8221;\">Llegeix m\u00e9s\u00bb<\/a><\/p>\n","protected":false},"author":5,"featured_media":7803,"comment_status":"closed","ping_status":"closed","sticky":false,"template":"","format":"standard","meta":{"_bbp_topic_count":0,"_bbp_reply_count":0,"_bbp_total_topic_count":0,"_bbp_total_reply_count":0,"_bbp_voice_count":0,"_bbp_anonymous_reply_count":0,"_bbp_topic_count_hidden":0,"_bbp_reply_count_hidden":0,"_bbp_forum_subforum_count":0,"footnotes":""},"categories":[127,1],"tags":[172,207,210,286,304,313],"class_list":["post-7707","post","type-post","status-publish","format-standard","has-post-thumbnail","hentry","category-escoles-sostenibles","category-general","tag-castella","tag-entorn","tag-escoles-verdes","tag-projectes","tag-sostenibilitat","tag-treball-per-projectes"],"post_mailing_queue_ids":[],"_links":{"self":[{"href":"https:\/\/agora.xtec.cat\/iesnarcismonturiol\/wp-json\/wp\/v2\/posts\/7707","targetHints":{"allow":["GET"]}}],"collection":[{"href":"https:\/\/agora.xtec.cat\/iesnarcismonturiol\/wp-json\/wp\/v2\/posts"}],"about":[{"href":"https:\/\/agora.xtec.cat\/iesnarcismonturiol\/wp-json\/wp\/v2\/types\/post"}],"author":[{"embeddable":true,"href":"https:\/\/agora.xtec.cat\/iesnarcismonturiol\/wp-json\/wp\/v2\/users\/5"}],"replies":[{"embeddable":true,"href":"https:\/\/agora.xtec.cat\/iesnarcismonturiol\/wp-json\/wp\/v2\/comments?post=7707"}],"version-history":[{"count":0,"href":"https:\/\/agora.xtec.cat\/iesnarcismonturiol\/wp-json\/wp\/v2\/posts\/7707\/revisions"}],"wp:featuredmedia":[{"embeddable":true,"href":"https:\/\/agora.xtec.cat\/iesnarcismonturiol\/wp-json\/wp\/v2\/media\/7803"}],"wp:attachment":[{"href":"https:\/\/agora.xtec.cat\/iesnarcismonturiol\/wp-json\/wp\/v2\/media?parent=7707"}],"wp:term":[{"taxonomy":"category","embeddable":true,"href":"https:\/\/agora.xtec.cat\/iesnarcismonturiol\/wp-json\/wp\/v2\/categories?post=7707"},{"taxonomy":"post_tag","embeddable":true,"href":"https:\/\/agora.xtec.cat\/iesnarcismonturiol\/wp-json\/wp\/v2\/tags?post=7707"}],"curies":[{"name":"wp","href":"https:\/\/api.w.org\/{rel}","templated":true}]}}