{"id":7688,"date":"2018-10-09T17:27:18","date_gmt":"2018-10-09T17:27:18","guid":{"rendered":"http:\/\/insmonturiol.cat\/el-nostre-compromis-treballem-pel-medi-ambient"},"modified":"2018-10-09T17:27:18","modified_gmt":"2018-10-09T17:27:18","slug":"el-nostre-compromis-treballem-pel-medi-ambient","status":"publish","type":"post","link":"https:\/\/agora.xtec.cat\/iesnarcismonturiol\/general\/el-nostre-compromis-treballem-pel-medi-ambient\/","title":{"rendered":"El nostre comprom\u00eds: Treballem pel medi ambient."},"content":{"rendered":"\n<p>Al Narc\u00eds Monturiol ens estimem el medi ambient i creiem que la sostenibilitat i el respecte per l\u2019entorn \u00e9s un dels valors m\u00e9s importants que podem transmetre als nostres alumnes.<\/p>\n\n\n\n<p>Aquest comprom\u00eds del centre amb el medi ambient forma part del nostre projecte educatiu i ve de lluny. Bona prova d\u2019aix\u00f2 \u00e9s el fet que l\u2019any 2010 vam viatjar a Brasil com a representants de Catalunya del projecte internacional Let\u2019s Take the Planet.<\/p>\n\n\n\n<p>A continuaci\u00f3 us detallem algunes de les iniciatives que portem a terme:<\/p>\n\n\n\n<p>&#8211; Participaci\u00f3 a la xarxa d\u2019Escoles Verdes i Escoles +Sostenibles.<\/p>\n\n\n\n<p>&#8211; Programa de reutilitzaci\u00f3 de llibres<\/p>\n\n\n\n<p>&#8211; Pres\u00e8ncia a cada classe de Delegats Verds<\/p>\n\n\n\n<p>&#8211; Recollida selectiva a tot el centre de papers, pl\u00e0stics, piles i material escolar gastat<\/p>\n\n\n\n<p>&#8211; Participaci\u00f3 a la campanya de recollida de m\u00f2bils vells de la Fundaci\u00f3 Jane Goodall<\/p>\n\n\n\n<p>&#8211; Participaci\u00f3 a la campanya de recollida solid\u00e0ria de taps de pl\u00e0stic en col\u00b7laboraci\u00f3 amb Asdent<\/p>\n\n\n\n<p>&#8211; Foment de l\u2019\u00fas d\u2019alternatives al paper d\u2019alumini com a embolcall<\/p>\n\n\n\n<p>&#8211; Participaci\u00f3 al projecte ATENCI\u00d3 sobre les conseq\u00fc\u00e8ncies de la contaminaci\u00f3 atmosf\u00e8rica en el rendiment acad\u00e8mic, en col\u00b7laboraci\u00f3 amb la UAB i el CRECIM<br><\/p>\n\n\n\n<p>L\u2019INS Narc\u00eds Monturiol som Escola Verda!<\/p>\n\n\n\n<figure class=\"wp-block-image\"><img loading=\"lazy\" decoding=\"async\" width=\"1024\" height=\"768\" src=\"http:\/\/insmonturiol.cat\/wp-content\/uploads\/2017\/10\/IMG-9207-1024x768.jpg\" alt=\"\" class=\"wp-image-6751\" srcset=\"https:\/\/agora.xtec.cat\/iesnarcismonturiol\/wp-content\/uploads\/usu2521\/2017\/10\/IMG-9207-1024x768.jpg 1024w, https:\/\/agora.xtec.cat\/iesnarcismonturiol\/wp-content\/uploads\/usu2521\/2017\/10\/IMG-9207-300x225.jpg 300w, https:\/\/agora.xtec.cat\/iesnarcismonturiol\/wp-content\/uploads\/usu2521\/2017\/10\/IMG-9207-768x576.jpg 768w, https:\/\/agora.xtec.cat\/iesnarcismonturiol\/wp-content\/uploads\/usu2521\/2017\/10\/IMG-9207-1536x1152.jpg 1536w, https:\/\/agora.xtec.cat\/iesnarcismonturiol\/wp-content\/uploads\/usu2521\/2017\/10\/IMG-9207-200x150.jpg 200w, https:\/\/agora.xtec.cat\/iesnarcismonturiol\/wp-content\/uploads\/usu2521\/2017\/10\/IMG-9207.jpg 1600w\" sizes=\"auto, (max-width: 1024px) 100vw, 1024px\" \/><\/figure>\n","protected":false},"excerpt":{"rendered":"<p>Al Narc\u00eds Monturiol ens estimem el medi ambient i creiem que la sostenibilitat i el respecte per l\u2019entorn \u00e9s un dels valors m\u00e9s importants que podem transmetre als nostres alumnes.<\/p>\n<p>Aquest comprom\u00eds del centre amb el medi ambient forma part del nostre projecte educatiu i ve&hellip;  <a href=\"https:\/\/agora.xtec.cat\/iesnarcismonturiol\/general\/el-nostre-compromis-treballem-pel-medi-ambient\/\" title=\"Read El nostre comprom\u00eds: Treballem pel medi ambient.\">Llegeix m\u00e9s\u00bb<\/a><\/p>\n","protected":false},"author":5,"featured_media":6751,"comment_status":"closed","ping_status":"closed","sticky":false,"template":"","format":"standard","meta":{"_bbp_topic_count":0,"_bbp_reply_count":0,"_bbp_total_topic_count":0,"_bbp_total_reply_count":0,"_bbp_voice_count":0,"_bbp_anonymous_reply_count":0,"_bbp_topic_count_hidden":0,"_bbp_reply_count_hidden":0,"_bbp_forum_subforum_count":0,"footnotes":""},"categories":[127,1],"tags":[160,206,304],"class_list":["post-7688","post","type-post","status-publish","format-standard","has-post-thumbnail","hentry","category-escoles-sostenibles","category-general","tag-barri","tag-enton","tag-sostenibilitat"],"post_mailing_queue_ids":[],"_links":{"self":[{"href":"https:\/\/agora.xtec.cat\/iesnarcismonturiol\/wp-json\/wp\/v2\/posts\/7688","targetHints":{"allow":["GET"]}}],"collection":[{"href":"https:\/\/agora.xtec.cat\/iesnarcismonturiol\/wp-json\/wp\/v2\/posts"}],"about":[{"href":"https:\/\/agora.xtec.cat\/iesnarcismonturiol\/wp-json\/wp\/v2\/types\/post"}],"author":[{"embeddable":true,"href":"https:\/\/agora.xtec.cat\/iesnarcismonturiol\/wp-json\/wp\/v2\/users\/5"}],"replies":[{"embeddable":true,"href":"https:\/\/agora.xtec.cat\/iesnarcismonturiol\/wp-json\/wp\/v2\/comments?post=7688"}],"version-history":[{"count":0,"href":"https:\/\/agora.xtec.cat\/iesnarcismonturiol\/wp-json\/wp\/v2\/posts\/7688\/revisions"}],"wp:featuredmedia":[{"embeddable":true,"href":"https:\/\/agora.xtec.cat\/iesnarcismonturiol\/wp-json\/wp\/v2\/media\/6751"}],"wp:attachment":[{"href":"https:\/\/agora.xtec.cat\/iesnarcismonturiol\/wp-json\/wp\/v2\/media?parent=7688"}],"wp:term":[{"taxonomy":"category","embeddable":true,"href":"https:\/\/agora.xtec.cat\/iesnarcismonturiol\/wp-json\/wp\/v2\/categories?post=7688"},{"taxonomy":"post_tag","embeddable":true,"href":"https:\/\/agora.xtec.cat\/iesnarcismonturiol\/wp-json\/wp\/v2\/tags?post=7688"}],"curies":[{"name":"wp","href":"https:\/\/api.w.org\/{rel}","templated":true}]}}