{"id":7650,"date":"2018-11-06T16:30:15","date_gmt":"2018-11-06T16:30:15","guid":{"rendered":"http:\/\/insmonturiol.cat\/voluntariat-a-1r-de-batxillerat-parlem-de-projectes-on-implicar-se"},"modified":"2018-11-06T16:30:15","modified_gmt":"2018-11-06T16:30:15","slug":"voluntariat-a-1r-de-batxillerat-parlem-de-projectes-on-implicar-se","status":"publish","type":"post","link":"https:\/\/agora.xtec.cat\/iesnarcismonturiol\/general\/voluntariat-a-1r-de-batxillerat-parlem-de-projectes-on-implicar-se\/","title":{"rendered":"Voluntariat, a 1r de Batxillerat parlem de projectes on implicar-se"},"content":{"rendered":"<p>Aquest dimecres va venir l&#8217;Agn\u00e8s de la Fundaci\u00f3 ADSIS a fer-nos una xerrada per incentivar-nos a ser solidaris. Ens va parlar d&#8217;Arrels fundaci\u00f3 amb un important moviment de voluntariat. Per introduir el tema, primer vam haver de posar en un post it el nostre nom i la gent de la classe havia de posar qualitats bones nostres. Despr\u00e9s ens va ensenyar on podem fer voluntariats a Horta i als voltants. Vam aprendre moltes coses i molta gent es va motivar a implicar-se en aquesta classe de projectes.<\/p>\n<div dir=\"auto\">Eva, 1r Batxillerat B<\/div>\n<div dir=\"auto\"><\/div>\n<div dir=\"auto\"><a href=\"https:\/\/www.arrelsfundacio.org\/\">Arrels Fundaci\u00f3\u00a0<\/a><\/div>\n","protected":false},"excerpt":{"rendered":"<p>Aquest dimecres va venir l&#8217;Agn\u00e8s de la Fundaci\u00f3 ADSIS a fer-nos una xerrada per incentivar-nos a ser solidaris. Ens va parlar d&#8217;Arrels fundaci\u00f3 amb un important moviment de voluntariat. Per introduir el tema, primer vam haver de posar en un post it el nostre nom&hellip;  <a href=\"https:\/\/agora.xtec.cat\/iesnarcismonturiol\/general\/voluntariat-a-1r-de-batxillerat-parlem-de-projectes-on-implicar-se\/\" title=\"Read Voluntariat, a 1r de Batxillerat parlem de projectes on implicar-se\">Llegeix m\u00e9s\u00bb<\/a><\/p>\n","protected":false},"author":5,"featured_media":7652,"comment_status":"closed","ping_status":"closed","sticky":false,"template":"","format":"standard","meta":{"_bbp_topic_count":0,"_bbp_reply_count":0,"_bbp_total_topic_count":0,"_bbp_total_reply_count":0,"_bbp_voice_count":0,"_bbp_anonymous_reply_count":0,"_bbp_topic_count_hidden":0,"_bbp_reply_count_hidden":0,"_bbp_forum_subforum_count":0,"footnotes":""},"categories":[1],"tags":[160,207,303],"class_list":["post-7650","post","type-post","status-publish","format-standard","has-post-thumbnail","hentry","category-general","tag-barri","tag-entorn","tag-solidaritat"],"post_mailing_queue_ids":[],"_links":{"self":[{"href":"https:\/\/agora.xtec.cat\/iesnarcismonturiol\/wp-json\/wp\/v2\/posts\/7650","targetHints":{"allow":["GET"]}}],"collection":[{"href":"https:\/\/agora.xtec.cat\/iesnarcismonturiol\/wp-json\/wp\/v2\/posts"}],"about":[{"href":"https:\/\/agora.xtec.cat\/iesnarcismonturiol\/wp-json\/wp\/v2\/types\/post"}],"author":[{"embeddable":true,"href":"https:\/\/agora.xtec.cat\/iesnarcismonturiol\/wp-json\/wp\/v2\/users\/5"}],"replies":[{"embeddable":true,"href":"https:\/\/agora.xtec.cat\/iesnarcismonturiol\/wp-json\/wp\/v2\/comments?post=7650"}],"version-history":[{"count":0,"href":"https:\/\/agora.xtec.cat\/iesnarcismonturiol\/wp-json\/wp\/v2\/posts\/7650\/revisions"}],"wp:featuredmedia":[{"embeddable":true,"href":"https:\/\/agora.xtec.cat\/iesnarcismonturiol\/wp-json\/wp\/v2\/media\/7652"}],"wp:attachment":[{"href":"https:\/\/agora.xtec.cat\/iesnarcismonturiol\/wp-json\/wp\/v2\/media?parent=7650"}],"wp:term":[{"taxonomy":"category","embeddable":true,"href":"https:\/\/agora.xtec.cat\/iesnarcismonturiol\/wp-json\/wp\/v2\/categories?post=7650"},{"taxonomy":"post_tag","embeddable":true,"href":"https:\/\/agora.xtec.cat\/iesnarcismonturiol\/wp-json\/wp\/v2\/tags?post=7650"}],"curies":[{"name":"wp","href":"https:\/\/api.w.org\/{rel}","templated":true}]}}