{"id":7592,"date":"2018-11-08T09:29:20","date_gmt":"2018-11-08T09:29:20","guid":{"rendered":"http:\/\/insmonturiol.cat\/terra-baixa-2n-de-batxillerat-al-sat"},"modified":"2018-11-08T09:29:20","modified_gmt":"2018-11-08T09:29:20","slug":"terra-baixa-2n-de-batxillerat-al-sat-2","status":"publish","type":"post","link":"https:\/\/agora.xtec.cat\/iesnarcismonturiol\/general\/terra-baixa-2n-de-batxillerat-al-sat-2\/","title":{"rendered":"Terra Baixa, 2n de Batxillerat al SAT"},"content":{"rendered":"<p>Els i les alumnes de 2n de batxillerat hem assistit al Sant Andreu Teatre (SAT) per veure l\u2019adaptaci\u00f3 de Terra Baixa.<\/p>\n<p>Aquesta obra va ser escrita per \u00c0ngel Guimer\u00e0, i \u00e9s un drama en prosa que pertany al corrent literari del Realisme.<\/p>\n<p>El plantejament principal de l\u2019obra \u00e9s el conflicte que genera la barreja de dos mons: la terra alta, representada per la muntanya i la seva puresa, amb la terra baixa, caracteritzada per una humanitat molt contaminada i corrompuda.<\/p>\n<p>La representaci\u00f3 de l\u2019obra ha aconseguit captar l\u2019ess\u00e8ncia del llibre, i \u00e9s per aix\u00f2 que ens ha agradat tant. A m\u00e9s, despr\u00e9s hem pogut ser part\u00edcips d\u2019un col\u00b7loqui amb l\u2019actriu, els actors i el director de l\u2019obra, que ens ha aclarit els dubtes que ens havien sorgit durant l\u2019obra.<\/p>\n<p>El suport de l&#8217;obra de veure l&#8217;obra de teatre creiem que \u00e9s un ajut per acabar d&#8217;entendre aquesta gran obra.<\/p>\n<p>&nbsp;<\/p>\n<p><strong>Text: Paula Pereira. 2n Batx. B<\/strong><\/p>\n<p><strong>Fotografia: Anna Alfonso. 2n batx. B<\/strong><\/p>\n<p><a href=\"http:\/\/insmonturiol.cat\/wp-content\/uploads\/2018\/11\/Imagen1.jpg\"><img loading=\"lazy\" decoding=\"async\" class=\"size-medium wp-image-7593 alignleft\" src=\"http:\/\/insmonturiol.cat\/wp-content\/uploads\/2018\/11\/Imagen1-300x225.jpg\" alt=\"\" width=\"300\" height=\"225\" srcset=\"https:\/\/agora.xtec.cat\/iesnarcismonturiol\/wp-content\/uploads\/usu2521\/2018\/11\/Imagen1-300x225.jpg 300w, https:\/\/agora.xtec.cat\/iesnarcismonturiol\/wp-content\/uploads\/usu2521\/2018\/11\/Imagen1-768x576.jpg 768w, https:\/\/agora.xtec.cat\/iesnarcismonturiol\/wp-content\/uploads\/usu2521\/2018\/11\/Imagen1-200x150.jpg 200w, https:\/\/agora.xtec.cat\/iesnarcismonturiol\/wp-content\/uploads\/usu2521\/2018\/11\/Imagen1.jpg 942w\" sizes=\"auto, (max-width: 300px) 100vw, 300px\" \/><\/a><\/p>\n<p>&nbsp;<\/p>\n","protected":false},"excerpt":{"rendered":"<p>Els i les alumnes de 2n de batxillerat hem assistit al Sant Andreu Teatre (SAT) per veure l\u2019adaptaci\u00f3 de Terra Baixa.<br \/>\nAquesta obra va ser escrita per \u00c0ngel Guimer\u00e0, i \u00e9s un drama en prosa que pertany al corrent literari del Realisme.<br \/>\nEl plantejament principal de l\u2019obra&hellip;  <a href=\"https:\/\/agora.xtec.cat\/iesnarcismonturiol\/general\/terra-baixa-2n-de-batxillerat-al-sat-2\/\" title=\"Read Terra Baixa, 2n de Batxillerat al SAT\">Llegeix m\u00e9s\u00bb<\/a><\/p>\n","protected":false},"author":5,"featured_media":6074,"comment_status":"closed","ping_status":"closed","sticky":false,"template":"","format":"standard","meta":{"_bbp_topic_count":0,"_bbp_reply_count":0,"_bbp_total_topic_count":0,"_bbp_total_reply_count":0,"_bbp_voice_count":0,"_bbp_anonymous_reply_count":0,"_bbp_topic_count_hidden":0,"_bbp_reply_count_hidden":0,"_bbp_forum_subforum_count":0,"footnotes":""},"categories":[121,1],"tags":[173,245,40],"class_list":["post-7592","post","type-post","status-publish","format-standard","has-post-thumbnail","hentry","category-catala","category-general","tag-catala","tag-literatura","tag-teatre"],"post_mailing_queue_ids":[],"_links":{"self":[{"href":"https:\/\/agora.xtec.cat\/iesnarcismonturiol\/wp-json\/wp\/v2\/posts\/7592","targetHints":{"allow":["GET"]}}],"collection":[{"href":"https:\/\/agora.xtec.cat\/iesnarcismonturiol\/wp-json\/wp\/v2\/posts"}],"about":[{"href":"https:\/\/agora.xtec.cat\/iesnarcismonturiol\/wp-json\/wp\/v2\/types\/post"}],"author":[{"embeddable":true,"href":"https:\/\/agora.xtec.cat\/iesnarcismonturiol\/wp-json\/wp\/v2\/users\/5"}],"replies":[{"embeddable":true,"href":"https:\/\/agora.xtec.cat\/iesnarcismonturiol\/wp-json\/wp\/v2\/comments?post=7592"}],"version-history":[{"count":0,"href":"https:\/\/agora.xtec.cat\/iesnarcismonturiol\/wp-json\/wp\/v2\/posts\/7592\/revisions"}],"wp:featuredmedia":[{"embeddable":true,"href":"https:\/\/agora.xtec.cat\/iesnarcismonturiol\/wp-json\/wp\/v2\/media\/6074"}],"wp:attachment":[{"href":"https:\/\/agora.xtec.cat\/iesnarcismonturiol\/wp-json\/wp\/v2\/media?parent=7592"}],"wp:term":[{"taxonomy":"category","embeddable":true,"href":"https:\/\/agora.xtec.cat\/iesnarcismonturiol\/wp-json\/wp\/v2\/categories?post=7592"},{"taxonomy":"post_tag","embeddable":true,"href":"https:\/\/agora.xtec.cat\/iesnarcismonturiol\/wp-json\/wp\/v2\/tags?post=7592"}],"curies":[{"name":"wp","href":"https:\/\/api.w.org\/{rel}","templated":true}]}}