{"id":7568,"date":"2018-10-24T16:04:33","date_gmt":"2018-10-24T16:04:33","guid":{"rendered":"http:\/\/insmonturiol.cat\/1r-de-batxillerat-al-cccb-un-mati-amb-marcus-du-sautoy"},"modified":"2018-10-24T16:04:33","modified_gmt":"2018-10-24T16:04:33","slug":"1r-de-batxillerat-al-cccb-un-mati-amb-marcus-du-sautoy","status":"publish","type":"post","link":"https:\/\/agora.xtec.cat\/iesnarcismonturiol\/general\/1r-de-batxillerat-al-cccb-un-mati-amb-marcus-du-sautoy\/","title":{"rendered":"1r de Batxillerat al CCCB Un mat\u00ed amb Marcus du Sautoy"},"content":{"rendered":"<p>&nbsp;<\/p>\n<p><span class=\"hiddenSpellError\"><a href=\"http:\/\/insmonturiol.cat\/wp-content\/uploads\/2018\/10\/IMG-20181022-WA0011.jpg\"><img loading=\"lazy\" decoding=\"async\" class=\"size-medium wp-image-7571 alignleft\" src=\"http:\/\/insmonturiol.cat\/wp-content\/uploads\/2018\/10\/IMG-20181022-WA0011-300x225.jpg\" alt=\"\" width=\"300\" height=\"225\" srcset=\"https:\/\/agora.xtec.cat\/iesnarcismonturiol\/wp-content\/uploads\/usu2521\/2018\/10\/IMG-20181022-WA0011-300x225.jpg 300w, https:\/\/agora.xtec.cat\/iesnarcismonturiol\/wp-content\/uploads\/usu2521\/2018\/10\/IMG-20181022-WA0011-1024x768.jpg 1024w, https:\/\/agora.xtec.cat\/iesnarcismonturiol\/wp-content\/uploads\/usu2521\/2018\/10\/IMG-20181022-WA0011-768x576.jpg 768w, https:\/\/agora.xtec.cat\/iesnarcismonturiol\/wp-content\/uploads\/usu2521\/2018\/10\/IMG-20181022-WA0011-1536x1152.jpg 1536w, https:\/\/agora.xtec.cat\/iesnarcismonturiol\/wp-content\/uploads\/usu2521\/2018\/10\/IMG-20181022-WA0011-200x150.jpg 200w, https:\/\/agora.xtec.cat\/iesnarcismonturiol\/wp-content\/uploads\/usu2521\/2018\/10\/IMG-20181022-WA0011.jpg 1600w\" sizes=\"auto, (max-width: 300px) 100vw, 300px\" \/><\/a><a href=\"http:\/\/insmonturiol.cat\/wp-content\/uploads\/2018\/10\/IMG_20181018_120643_983.jpg\"><img loading=\"lazy\" decoding=\"async\" class=\"size-medium wp-image-7569 alignleft\" src=\"http:\/\/insmonturiol.cat\/wp-content\/uploads\/2018\/10\/IMG_20181018_120643_983-159x300.jpg\" alt=\"\" width=\"159\" height=\"300\" srcset=\"https:\/\/agora.xtec.cat\/iesnarcismonturiol\/wp-content\/uploads\/usu2521\/2018\/10\/IMG_20181018_120643_983-159x300.jpg 159w, https:\/\/agora.xtec.cat\/iesnarcismonturiol\/wp-content\/uploads\/usu2521\/2018\/10\/IMG_20181018_120643_983-544x1024.jpg 544w, https:\/\/agora.xtec.cat\/iesnarcismonturiol\/wp-content\/uploads\/usu2521\/2018\/10\/IMG_20181018_120643_983-768x1445.jpg 768w, https:\/\/agora.xtec.cat\/iesnarcismonturiol\/wp-content\/uploads\/usu2521\/2018\/10\/IMG_20181018_120643_983-816x1536.jpg 816w, https:\/\/agora.xtec.cat\/iesnarcismonturiol\/wp-content\/uploads\/usu2521\/2018\/10\/IMG_20181018_120643_983-1088x2048.jpg 1088w, https:\/\/agora.xtec.cat\/iesnarcismonturiol\/wp-content\/uploads\/usu2521\/2018\/10\/IMG_20181018_120643_983-scaled.jpg 1360w\" sizes=\"auto, (max-width: 159px) 100vw, 159px\" \/><\/a><strong>Un mat\u00ed amb Marcus Du Sautoy\u00a0<\/strong><a href=\"http:\/\/insmonturiol.cat\/wp-content\/uploads\/2018\/10\/IMG-20181022-WA0009.jpg\"><img loading=\"lazy\" decoding=\"async\" class=\"size-medium wp-image-7570 alignleft\" src=\"http:\/\/insmonturiol.cat\/wp-content\/uploads\/2018\/10\/IMG-20181022-WA0009-300x225.jpg\" alt=\"\" width=\"300\" height=\"225\" srcset=\"https:\/\/agora.xtec.cat\/iesnarcismonturiol\/wp-content\/uploads\/usu2521\/2018\/10\/IMG-20181022-WA0009-300x225.jpg 300w, https:\/\/agora.xtec.cat\/iesnarcismonturiol\/wp-content\/uploads\/usu2521\/2018\/10\/IMG-20181022-WA0009-1024x768.jpg 1024w, https:\/\/agora.xtec.cat\/iesnarcismonturiol\/wp-content\/uploads\/usu2521\/2018\/10\/IMG-20181022-WA0009-768x576.jpg 768w, https:\/\/agora.xtec.cat\/iesnarcismonturiol\/wp-content\/uploads\/usu2521\/2018\/10\/IMG-20181022-WA0009-1536x1152.jpg 1536w, https:\/\/agora.xtec.cat\/iesnarcismonturiol\/wp-content\/uploads\/usu2521\/2018\/10\/IMG-20181022-WA0009-200x150.jpg 200w, https:\/\/agora.xtec.cat\/iesnarcismonturiol\/wp-content\/uploads\/usu2521\/2018\/10\/IMG-20181022-WA0009.jpg 1600w\" sizes=\"auto, (max-width: 300px) 100vw, 300px\" \/><\/a> <\/span><\/p>\n<p>El passat dijous 18 d&#8217;octubre els alumnes de la mat\u00e8ria de Matem\u00e0tiques, tant del Batxillerat Social com del Cient\u00edfic, vam anar al Centre de Cultura Contempor\u00e0nia de Barcelona a rebre una estupenda presentaci\u00f3 dels llibres del reconegut matem\u00e0tic\u00a0<span class=\"hiddenSpellError\">Marcus<\/span>\u00a0du\u00a0<span class=\"hiddenSpellError\">Sautoy<\/span>.<br \/>\n\u00c9s catedr\u00e0tic a la Universitat d&#8217;Oxford, on tamb\u00e9 va estudiar, a m\u00e9s, ha estat professor convidat en el\u00a0<span class=\"hiddenSpellError\">Coll\u00e8ge<\/span>\u00a0de\u00a0<span class=\"hiddenSpellError\">France<\/span>\u00a0i a l&#8217;<span class=\"hiddenSpellError\">\u00c9cole<\/span>\u00a0<span class=\"hiddenSpellError\">Sup\u00e9rieure<\/span>\u00a0de Par\u00eds. Escriu per als diaris\u00a0<span class=\"hiddenGrammarError\">&#8216;<\/span>The Times i &#8216;The Guardian&#8217; i apareix a la BBC en televisi\u00f3,\u00a0<span class=\"hiddenGrammarError\">\u00e9s<\/span>\u00a0sense cap dubte, un dels matem\u00e0tics m\u00e9s emblem\u00e0tics en l&#8217;actualitat.<\/p>\n<p>Un dels temes principals de la seva presentaci\u00f3 van ser els nombres primers, dels quals ell \u00e9s un apassionat. Ens va explicar una an\u00e8cdota personal, la qual diu que ell t\u00e9 un equip de futbol, ja que \u00e9s el seu esport preferit, i el seu equip anava \u00faltim a la classificaci\u00f3. Ell va proposar un canvi de dorsals, i tots els jugadors de l&#8217;equip es van posar un nombre primer diferent, i a final de temporada van aconseguir quedar segons.<\/p>\n<p>Durant la presentaci\u00f3, va fer diversos jocs, un va ser de probabilitat, i\u00a0hav\u00edem\u00a0d&#8217;endevinar\u00a0una successi\u00f3 de nombres. El segon joc, va ser el joc de les cadires, on van sortir voluntaris a jugar a sobre de l&#8217;escenari; el joc de les cadires era simplement una forma de veure la vida dels\u00a0<span class=\"hiddenSpellError\">lemins<\/span>, una esp\u00e8cie d&#8217;animals que com no tenen aliments, per tots, els m\u00e9s grans decideixen suicidar<span class=\"hiddenGrammarError\">-se<\/span>\u00a0<span class=\"hiddenGrammarError\" style=\"padding-bottom: 2px; background-image: url('..\/..\/..\/..\/..\/images\/squiggle.png'); background-repeat: repeat-x; background-position: left bottom; cursor: default; color: #666666; font-family: 'Open Sans', Helvetica, Arial, sans-serif; font-size: 16px; font-style: normal; font-variant-ligatures: normal; font-variant-caps: normal; font-weight: 300; letter-spacing: normal; orphans: 2; text-align: start; text-indent: 0px; text-transform: none; white-space: normal; widows: 2; word-spacing: 0px; -webkit-text-stroke-width: 0px; text-decoration-style: initial; text-decoration-color: initial;\">saltant<\/span>\u00a0d&#8217;un barranc\u00a0perqu\u00e8\u00a0la resta pugui sobreviure.<\/p>\n<p>text Oriol Pons, fotografies Andrea L\u00f3pez<\/p>\n","protected":false},"excerpt":{"rendered":"<p>&nbsp;<br \/>\n<a href=\"http:\/\/insmonturiol.cat\/wp-content\/uploads\/2018\/10\/IMG-20181022-WA0011.jpg\"><\/a><a href=\"http:\/\/insmonturiol.cat\/wp-content\/uploads\/2018\/10\/IMG_20181018_120643_983.jpg\"><\/a>Un mat\u00ed amb Marcus Du Sautoy\u00a0<a href=\"http:\/\/insmonturiol.cat\/wp-content\/uploads\/2018\/10\/IMG-20181022-WA0009.jpg\"><\/a><br \/>\nEl passat dijous 18 d&#8217;octubre els alumnes de la mat\u00e8ria de Matem\u00e0tiques, tant del Batxillerat Social com del Cient\u00edfic, vam anar al Centre de Cultura Contempor\u00e0nia de Barcelona a rebre una estupenda presentaci\u00f3 dels llibres del&hellip;  <a href=\"https:\/\/agora.xtec.cat\/iesnarcismonturiol\/general\/1r-de-batxillerat-al-cccb-un-mati-amb-marcus-du-sautoy\/\" title=\"Read 1r de Batxillerat al CCCB Un mat\u00ed amb Marcus du Sautoy\">Llegeix m\u00e9s\u00bb<\/a><\/p>\n","protected":false},"author":5,"featured_media":7571,"comment_status":"closed","ping_status":"closed","sticky":false,"template":"","format":"standard","meta":{"_bbp_topic_count":0,"_bbp_reply_count":0,"_bbp_total_topic_count":0,"_bbp_total_reply_count":0,"_bbp_voice_count":0,"_bbp_anonymous_reply_count":0,"_bbp_topic_count_hidden":0,"_bbp_reply_count_hidden":0,"_bbp_forum_subforum_count":0,"footnotes":""},"categories":[1,131],"tags":[42,41,293],"class_list":["post-7568","post","type-post","status-publish","format-standard","has-post-thumbnail","hentry","category-general","category-matematiques-economia","tag-angles","tag-matematiques","tag-treball-recerca"],"post_mailing_queue_ids":[],"_links":{"self":[{"href":"https:\/\/agora.xtec.cat\/iesnarcismonturiol\/wp-json\/wp\/v2\/posts\/7568","targetHints":{"allow":["GET"]}}],"collection":[{"href":"https:\/\/agora.xtec.cat\/iesnarcismonturiol\/wp-json\/wp\/v2\/posts"}],"about":[{"href":"https:\/\/agora.xtec.cat\/iesnarcismonturiol\/wp-json\/wp\/v2\/types\/post"}],"author":[{"embeddable":true,"href":"https:\/\/agora.xtec.cat\/iesnarcismonturiol\/wp-json\/wp\/v2\/users\/5"}],"replies":[{"embeddable":true,"href":"https:\/\/agora.xtec.cat\/iesnarcismonturiol\/wp-json\/wp\/v2\/comments?post=7568"}],"version-history":[{"count":0,"href":"https:\/\/agora.xtec.cat\/iesnarcismonturiol\/wp-json\/wp\/v2\/posts\/7568\/revisions"}],"wp:featuredmedia":[{"embeddable":true,"href":"https:\/\/agora.xtec.cat\/iesnarcismonturiol\/wp-json\/wp\/v2\/media\/7571"}],"wp:attachment":[{"href":"https:\/\/agora.xtec.cat\/iesnarcismonturiol\/wp-json\/wp\/v2\/media?parent=7568"}],"wp:term":[{"taxonomy":"category","embeddable":true,"href":"https:\/\/agora.xtec.cat\/iesnarcismonturiol\/wp-json\/wp\/v2\/categories?post=7568"},{"taxonomy":"post_tag","embeddable":true,"href":"https:\/\/agora.xtec.cat\/iesnarcismonturiol\/wp-json\/wp\/v2\/tags?post=7568"}],"curies":[{"name":"wp","href":"https:\/\/api.w.org\/{rel}","templated":true}]}}