{"id":7499,"date":"2018-09-03T08:00:31","date_gmt":"2018-09-03T08:00:31","guid":{"rendered":"http:\/\/insmonturiol.cat\/informacio-reutilitzacio-de-llibre-de-text"},"modified":"2018-09-03T08:00:31","modified_gmt":"2018-09-03T08:00:31","slug":"informacio-reutilitzacio-de-llibre-de-text","status":"publish","type":"post","link":"https:\/\/agora.xtec.cat\/iesnarcismonturiol\/general\/informacio-reutilitzacio-de-llibre-de-text\/","title":{"rendered":"Informaci\u00f3 reutilitzaci\u00f3 de llibre de text,"},"content":{"rendered":"<p>A continuaci\u00f3 trobareu els dies i les hores per a l&#8217;adquisici\u00f3 del llibres del <strong>Projecte de Reutilitzaci\u00f3 de llibre de text.<\/strong><\/p>\n<div><\/div>\n<table style=\"border-collapse: collapse; border-color: #888888; border-width: 1px; height: 189px;\" border=\"1\" width=\"1078\" cellspacing=\"0\">\n<tbody>\n<tr>\n<td style=\"width: 136px; height: 20px;\"><\/td>\n<td style=\"width: 72px; height: 20px;\">\u00a0CURSOS<\/td>\n<td style=\"width: 325px; height: 20px;\">\u00a0HORARI<\/td>\n<\/tr>\n<tr>\n<td style=\"width: 136px; height: 41px;\">Dimecres 12 de setembre<\/td>\n<td style=\"width: 72px; height: 41px;\">2n i 3r d&#8217;ESO<\/td>\n<td style=\"width: 325px; height: 41px;\">de 17:00 a 19:00 hores<\/td>\n<\/tr>\n<tr>\n<td style=\"width: 136px; height: 41px;\">Dijous 13 de setembre<\/td>\n<td style=\"width: 72px; height: 41px;\">1r i 4t d&#8217;ESO<\/td>\n<td style=\"width: 325px; height: 41px;\">de 17:00 a 19:00 hores<\/td>\n<\/tr>\n<tr>\n<td style=\"width: 136px; height: 43px;\">Dilluns 17 de setembre<\/td>\n<td style=\"width: 72px; height: 43px;\">1r i 2n Batxillerat<\/td>\n<td style=\"width: 325px; height: 43px;\">de 17:00 a 19:00 hores<\/td>\n<\/tr>\n<tr>\n<td style=\"width: 136px; height: 22px;\">Dimarts 18 de setembre<\/td>\n<td style=\"width: 72px; height: 22px;\">Incid\u00e8ncies<\/td>\n<td style=\"width: 325px; height: 22px;\">de 17:00 a 19:00 hores<\/td>\n<\/tr>\n<\/tbody>\n<\/table>\n","protected":false},"excerpt":{"rendered":"<p>A continuaci\u00f3 trobareu els dies i les hores per a l&#8217;adquisici\u00f3 del llibres del Projecte de Reutilitzaci\u00f3 de llibre de text.<\/p>\n<p>\u00a0CURSOS<br \/>\n\u00a0HORARI<\/p>\n<p>Dimecres 12 de setembre<br \/>\n2n i 3r d&#8217;ESO<br \/>\nde 17:00 a 19:00 hores<\/p>\n<p>Dijous 13 de setembre<br \/>\n1r i 4t d&#8217;ESO<br \/>\nde 17:00 a 19:00 hores<\/p>\n<p>Dilluns 17 de setembre<br \/>\n1r i&hellip;  <a href=\"https:\/\/agora.xtec.cat\/iesnarcismonturiol\/general\/informacio-reutilitzacio-de-llibre-de-text\/\" title=\"Read Informaci\u00f3 reutilitzaci\u00f3 de llibre de text,\">Llegeix m\u00e9s\u00bb<\/a><\/p>\n","protected":false},"author":5,"featured_media":4688,"comment_status":"closed","ping_status":"closed","sticky":false,"template":"","format":"standard","meta":{"_bbp_topic_count":0,"_bbp_reply_count":0,"_bbp_total_topic_count":0,"_bbp_total_reply_count":0,"_bbp_voice_count":0,"_bbp_anonymous_reply_count":0,"_bbp_topic_count_hidden":0,"_bbp_reply_count_hidden":0,"_bbp_forum_subforum_count":0,"footnotes":""},"categories":[1],"tags":[297,313],"class_list":["post-7499","post","type-post","status-publish","format-standard","has-post-thumbnail","hentry","category-general","tag-reutilitzacio-treball-per-projectes","tag-treball-per-projectes"],"post_mailing_queue_ids":[],"_links":{"self":[{"href":"https:\/\/agora.xtec.cat\/iesnarcismonturiol\/wp-json\/wp\/v2\/posts\/7499","targetHints":{"allow":["GET"]}}],"collection":[{"href":"https:\/\/agora.xtec.cat\/iesnarcismonturiol\/wp-json\/wp\/v2\/posts"}],"about":[{"href":"https:\/\/agora.xtec.cat\/iesnarcismonturiol\/wp-json\/wp\/v2\/types\/post"}],"author":[{"embeddable":true,"href":"https:\/\/agora.xtec.cat\/iesnarcismonturiol\/wp-json\/wp\/v2\/users\/5"}],"replies":[{"embeddable":true,"href":"https:\/\/agora.xtec.cat\/iesnarcismonturiol\/wp-json\/wp\/v2\/comments?post=7499"}],"version-history":[{"count":0,"href":"https:\/\/agora.xtec.cat\/iesnarcismonturiol\/wp-json\/wp\/v2\/posts\/7499\/revisions"}],"wp:featuredmedia":[{"embeddable":true,"href":"https:\/\/agora.xtec.cat\/iesnarcismonturiol\/wp-json\/wp\/v2\/media\/4688"}],"wp:attachment":[{"href":"https:\/\/agora.xtec.cat\/iesnarcismonturiol\/wp-json\/wp\/v2\/media?parent=7499"}],"wp:term":[{"taxonomy":"category","embeddable":true,"href":"https:\/\/agora.xtec.cat\/iesnarcismonturiol\/wp-json\/wp\/v2\/categories?post=7499"},{"taxonomy":"post_tag","embeddable":true,"href":"https:\/\/agora.xtec.cat\/iesnarcismonturiol\/wp-json\/wp\/v2\/tags?post=7499"}],"curies":[{"name":"wp","href":"https:\/\/api.w.org\/{rel}","templated":true}]}}