{"id":7378,"date":"2018-06-29T11:03:40","date_gmt":"2018-06-29T11:03:40","guid":{"rendered":"http:\/\/insmonturiol.cat\/tasques-destiu-2017-2018"},"modified":"2018-06-29T11:03:40","modified_gmt":"2018-06-29T11:03:40","slug":"tasques-destiu-2017-2018","status":"publish","type":"post","link":"https:\/\/agora.xtec.cat\/iesnarcismonturiol\/general\/tasques-destiu-2017-2018\/","title":{"rendered":"Tasques d&#8217;Estiu 2017-2018"},"content":{"rendered":"<p>A continuaci\u00f3 trobareu les feines d\u2019estiu dels diferents cursos i mat\u00e8ries. Algunes assignatures recomanen tasques que us serviran per estar m\u00e9s ben preparats de cara al curs vinent.<\/p>\n<p>Tots aquells que teniu mat\u00e8ries pendents per Setembre RECORDEU: Cal presentar la feina d\u2019estiu el dia de les proves.<\/p>\n<h2><span style=\"color: #000080;\">1r ESO<\/span><\/h2>\n<p><a href=\"http:\/\/insmonturiol.cat\/wp-content\/uploads\/2018\/06\/1r-ESO-Angl\u00e8s.pdf\">1r ESO Angl\u00e8s<\/a><\/p>\n<p><a href=\"http:\/\/insmonturiol.cat\/wp-content\/uploads\/2018\/06\/1r-ESO-Ci\u00e8ncies-Naturals.pdf\">1r ESO Ci\u00e8ncies Naturals<\/a><\/p>\n<p><a href=\"http:\/\/insmonturiol.cat\/wp-content\/uploads\/2018\/06\/1r-ESO-Dibuix-Feines-destiu.pdf\">1r ESO Dibuix Feines d&#8217;estiu<\/a><\/p>\n<p><a href=\"http:\/\/insmonturiol.cat\/wp-content\/uploads\/2018\/06\/1r-ESO-Dibuix-Feines-recuperaci\u00f3.pdf\">1r ESO Dibuix Feines recuperaci\u00f3<\/a><\/p>\n<p><a href=\"http:\/\/insmonturiol.cat\/wp-content\/uploads\/2018\/06\/1r-ESO-Educaci\u00f3-F\u00edsica.pdf\">1r ESO Educaci\u00f3 F\u00edsica<\/a><\/p>\n<p><a href=\"http:\/\/insmonturiol.cat\/wp-content\/uploads\/2018\/06\/1r-ESO-grup-A-Ci\u00e8ncies-Socials.pdf\">1r ESO grup A Ci\u00e8ncies Socials<\/a><\/p>\n<p><a href=\"http:\/\/insmonturiol.cat\/wp-content\/uploads\/2018\/06\/1r-ESO-grup-B-Ci\u00e8ncies-Socials.pdf\">1r ESO grup B Ci\u00e8ncies Socials<\/a><\/p>\n<p><a href=\"http:\/\/insmonturiol.cat\/wp-content\/uploads\/2018\/06\/1r-ESO-Llengua-Castellana-1.pdf\">1r ESO Llengua Castellana<\/a><\/p>\n<p><a href=\"http:\/\/insmonturiol.cat\/wp-content\/uploads\/2018\/06\/1r-ESO-Llengua-Catalana-grup-refor\u00e7.pdf\">1r ESO Llengua Catalana grup refor\u00e7<\/a><\/p>\n<p><a href=\"http:\/\/insmonturiol.cat\/wp-content\/uploads\/2018\/06\/1r-ESO-Llengua-Catalana.pdf\">1r ESO Llengua Catalana<\/a><\/p>\n<p><a href=\"http:\/\/insmonturiol.cat\/wp-content\/uploads\/2018\/06\/1r-ESO-Matem\u00e0tiques-grup-refor\u00e7.pdf\">1r ESO Matem\u00e0tiques grup refor\u00e7<\/a><\/p>\n<p><a href=\"http:\/\/insmonturiol.cat\/wp-content\/uploads\/2018\/06\/1r-ESO-Matem\u00e0tiques.pdf\">1r ESO Matem\u00e0tiques<\/a><\/p>\n<p><a href=\"http:\/\/insmonturiol.cat\/wp-content\/uploads\/2018\/06\/1r-ESO-M\u00fasica.pdf\">1r ESO M\u00fasica<\/a><\/p>\n<p><a href=\"http:\/\/insmonturiol.cat\/wp-content\/uploads\/2018\/06\/1r-ESO-Tecnologia.pdf\">1r ESO Tecnologia<\/a><\/p>\n<h2><span style=\"color: #008000;\">2n ESO<\/span><\/h2>\n<p><a href=\"http:\/\/insmonturiol.cat\/wp-content\/uploads\/2018\/06\/2n-ESO-Angl\u00e8s.pdf\">2n ESO Angl\u00e8s<\/a><\/p>\n<p>2n ESO Ci\u00e8ncies Socials <span style=\"color: #ff0000;\">feu clic a l&#8217;enlla\u00e7:<\/span> <a href=\"https:\/\/sites.google.com\/insmonturiol.cat\/tasquesdestiu2eso\/tasques-destiu_2eso?authuser=1\">Feines estiu Ci\u00e8ncies Socials 2n ESO<\/a><\/p>\n<p><a href=\"http:\/\/insmonturiol.cat\/wp-content\/uploads\/2018\/06\/2n-ESO-Dibuix-Feines-d\u00b4estiu.pdf\">2n ESO Dibuix Feines d\u00b4estiu<\/a><\/p>\n<p><a href=\"http:\/\/insmonturiol.cat\/wp-content\/uploads\/2018\/06\/2n-ESO-Dibuix-Feines-recuperaci\u00f3.pdf\">2n ESO Dibuix Feines recuperaci\u00f3<\/a><\/p>\n<p><a href=\"http:\/\/insmonturiol.cat\/wp-content\/uploads\/2018\/06\/2n-ESO-Educaci\u00f3-F\u00edsica.pdf\">2n ESO Educaci\u00f3 F\u00edsica<\/a><\/p>\n<p><a href=\"http:\/\/insmonturiol.cat\/wp-content\/uploads\/2018\/06\/2n-ESO-F\u00edsica-i-Qu\u00edmica.pdf\">2n ESO F\u00edsica i Qu\u00edmica<\/a><\/p>\n<p><a href=\"http:\/\/insmonturiol.cat\/wp-content\/uploads\/2018\/06\/2n-ESO-Llengua-Castellana-1.pdf\">2n ESO Llengua Castellana<\/a><\/p>\n<p><a href=\"http:\/\/insmonturiol.cat\/wp-content\/uploads\/2018\/06\/2n-ESO-Llengua-Catalana.pdf\">2n ESO Llengua Catalana<\/a><\/p>\n<p><a href=\"http:\/\/insmonturiol.cat\/wp-content\/uploads\/2018\/06\/2n-ESO-Matem\u00e0tiques-grup-refor\u00e7.pdf\">2n ESO Matem\u00e0tiques grup refor\u00e7<\/a><\/p>\n<p><a href=\"http:\/\/insmonturiol.cat\/wp-content\/uploads\/2018\/06\/2n-ESO-Matem\u00e0tiques.pdf\">2n ESO Matem\u00e0tiques<\/a><\/p>\n<p><a href=\"http:\/\/insmonturiol.cat\/wp-content\/uploads\/2018\/06\/2n-ESO-Tecnologia.pdf\">2n ESO Tecnologia<\/a><\/p>\n<h2><span style=\"color: #ff6600;\">3r ESO<\/span><\/h2>\n<p><a href=\"http:\/\/insmonturiol.cat\/wp-content\/uploads\/2018\/06\/3r-ESO-Angl\u00e8s-1.pdf\">3r ESO Angl\u00e8s<\/a><\/p>\n<p>Les tasques de Ci\u00e8ncies Socials les trobareu en dos fitxers: 1 i 2<\/p>\n<p><a href=\"http:\/\/insmonturiol.cat\/wp-content\/uploads\/2018\/06\/3r-ESO-Ci\u00e8ncies-Socials-part-1.pdf\">3r ESO Ci\u00e8ncies Socials part 1<\/a><\/p>\n<p><a href=\"http:\/\/insmonturiol.cat\/wp-content\/uploads\/2018\/06\/3r-ESO-Ci\u00e8ncies-Socials-part-2.pdf\">3r ESO Ci\u00e8ncies Socials part 2<\/a><\/p>\n<p><a href=\"http:\/\/insmonturiol.cat\/wp-content\/uploads\/2018\/06\/3r-ESO-Educaci\u00f3-F\u00edsica.pdf\">3r ESO Educaci\u00f3 F\u00edsica<\/a><\/p>\n<p><a href=\"http:\/\/insmonturiol.cat\/wp-content\/uploads\/2018\/06\/3r-ESO-F\u00edsica-i-Qu\u00edmica.pdf\">3r ESO F\u00edsica i Qu\u00edmica<\/a><\/p>\n<p><a href=\"http:\/\/insmonturiol.cat\/wp-content\/uploads\/2018\/06\/3r-ESO-Llengua-Castellana.pdf\">3r ESO Llengua Castellana<\/a><\/p>\n<p><a href=\"http:\/\/insmonturiol.cat\/wp-content\/uploads\/2018\/06\/3r-ESO-Llengua-Catalana-consolidaci\u00f3.pdf\">3r ESO Llengua Catalana consolidaci\u00f3<\/a><\/p>\n<p><a href=\"http:\/\/insmonturiol.cat\/wp-content\/uploads\/2018\/06\/3r-ESO-Llengua-Ctalana-recuperaci\u00f3.pdf\">3r ESO Llengua Ctalana recuperaci\u00f3<\/a><\/p>\n<p><a href=\"http:\/\/insmonturiol.cat\/wp-content\/uploads\/2018\/06\/3r-ESO-M\u00fasica.pdf\">3r ESO M\u00fasica<\/a><\/p>\n<p><a href=\"http:\/\/insmonturiol.cat\/wp-content\/uploads\/2018\/06\/3r-ESO-Tecnologia.pdf\">3r ESO Tecnologia<\/a><\/p>\n<p><a href=\"http:\/\/insmonturiol.cat\/wp-content\/uploads\/2018\/06\/3r-ESO-X-Y-Matem\u00e0tiques.pdf\">3r ESO X Y Matem\u00e0tiques<\/a><\/p>\n<p><a href=\"http:\/\/insmonturiol.cat\/wp-content\/uploads\/2018\/06\/3r-ESO-Z-Matem\u00e0tiques.pdf\">3r ESO Z Matem\u00e0tiques<\/a><\/p>\n<h2><span style=\"color: #800080;\">4t ESO<\/span><\/h2>\n<p><a href=\"http:\/\/insmonturiol.cat\/wp-content\/uploads\/2018\/06\/4t-ESO-Angl\u00e8s-1.pdf\">4t ESO Angl\u00e8s<\/a><\/p>\n<p><a href=\"http:\/\/insmonturiol.cat\/wp-content\/uploads\/2018\/06\/4t-ESO-Coi\u00e8ncies-Socials.pdf\">4t ESO Coi\u00e8ncies Socials<\/a><\/p>\n<p><a href=\"http:\/\/insmonturiol.cat\/wp-content\/uploads\/2018\/06\/4t-ESO-Llengua-Castellana.pdf\">4t ESO Llengua Castellana<\/a><\/p>\n<p><a href=\"http:\/\/insmonturiol.cat\/wp-content\/uploads\/2018\/06\/4t-ESO-Llengua-Catalana.pdf\">4t ESO Llengua Catalana<\/a><\/p>\n<p><a href=\"http:\/\/insmonturiol.cat\/wp-content\/uploads\/2018\/06\/4t-ESO-Matem\u00e0tiques.pdf\">4t ESO Matem\u00e0tiques<\/a><\/p>\n<p><a href=\"http:\/\/insmonturiol.cat\/wp-content\/uploads\/2018\/06\/4t-ESO-Tecnologia.pdf\">4t ESO Tecnologia<\/a><\/p>\n<h2><span style=\"color: #008000;\">1r Batxillerat<\/span><\/h2>\n<p><a href=\"http:\/\/insmonturiol.cat\/wp-content\/uploads\/2018\/06\/1r-Batxillerat-Angl\u00e8s.pdf\">1r Batxillerat Angl\u00e8s<\/a><\/p>\n<p><a href=\"http:\/\/insmonturiol.cat\/wp-content\/uploads\/2018\/06\/1r-Batxillerat-Ci\u00e8ncies-pel-M\u00f3n-Contemporani.pdf\">1r Batxillerat Ci\u00e8ncies pel M\u00f3n Contemporani<\/a><\/p>\n<p><a href=\"http:\/\/insmonturiol.cat\/wp-content\/uploads\/2018\/06\/1r-Batxillerat-F\u00edsica.pdf\">1r Batxillerat F\u00edsica<\/a><\/p>\n<p><a href=\"http:\/\/insmonturiol.cat\/wp-content\/uploads\/2018\/06\/1r-Batxillerat-Hist\u00f2ria-M\u00f3n-Contemporani-quadern-recuperaci\u00f3-estiu.pdf\">1r Batxillerat Hist\u00f2ria M\u00f3n Contemporani quadern recuperaci\u00f3 estiu<\/a><\/p>\n<p><a href=\"http:\/\/insmonturiol.cat\/wp-content\/uploads\/2018\/06\/1r-Batxillerat-Hist\u00f2ria-M\u00f3n-Contemporani-tasques-ampliaci\u00f3-estiu.pdf\">1r Batxillerat Hist\u00f2ria M\u00f3n Contemporani tasques ampliaci\u00f3 estiu<\/a><\/p>\n<p><a href=\"http:\/\/insmonturiol.cat\/wp-content\/uploads\/2018\/06\/1r-Batxillerat-Llengua-Castellana.pdf\">1r Batxillerat Llengua Castellana<\/a><\/p>\n<p><a href=\"http:\/\/insmonturiol.cat\/wp-content\/uploads\/2018\/06\/1r-Batxillerat-Llengua-Catalana.pdf\">1r Batxillerat Llengua Catalana<\/a><\/p>\n<p><a href=\"http:\/\/insmonturiol.cat\/wp-content\/uploads\/2018\/06\/1r-Battxillerat-Matem\u00e0tiques.pdf\">1r Battxillerat Matem\u00e0tiques<\/a><\/p>\n<p><a href=\"http:\/\/insmonturiol.cat\/wp-content\/uploads\/2018\/06\/1r-Batxillerat-Matem\u00e0tiques-de-les-Ci\u00e8ncies-Socials.pdf\">1r Batxillerat Matem\u00e0tiques de les Ci\u00e8ncies Socials<\/a><\/p>\n<p><a href=\"http:\/\/insmonturiol.cat\/wp-content\/uploads\/2018\/06\/1r-Batxillerat-Tecnologia-Industrial.pdf\">1r Batxillerat Tecnologia Industrial<\/a><\/p>\n","protected":false},"excerpt":{"rendered":"<p>A continuaci\u00f3 trobareu les feines d\u2019estiu dels diferents cursos i mat\u00e8ries. Algunes assignatures recomanen tasques que us serviran per estar m\u00e9s ben preparats de cara al curs vinent.<br \/>\nTots aquells que teniu mat\u00e8ries pendents per Setembre RECORDEU: Cal presentar la feina d\u2019estiu el dia de les&hellip;  <a href=\"https:\/\/agora.xtec.cat\/iesnarcismonturiol\/general\/tasques-destiu-2017-2018\/\" title=\"Read Tasques d&#8217;Estiu 2017-2018\">Llegeix m\u00e9s\u00bb<\/a><\/p>\n","protected":false},"author":5,"featured_media":5219,"comment_status":"closed","ping_status":"closed","sticky":false,"template":"","format":"standard","meta":{"_bbp_topic_count":0,"_bbp_reply_count":0,"_bbp_total_topic_count":0,"_bbp_total_reply_count":0,"_bbp_voice_count":0,"_bbp_anonymous_reply_count":0,"_bbp_topic_count_hidden":0,"_bbp_reply_count_hidden":0,"_bbp_forum_subforum_count":0,"footnotes":""},"categories":[1],"tags":[219],"class_list":["post-7378","post","type-post","status-publish","format-standard","has-post-thumbnail","hentry","category-general","tag-feines-estiu"],"post_mailing_queue_ids":[],"_links":{"self":[{"href":"https:\/\/agora.xtec.cat\/iesnarcismonturiol\/wp-json\/wp\/v2\/posts\/7378","targetHints":{"allow":["GET"]}}],"collection":[{"href":"https:\/\/agora.xtec.cat\/iesnarcismonturiol\/wp-json\/wp\/v2\/posts"}],"about":[{"href":"https:\/\/agora.xtec.cat\/iesnarcismonturiol\/wp-json\/wp\/v2\/types\/post"}],"author":[{"embeddable":true,"href":"https:\/\/agora.xtec.cat\/iesnarcismonturiol\/wp-json\/wp\/v2\/users\/5"}],"replies":[{"embeddable":true,"href":"https:\/\/agora.xtec.cat\/iesnarcismonturiol\/wp-json\/wp\/v2\/comments?post=7378"}],"version-history":[{"count":0,"href":"https:\/\/agora.xtec.cat\/iesnarcismonturiol\/wp-json\/wp\/v2\/posts\/7378\/revisions"}],"wp:featuredmedia":[{"embeddable":true,"href":"https:\/\/agora.xtec.cat\/iesnarcismonturiol\/wp-json\/wp\/v2\/media\/5219"}],"wp:attachment":[{"href":"https:\/\/agora.xtec.cat\/iesnarcismonturiol\/wp-json\/wp\/v2\/media?parent=7378"}],"wp:term":[{"taxonomy":"category","embeddable":true,"href":"https:\/\/agora.xtec.cat\/iesnarcismonturiol\/wp-json\/wp\/v2\/categories?post=7378"},{"taxonomy":"post_tag","embeddable":true,"href":"https:\/\/agora.xtec.cat\/iesnarcismonturiol\/wp-json\/wp\/v2\/tags?post=7378"}],"curies":[{"name":"wp","href":"https:\/\/api.w.org\/{rel}","templated":true}]}}