{"id":7374,"date":"2018-06-16T07:27:52","date_gmt":"2018-06-16T07:27:52","guid":{"rendered":"http:\/\/insmonturiol.cat\/2n-deso-treball-projecte-final-collserola"},"modified":"2018-06-16T07:27:52","modified_gmt":"2018-06-16T07:27:52","slug":"2n-deso-treball-projecte-final-collserola","status":"publish","type":"post","link":"https:\/\/agora.xtec.cat\/iesnarcismonturiol\/general\/2n-deso-treball-projecte-final-collserola\/","title":{"rendered":"2n d&#8217;ESO Treball projecte final: Collserola"},"content":{"rendered":"<p><a href=\"http:\/\/insmonturiol.cat\/wp-content\/uploads\/2018\/09\/DSC_0356.jpg\"><img loading=\"lazy\" decoding=\"async\" class=\"size-medium wp-image-7483 alignleft\" src=\"http:\/\/insmonturiol.cat\/wp-content\/uploads\/2018\/09\/DSC_0356-300x200.jpg\" alt=\"\" width=\"300\" height=\"200\" srcset=\"https:\/\/agora.xtec.cat\/iesnarcismonturiol\/wp-content\/uploads\/usu2521\/2018\/09\/DSC_0356-300x200.jpg 300w, https:\/\/agora.xtec.cat\/iesnarcismonturiol\/wp-content\/uploads\/usu2521\/2018\/09\/DSC_0356-1024x683.jpg 1024w, https:\/\/agora.xtec.cat\/iesnarcismonturiol\/wp-content\/uploads\/usu2521\/2018\/09\/DSC_0356-768x512.jpg 768w, https:\/\/agora.xtec.cat\/iesnarcismonturiol\/wp-content\/uploads\/usu2521\/2018\/09\/DSC_0356-1536x1024.jpg 1536w, https:\/\/agora.xtec.cat\/iesnarcismonturiol\/wp-content\/uploads\/usu2521\/2018\/09\/DSC_0356-2048x1365.jpg 2048w\" sizes=\"auto, (max-width: 300px) 100vw, 300px\" \/><\/a><a href=\"http:\/\/insmonturiol.cat\/wp-content\/uploads\/2018\/09\/DSC_0422.jpg\"><img loading=\"lazy\" decoding=\"async\" class=\"size-medium wp-image-7487 alignleft\" src=\"http:\/\/insmonturiol.cat\/wp-content\/uploads\/2018\/09\/DSC_0422-300x200.jpg\" alt=\"\" width=\"300\" height=\"200\" srcset=\"https:\/\/agora.xtec.cat\/iesnarcismonturiol\/wp-content\/uploads\/usu2521\/2018\/09\/DSC_0422-300x200.jpg 300w, https:\/\/agora.xtec.cat\/iesnarcismonturiol\/wp-content\/uploads\/usu2521\/2018\/09\/DSC_0422-1024x683.jpg 1024w, https:\/\/agora.xtec.cat\/iesnarcismonturiol\/wp-content\/uploads\/usu2521\/2018\/09\/DSC_0422-768x512.jpg 768w, https:\/\/agora.xtec.cat\/iesnarcismonturiol\/wp-content\/uploads\/usu2521\/2018\/09\/DSC_0422-1536x1024.jpg 1536w, https:\/\/agora.xtec.cat\/iesnarcismonturiol\/wp-content\/uploads\/usu2521\/2018\/09\/DSC_0422-2048x1365.jpg 2048w\" sizes=\"auto, (max-width: 300px) 100vw, 300px\" \/><\/a>&#8220;Els dies 8 i 13 de juny d&#8217;enguany, l&#8217;alumnat de 2ESO ha dut a terme dues de les sortides del treball de s\u00edntesi sobre Collserola. L&#8217;objectiu era con\u00e8ixer la flora aut\u00f2ctona de la mediterr\u00e0nia i preparar el recorregut que, entre altres activitats, han hagut de realitzar de forma cooperativa com a tasca principal del seu treball de s\u00edntesi. El dia 15 es va dur a la pr\u00e0ctica l&#8217;itinerari m\u00e9s ben elaborat&#8221;<\/p>\n<p><a href=\"http:\/\/insmonturiol.cat\/wp-content\/uploads\/2018\/09\/DSC_0420.jpg\"><img loading=\"lazy\" decoding=\"async\" class=\"size-medium wp-image-7486 alignleft\" src=\"http:\/\/insmonturiol.cat\/wp-content\/uploads\/2018\/09\/DSC_0420-300x200.jpg\" alt=\"\" width=\"300\" height=\"200\" srcset=\"https:\/\/agora.xtec.cat\/iesnarcismonturiol\/wp-content\/uploads\/usu2521\/2018\/09\/DSC_0420-300x200.jpg 300w, https:\/\/agora.xtec.cat\/iesnarcismonturiol\/wp-content\/uploads\/usu2521\/2018\/09\/DSC_0420-1024x683.jpg 1024w, https:\/\/agora.xtec.cat\/iesnarcismonturiol\/wp-content\/uploads\/usu2521\/2018\/09\/DSC_0420-768x512.jpg 768w, https:\/\/agora.xtec.cat\/iesnarcismonturiol\/wp-content\/uploads\/usu2521\/2018\/09\/DSC_0420-1536x1024.jpg 1536w, https:\/\/agora.xtec.cat\/iesnarcismonturiol\/wp-content\/uploads\/usu2521\/2018\/09\/DSC_0420-2048x1365.jpg 2048w\" sizes=\"auto, (max-width: 300px) 100vw, 300px\" \/><\/a><\/p>\n","protected":false},"excerpt":{"rendered":"<p><a href=\"http:\/\/insmonturiol.cat\/wp-content\/uploads\/2018\/09\/DSC_0356.jpg\"><\/a><a href=\"http:\/\/insmonturiol.cat\/wp-content\/uploads\/2018\/09\/DSC_0422.jpg\"><\/a>&#8220;Els dies 8 i 13 de juny d&#8217;enguany, l&#8217;alumnat de 2ESO ha dut a terme dues de les sortides del treball de s\u00edntesi sobre Collserola. L&#8217;objectiu era con\u00e8ixer la flora aut\u00f2ctona de la mediterr\u00e0nia i preparar el recorregut que, entre altres activitats, han&hellip;  <a href=\"https:\/\/agora.xtec.cat\/iesnarcismonturiol\/general\/2n-deso-treball-projecte-final-collserola\/\" title=\"Read 2n d&#8217;ESO Treball projecte final: Collserola\">Llegeix m\u00e9s\u00bb<\/a><\/p>\n","protected":false},"author":5,"featured_media":7484,"comment_status":"closed","ping_status":"closed","sticky":false,"template":"","format":"standard","meta":{"_bbp_topic_count":0,"_bbp_reply_count":0,"_bbp_total_topic_count":0,"_bbp_total_reply_count":0,"_bbp_voice_count":0,"_bbp_anonymous_reply_count":0,"_bbp_topic_count_hidden":0,"_bbp_reply_count_hidden":0,"_bbp_forum_subforum_count":0,"footnotes":""},"categories":[1],"tags":[313,314],"class_list":["post-7374","post","type-post","status-publish","format-standard","has-post-thumbnail","hentry","category-general","tag-treball-per-projectes","tag-treballs-de-recerca"],"post_mailing_queue_ids":[],"_links":{"self":[{"href":"https:\/\/agora.xtec.cat\/iesnarcismonturiol\/wp-json\/wp\/v2\/posts\/7374","targetHints":{"allow":["GET"]}}],"collection":[{"href":"https:\/\/agora.xtec.cat\/iesnarcismonturiol\/wp-json\/wp\/v2\/posts"}],"about":[{"href":"https:\/\/agora.xtec.cat\/iesnarcismonturiol\/wp-json\/wp\/v2\/types\/post"}],"author":[{"embeddable":true,"href":"https:\/\/agora.xtec.cat\/iesnarcismonturiol\/wp-json\/wp\/v2\/users\/5"}],"replies":[{"embeddable":true,"href":"https:\/\/agora.xtec.cat\/iesnarcismonturiol\/wp-json\/wp\/v2\/comments?post=7374"}],"version-history":[{"count":0,"href":"https:\/\/agora.xtec.cat\/iesnarcismonturiol\/wp-json\/wp\/v2\/posts\/7374\/revisions"}],"wp:featuredmedia":[{"embeddable":true,"href":"https:\/\/agora.xtec.cat\/iesnarcismonturiol\/wp-json\/wp\/v2\/media\/7484"}],"wp:attachment":[{"href":"https:\/\/agora.xtec.cat\/iesnarcismonturiol\/wp-json\/wp\/v2\/media?parent=7374"}],"wp:term":[{"taxonomy":"category","embeddable":true,"href":"https:\/\/agora.xtec.cat\/iesnarcismonturiol\/wp-json\/wp\/v2\/categories?post=7374"},{"taxonomy":"post_tag","embeddable":true,"href":"https:\/\/agora.xtec.cat\/iesnarcismonturiol\/wp-json\/wp\/v2\/tags?post=7374"}],"curies":[{"name":"wp","href":"https:\/\/api.w.org\/{rel}","templated":true}]}}