{"id":737,"date":"2012-02-02T18:00:55","date_gmt":"2012-02-02T18:00:55","guid":{"rendered":"http:\/\/insmonturiol.cat\/comunicat-families"},"modified":"2012-02-02T18:00:55","modified_gmt":"2012-02-02T18:00:55","slug":"comunicat-families","status":"publish","type":"post","link":"https:\/\/agora.xtec.cat\/iesnarcismonturiol\/general\/comunicat-families\/","title":{"rendered":"Comunicat fam\u00edlies"},"content":{"rendered":"<p>El Consorci d&#8217;Educaci\u00f3 de Barcelona ens comunica que a partir de les 7 de la tarda s&#8217;anir\u00e0 informant en els diferents mitjans informatius (r\u00e0dio i televisi\u00f3) de les previsions per dem\u00e0<\/p>\n<p>Aneu mirant les informacions que aniran donant cada hora els butlletins informatius de les emisores de r\u00e0dio i en el 3\/24 de televisi\u00f3.<\/p>\n","protected":false},"excerpt":{"rendered":"<p>El Consorci d&#8217;Educaci\u00f3 de Barcelona ens comunica que a partir de les 7 de la tarda s&#8217;anir\u00e0 informant en els diferents mitjans informatius (r\u00e0dio i televisi\u00f3) de les previsions per dem\u00e0<br \/>\nAneu mirant les informacions que aniran donant cada hora els butlletins informatius de les emisores&hellip;  <a href=\"https:\/\/agora.xtec.cat\/iesnarcismonturiol\/general\/comunicat-families\/\" title=\"Read Comunicat fam\u00edlies\">Llegeix m\u00e9s\u00bb<\/a><\/p>\n","protected":false},"author":5,"featured_media":5226,"comment_status":"closed","ping_status":"closed","sticky":false,"template":"","format":"standard","meta":{"_bbp_topic_count":0,"_bbp_reply_count":0,"_bbp_total_topic_count":0,"_bbp_total_reply_count":0,"_bbp_voice_count":0,"_bbp_anonymous_reply_count":0,"_bbp_topic_count_hidden":0,"_bbp_reply_count_hidden":0,"_bbp_forum_subforum_count":0,"footnotes":""},"categories":[1],"tags":[],"class_list":["post-737","post","type-post","status-publish","format-standard","has-post-thumbnail","hentry","category-general"],"post_mailing_queue_ids":[],"_links":{"self":[{"href":"https:\/\/agora.xtec.cat\/iesnarcismonturiol\/wp-json\/wp\/v2\/posts\/737","targetHints":{"allow":["GET"]}}],"collection":[{"href":"https:\/\/agora.xtec.cat\/iesnarcismonturiol\/wp-json\/wp\/v2\/posts"}],"about":[{"href":"https:\/\/agora.xtec.cat\/iesnarcismonturiol\/wp-json\/wp\/v2\/types\/post"}],"author":[{"embeddable":true,"href":"https:\/\/agora.xtec.cat\/iesnarcismonturiol\/wp-json\/wp\/v2\/users\/5"}],"replies":[{"embeddable":true,"href":"https:\/\/agora.xtec.cat\/iesnarcismonturiol\/wp-json\/wp\/v2\/comments?post=737"}],"version-history":[{"count":0,"href":"https:\/\/agora.xtec.cat\/iesnarcismonturiol\/wp-json\/wp\/v2\/posts\/737\/revisions"}],"wp:featuredmedia":[{"embeddable":true,"href":"https:\/\/agora.xtec.cat\/iesnarcismonturiol\/wp-json\/wp\/v2\/media\/5226"}],"wp:attachment":[{"href":"https:\/\/agora.xtec.cat\/iesnarcismonturiol\/wp-json\/wp\/v2\/media?parent=737"}],"wp:term":[{"taxonomy":"category","embeddable":true,"href":"https:\/\/agora.xtec.cat\/iesnarcismonturiol\/wp-json\/wp\/v2\/categories?post=737"},{"taxonomy":"post_tag","embeddable":true,"href":"https:\/\/agora.xtec.cat\/iesnarcismonturiol\/wp-json\/wp\/v2\/tags?post=737"}],"curies":[{"name":"wp","href":"https:\/\/api.w.org\/{rel}","templated":true}]}}