{"id":7348,"date":"2018-06-18T07:58:28","date_gmt":"2018-06-18T07:58:28","guid":{"rendered":"http:\/\/insmonturiol.cat\/3e-annee-deso-voyage-perpignan-et-cotlliure"},"modified":"2018-06-18T07:58:28","modified_gmt":"2018-06-18T07:58:28","slug":"3e-annee-deso-voyage-perpignan-et-cotlliure","status":"publish","type":"post","link":"https:\/\/agora.xtec.cat\/iesnarcismonturiol\/general\/3e-annee-deso-voyage-perpignan-et-cotlliure\/","title":{"rendered":"3\u00e8 ann\u00e9e d&#8217;ESO voyage Perpignan et Cotlliure"},"content":{"rendered":"<p>Les derniers 14 et 15 juin les \u00e9l\u00e8ves de 3e ann\u00e9e d\u2019ESO de notre coll\u00e8ge ont fait une sortie scolaire dans le cadre du \u201cTreball de S\u00edntesi\u201d au sud de la France. Avec le sujet de l\u2019exil comme axe principal de notre voyage, nous avons visit\u00e9 tout d\u2019abord le MUME (Museu Memorial de l\u2019Exili). Cet \u00e9quipement mus\u00e9ologique, inaugur\u00e9 en f\u00e9vrier\u00a02008, est situ\u00e9 \u00e0 La\u00a0Jonquera, sur la ligne frontali\u00e8re entre l\u2019Espagne et la France. La visite a \u00e9t\u00e9 libre et on a pu bien profit\u00e9 l\u2019ensemble du dispositif mus\u00e9ologique en essayant de nous situer dans le processus que l\u2019on conna\u00eet en l\u2019Espagne comme \u00ab\u00a0la r\u00e9cup\u00e9ration de la m\u00e9moire historique\u00a0\u00bb.<\/p>\n<p><a href=\"http:\/\/insmonturiol.cat\/wp-content\/uploads\/2018\/06\/mume-2.jpg\"><img loading=\"lazy\" decoding=\"async\" class=\"size-medium wp-image-7352 alignleft\" src=\"http:\/\/insmonturiol.cat\/wp-content\/uploads\/2018\/06\/mume-2-300x176.jpg\" alt=\"\" width=\"300\" height=\"176\" srcset=\"https:\/\/agora.xtec.cat\/iesnarcismonturiol\/wp-content\/uploads\/usu2521\/2018\/06\/mume-2-300x176.jpg 300w, https:\/\/agora.xtec.cat\/iesnarcismonturiol\/wp-content\/uploads\/usu2521\/2018\/06\/mume-2-1024x602.jpg 1024w, https:\/\/agora.xtec.cat\/iesnarcismonturiol\/wp-content\/uploads\/usu2521\/2018\/06\/mume-2-768x451.jpg 768w, https:\/\/agora.xtec.cat\/iesnarcismonturiol\/wp-content\/uploads\/usu2521\/2018\/06\/mume-2.jpg 1300w\" sizes=\"auto, (max-width: 300px) 100vw, 300px\" \/><\/a> <a href=\"http:\/\/insmonturiol.cat\/wp-content\/uploads\/2018\/06\/mume.jpg\"><img loading=\"lazy\" decoding=\"async\" class=\"size-medium wp-image-7353 alignleft\" src=\"http:\/\/insmonturiol.cat\/wp-content\/uploads\/2018\/06\/mume-300x225.jpg\" alt=\"\" width=\"300\" height=\"225\" srcset=\"https:\/\/agora.xtec.cat\/iesnarcismonturiol\/wp-content\/uploads\/usu2521\/2018\/06\/mume-300x225.jpg 300w, https:\/\/agora.xtec.cat\/iesnarcismonturiol\/wp-content\/uploads\/usu2521\/2018\/06\/mume-1024x769.jpg 1024w, https:\/\/agora.xtec.cat\/iesnarcismonturiol\/wp-content\/uploads\/usu2521\/2018\/06\/mume-768x576.jpg 768w, https:\/\/agora.xtec.cat\/iesnarcismonturiol\/wp-content\/uploads\/usu2521\/2018\/06\/mume-200x150.jpg 200w, https:\/\/agora.xtec.cat\/iesnarcismonturiol\/wp-content\/uploads\/usu2521\/2018\/06\/mume.jpg 1199w\" sizes=\"auto, (max-width: 300px) 100vw, 300px\" \/><\/a>Visite libre au MUME<\/p>\n<p>&nbsp;<\/p>\n<p>&nbsp;<\/p>\n<p>&nbsp;<\/p>\n<p>&nbsp;<\/p>\n<p>&nbsp;<\/p>\n<p>&nbsp;<\/p>\n<p><a href=\"http:\/\/insmonturiol.cat\/wp-content\/uploads\/2018\/06\/promenade-a-perpignan.jpg\"><img loading=\"lazy\" decoding=\"async\" class=\"size-medium wp-image-7354 alignleft\" src=\"http:\/\/insmonturiol.cat\/wp-content\/uploads\/2018\/06\/promenade-a-perpignan-300x225.jpg\" alt=\"\" width=\"300\" height=\"225\" srcset=\"https:\/\/agora.xtec.cat\/iesnarcismonturiol\/wp-content\/uploads\/usu2521\/2018\/06\/promenade-a-perpignan-300x225.jpg 300w, https:\/\/agora.xtec.cat\/iesnarcismonturiol\/wp-content\/uploads\/usu2521\/2018\/06\/promenade-a-perpignan-768x576.jpg 768w, https:\/\/agora.xtec.cat\/iesnarcismonturiol\/wp-content\/uploads\/usu2521\/2018\/06\/promenade-a-perpignan-200x150.jpg 200w, https:\/\/agora.xtec.cat\/iesnarcismonturiol\/wp-content\/uploads\/usu2521\/2018\/06\/promenade-a-perpignan.jpg 776w\" sizes=\"auto, (max-width: 300px) 100vw, 300px\" \/><\/a>Promenade \u00e0 Perpignan<\/p>\n<p>L\u2019apr\u00e8s-midi nous sommes arriv\u00e9s \u00e0 Perpignan o\u00f9 l\u2019on a visit\u00e9 les endroits les plus remarquables du centre-ville et le lendemain nous nous sommes dirig\u00e9s \u00e0 Collioure pour refaire le chemin d\u2019Antonio Machado dans son exil.<\/p>\n<p>&nbsp;<\/p>\n<p><a href=\"http:\/\/insmonturiol.cat\/wp-content\/uploads\/2018\/06\/cotlliure.jpg\"><img loading=\"lazy\" decoding=\"async\" class=\"size-medium wp-image-7350 alignleft\" src=\"http:\/\/insmonturiol.cat\/wp-content\/uploads\/2018\/06\/cotlliure-300x225.jpg\" alt=\"\" width=\"300\" height=\"225\" srcset=\"https:\/\/agora.xtec.cat\/iesnarcismonturiol\/wp-content\/uploads\/usu2521\/2018\/06\/cotlliure-300x225.jpg 300w, https:\/\/agora.xtec.cat\/iesnarcismonturiol\/wp-content\/uploads\/usu2521\/2018\/06\/cotlliure-1024x767.jpg 1024w, https:\/\/agora.xtec.cat\/iesnarcismonturiol\/wp-content\/uploads\/usu2521\/2018\/06\/cotlliure-768x575.jpg 768w, https:\/\/agora.xtec.cat\/iesnarcismonturiol\/wp-content\/uploads\/usu2521\/2018\/06\/cotlliure-200x150.jpg 200w, https:\/\/agora.xtec.cat\/iesnarcismonturiol\/wp-content\/uploads\/usu2521\/2018\/06\/cotlliure.jpg 1300w\" sizes=\"auto, (max-width: 300px) 100vw, 300px\" \/><\/a>Panorama Ch\u00e2teau Royal<\/p>\n<p>Apr\u00e8s avoir mont\u00e9 jusqu\u2019au Ch\u00e2teau Royal pour donner des indications sur la matin\u00e9e et prendre une belle photo, on a fait une tourn\u00e9e dans la ville et on s\u2019est dirig\u00e9s jusqu\u2019au cimeti\u00e8re afin de visiter le tombeau de Machado o\u00f9 l\u2019on a fait une petite lecture de po\u00e8mes en hommage. Et pour bien finir la matin\u00e9e on est arriv\u00e9 jusqu\u2019au port de Collioure pour profiter de la vue offerte et manger quelque chose de typique avant de repartir vers Barcelone.<\/p>\n<p>Une br\u00e8ve escapade charg\u00e9e de visites int\u00e9ressantes !<\/p>\n<p><a href=\"http:\/\/insmonturiol.cat\/wp-content\/uploads\/2018\/06\/cotlliure-2-e1529567640415.jpg\"><img loading=\"lazy\" decoding=\"async\" class=\"size-medium wp-image-7349 alignleft\" src=\"http:\/\/insmonturiol.cat\/wp-content\/uploads\/2018\/06\/cotlliure-2-e1529567640415-259x300.jpg\" alt=\"\" width=\"259\" height=\"300\" srcset=\"https:\/\/agora.xtec.cat\/iesnarcismonturiol\/wp-content\/uploads\/usu2521\/2018\/06\/cotlliure-2-e1529567640415-259x300.jpg 259w, https:\/\/agora.xtec.cat\/iesnarcismonturiol\/wp-content\/uploads\/usu2521\/2018\/06\/cotlliure-2-e1529567640415.jpg 741w\" sizes=\"auto, (max-width: 259px) 100vw, 259px\" \/><\/a>Port de Collioure,<\/p>\n<p><a href=\"http:\/\/insmonturiol.cat\/wp-content\/uploads\/2016\/06\/IMG_20160609_122258577.jpg\"><br \/>\n<\/a>Visite et hommage \u00e0 Antonio Machado,<a href=\"http:\/\/insmonturiol.cat\/wp-content\/uploads\/2018\/06\/hommage-antonio-machado.jpg\"><img loading=\"lazy\" decoding=\"async\" class=\"size-medium wp-image-7351 alignleft\" src=\"http:\/\/insmonturiol.cat\/wp-content\/uploads\/2018\/06\/hommage-antonio-machado-300x225.jpg\" alt=\"\" width=\"300\" height=\"225\" srcset=\"https:\/\/agora.xtec.cat\/iesnarcismonturiol\/wp-content\/uploads\/usu2521\/2018\/06\/hommage-antonio-machado-300x225.jpg 300w, https:\/\/agora.xtec.cat\/iesnarcismonturiol\/wp-content\/uploads\/usu2521\/2018\/06\/hommage-antonio-machado-1024x767.jpg 1024w, https:\/\/agora.xtec.cat\/iesnarcismonturiol\/wp-content\/uploads\/usu2521\/2018\/06\/hommage-antonio-machado-768x575.jpg 768w, https:\/\/agora.xtec.cat\/iesnarcismonturiol\/wp-content\/uploads\/usu2521\/2018\/06\/hommage-antonio-machado-200x150.jpg 200w, https:\/\/agora.xtec.cat\/iesnarcismonturiol\/wp-content\/uploads\/usu2521\/2018\/06\/hommage-antonio-machado.jpg 1300w\" sizes=\"auto, (max-width: 300px) 100vw, 300px\" \/><\/a><\/p>\n","protected":false},"excerpt":{"rendered":"<p>Les derniers 14 et 15 juin les \u00e9l\u00e8ves de 3e ann\u00e9e d\u2019ESO de notre coll\u00e8ge ont fait une sortie scolaire dans le cadre du \u201cTreball de S\u00edntesi\u201d au sud de la France. Avec le sujet de l\u2019exil comme axe principal de notre voyage, nous avons&hellip;  <a href=\"https:\/\/agora.xtec.cat\/iesnarcismonturiol\/general\/3e-annee-deso-voyage-perpignan-et-cotlliure\/\" title=\"Read 3\u00e8 ann\u00e9e d&#8217;ESO voyage Perpignan et Cotlliure\">Llegeix m\u00e9s\u00bb<\/a><\/p>\n","protected":false},"author":5,"featured_media":7353,"comment_status":"closed","ping_status":"closed","sticky":false,"template":"","format":"standard","meta":{"_bbp_topic_count":0,"_bbp_reply_count":0,"_bbp_total_topic_count":0,"_bbp_total_reply_count":0,"_bbp_voice_count":0,"_bbp_anonymous_reply_count":0,"_bbp_topic_count_hidden":0,"_bbp_reply_count_hidden":0,"_bbp_forum_subforum_count":0,"footnotes":""},"categories":[1],"tags":[225,231,245,263,293,313],"class_list":["post-7348","post","type-post","status-publish","format-standard","has-post-thumbnail","hentry","category-general","tag-frances","tag-historia","tag-literatura","tag-musica","tag-treball-recerca","tag-treball-per-projectes"],"post_mailing_queue_ids":[],"_links":{"self":[{"href":"https:\/\/agora.xtec.cat\/iesnarcismonturiol\/wp-json\/wp\/v2\/posts\/7348","targetHints":{"allow":["GET"]}}],"collection":[{"href":"https:\/\/agora.xtec.cat\/iesnarcismonturiol\/wp-json\/wp\/v2\/posts"}],"about":[{"href":"https:\/\/agora.xtec.cat\/iesnarcismonturiol\/wp-json\/wp\/v2\/types\/post"}],"author":[{"embeddable":true,"href":"https:\/\/agora.xtec.cat\/iesnarcismonturiol\/wp-json\/wp\/v2\/users\/5"}],"replies":[{"embeddable":true,"href":"https:\/\/agora.xtec.cat\/iesnarcismonturiol\/wp-json\/wp\/v2\/comments?post=7348"}],"version-history":[{"count":0,"href":"https:\/\/agora.xtec.cat\/iesnarcismonturiol\/wp-json\/wp\/v2\/posts\/7348\/revisions"}],"wp:featuredmedia":[{"embeddable":true,"href":"https:\/\/agora.xtec.cat\/iesnarcismonturiol\/wp-json\/wp\/v2\/media\/7353"}],"wp:attachment":[{"href":"https:\/\/agora.xtec.cat\/iesnarcismonturiol\/wp-json\/wp\/v2\/media?parent=7348"}],"wp:term":[{"taxonomy":"category","embeddable":true,"href":"https:\/\/agora.xtec.cat\/iesnarcismonturiol\/wp-json\/wp\/v2\/categories?post=7348"},{"taxonomy":"post_tag","embeddable":true,"href":"https:\/\/agora.xtec.cat\/iesnarcismonturiol\/wp-json\/wp\/v2\/tags?post=7348"}],"curies":[{"name":"wp","href":"https:\/\/api.w.org\/{rel}","templated":true}]}}