{"id":7276,"date":"2018-06-10T16:08:23","date_gmt":"2018-06-10T16:08:23","guid":{"rendered":"http:\/\/insmonturiol.cat\/1r-deso-projecte-ciencia-ciutadana-mosquitoalert"},"modified":"2018-06-10T16:08:23","modified_gmt":"2018-06-10T16:08:23","slug":"1r-deso-projecte-ciencia-ciutadana-mosquitoalert","status":"publish","type":"post","link":"https:\/\/agora.xtec.cat\/iesnarcismonturiol\/general\/1r-deso-projecte-ciencia-ciutadana-mosquitoalert\/","title":{"rendered":"1r d&#8217;ESO Projecte: Ci\u00e8ncia ciutadana MosquitoAlert"},"content":{"rendered":"<p>Durant el tercer trimestre d&#8217;aquest curs, l&#8217;alumnat de 1r d&#8217;ESO ha participat en el programa de ci\u00e8ncia ciutadana MosquitoAlert i ho han fet des de projectes i ci\u00e8ncies naturals. El programa pret\u00e9n formar ciutadans per tal que col\u00b7laborin en el control de la plaga del mosquit tigre. Durant el projecte han estudiat el mosquit en totes les fases del seu cicle vital, han apr\u00e8s a detectar fotografiar possibles punts de cria per pujar-los a l&#8217;App del programa. Al final del proc\u00e9s han realitzat un tr\u00edptic o un p\u00f2ster amb el que han apr\u00e8s i un grup d&#8217;alumnes van anar al festival de la ci\u00e8ncia de Barcelona per explicar-ho.<\/p>\n<p>Les pr\u00e0ctiques al laboratori<\/p>\n<p><a href=\"http:\/\/insmonturiol.cat\/wp-content\/uploads\/2018\/06\/Lab2.jpg\"><img loading=\"lazy\" decoding=\"async\" class=\"size-medium wp-image-7285 alignleft\" src=\"http:\/\/insmonturiol.cat\/wp-content\/uploads\/2018\/06\/Lab2-300x225.jpg\" alt=\"\" width=\"300\" height=\"225\" srcset=\"https:\/\/agora.xtec.cat\/iesnarcismonturiol\/wp-content\/uploads\/usu2521\/2018\/06\/Lab2-300x225.jpg 300w, https:\/\/agora.xtec.cat\/iesnarcismonturiol\/wp-content\/uploads\/usu2521\/2018\/06\/Lab2-1024x768.jpg 1024w, https:\/\/agora.xtec.cat\/iesnarcismonturiol\/wp-content\/uploads\/usu2521\/2018\/06\/Lab2-768x576.jpg 768w, https:\/\/agora.xtec.cat\/iesnarcismonturiol\/wp-content\/uploads\/usu2521\/2018\/06\/Lab2-1536x1152.jpg 1536w, https:\/\/agora.xtec.cat\/iesnarcismonturiol\/wp-content\/uploads\/usu2521\/2018\/06\/Lab2-2048x1536.jpg 2048w, https:\/\/agora.xtec.cat\/iesnarcismonturiol\/wp-content\/uploads\/usu2521\/2018\/06\/Lab2-200x150.jpg 200w\" sizes=\"auto, (max-width: 300px) 100vw, 300px\" \/><\/a><a href=\"http:\/\/insmonturiol.cat\/wp-content\/uploads\/2018\/06\/Lab3-e1529336005981.jpg\"><img loading=\"lazy\" decoding=\"async\" class=\"size-medium wp-image-7286 alignleft\" src=\"http:\/\/insmonturiol.cat\/wp-content\/uploads\/2018\/06\/Lab3-e1529336005981-225x300.jpg\" alt=\"\" width=\"225\" height=\"300\" srcset=\"https:\/\/agora.xtec.cat\/iesnarcismonturiol\/wp-content\/uploads\/usu2521\/2018\/06\/Lab3-e1529336005981-225x300.jpg 225w, https:\/\/agora.xtec.cat\/iesnarcismonturiol\/wp-content\/uploads\/usu2521\/2018\/06\/Lab3-e1529336005981-768x1024.jpg 768w, https:\/\/agora.xtec.cat\/iesnarcismonturiol\/wp-content\/uploads\/usu2521\/2018\/06\/Lab3-e1529336005981-1152x1536.jpg 1152w, https:\/\/agora.xtec.cat\/iesnarcismonturiol\/wp-content\/uploads\/usu2521\/2018\/06\/Lab3-e1529336005981-1536x2048.jpg 1536w, https:\/\/agora.xtec.cat\/iesnarcismonturiol\/wp-content\/uploads\/usu2521\/2018\/06\/Lab3-e1529336005981-scaled.jpg 1920w\" sizes=\"auto, (max-width: 225px) 100vw, 225px\" \/><\/a><a href=\"http:\/\/insmonturiol.cat\/wp-content\/uploads\/2018\/06\/Lab1.jpg\"><img loading=\"lazy\" decoding=\"async\" class=\"size-medium wp-image-7284 alignleft\" src=\"http:\/\/insmonturiol.cat\/wp-content\/uploads\/2018\/06\/Lab1-300x225.jpg\" alt=\"\" width=\"300\" height=\"225\" srcset=\"https:\/\/agora.xtec.cat\/iesnarcismonturiol\/wp-content\/uploads\/usu2521\/2018\/06\/Lab1-300x225.jpg 300w, https:\/\/agora.xtec.cat\/iesnarcismonturiol\/wp-content\/uploads\/usu2521\/2018\/06\/Lab1-1024x768.jpg 1024w, https:\/\/agora.xtec.cat\/iesnarcismonturiol\/wp-content\/uploads\/usu2521\/2018\/06\/Lab1-768x576.jpg 768w, https:\/\/agora.xtec.cat\/iesnarcismonturiol\/wp-content\/uploads\/usu2521\/2018\/06\/Lab1-1536x1152.jpg 1536w, https:\/\/agora.xtec.cat\/iesnarcismonturiol\/wp-content\/uploads\/usu2521\/2018\/06\/Lab1-2048x1536.jpg 2048w, https:\/\/agora.xtec.cat\/iesnarcismonturiol\/wp-content\/uploads\/usu2521\/2018\/06\/Lab1-200x150.jpg 200w\" sizes=\"auto, (max-width: 300px) 100vw, 300px\" \/><\/a><\/p>\n<p>&nbsp;<\/p>\n<p>&nbsp;<\/p>\n<p>&nbsp;<\/p>\n<p>&nbsp;<\/p>\n<p>&nbsp;<\/p>\n<p>&nbsp;<\/p>\n<p>&nbsp;<\/p>\n<p>&nbsp;<\/p>\n<p>&nbsp;<\/p>\n<p>Els p\u00f2sters\u00a0<span style=\"color: #ff6600;\"><a href=\"http:\/\/insmonturiol.cat\/wp-content\/uploads\/2018\/06\/poster-alen-aiax-laurab.pdf\">poster alen aiax laurab<\/a> <a href=\"http:\/\/insmonturiol.cat\/wp-content\/uploads\/2018\/06\/poster-mar-liam-mangeles.pdf\">poster mar liam mangeles<\/a> <a href=\"http:\/\/insmonturiol.cat\/wp-content\/uploads\/2018\/06\/poster-marc-david-valentina.pdf\">poster marc david valentina<\/a> <a href=\"http:\/\/insmonturiol.cat\/wp-content\/uploads\/2018\/06\/poster-pol-mar\u00e7al-rocio.pdf\">poster pol mar\u00e7al rocio<\/a> <a href=\"http:\/\/insmonturiol.cat\/wp-content\/uploads\/2018\/06\/poster-sol-1.pdf\">poster sol<\/a><\/span><\/p>\n<p>Els tr\u00edptics<span style=\"color: #ff6600;\">\u00a0\u00a0<a href=\"http:\/\/insmonturiol.cat\/wp-content\/uploads\/2018\/06\/tr\u00edpti-noa-b-sofia-nuria.pdf\">tr\u00edpti noa b sofia nuria<\/a> <a href=\"http:\/\/insmonturiol.cat\/wp-content\/uploads\/2018\/06\/tr\u00edptic-aina-c-aina-g.pdf\">tr\u00edptic aina c aina g<\/a> <a href=\"http:\/\/insmonturiol.cat\/wp-content\/uploads\/2018\/06\/triptic-alba-dario-ivan.pdf\">triptic alba dario ivan<\/a> <a href=\"http:\/\/insmonturiol.cat\/wp-content\/uploads\/2018\/06\/triptic-elnoem-1.pdf\">triptic elnoem<\/a> <a href=\"http:\/\/insmonturiol.cat\/wp-content\/uploads\/2018\/06\/triptic-lucia-neus-jan.b.pdf\">triptic lucia neus jan.b<\/a> <a href=\"http:\/\/insmonturiol.cat\/wp-content\/uploads\/2018\/06\/triptic-Lucia-Karen-Marco-1.pdf\">triptic Lucia, Karen, Marco<\/a> <a href=\"http:\/\/insmonturiol.cat\/wp-content\/uploads\/2018\/06\/triptic-maria-nora-roberts.pdf\">triptic maria nora roberts<\/a> <a href=\"http:\/\/insmonturiol.cat\/wp-content\/uploads\/2018\/06\/triptic-ona-ivan-jan.pdf\">triptic ona ivan jan<\/a> <a href=\"http:\/\/insmonturiol.cat\/wp-content\/uploads\/2018\/06\/triptic-yajaira-guillerm-xinyi.pdf\">triptic yajaira guillerm xinyi<\/a><\/span><\/p>\n<p><a href=\"http:\/\/insmonturiol.cat\/wp-content\/uploads\/2018\/06\/Puntua4.jpg\"><img loading=\"lazy\" decoding=\"async\" class=\"size-medium wp-image-7296 alignleft\" src=\"http:\/\/insmonturiol.cat\/wp-content\/uploads\/2018\/06\/Puntua4-300x225.jpg\" alt=\"\" width=\"300\" height=\"225\" srcset=\"https:\/\/agora.xtec.cat\/iesnarcismonturiol\/wp-content\/uploads\/usu2521\/2018\/06\/Puntua4-300x225.jpg 300w, https:\/\/agora.xtec.cat\/iesnarcismonturiol\/wp-content\/uploads\/usu2521\/2018\/06\/Puntua4-1024x768.jpg 1024w, https:\/\/agora.xtec.cat\/iesnarcismonturiol\/wp-content\/uploads\/usu2521\/2018\/06\/Puntua4-768x576.jpg 768w, https:\/\/agora.xtec.cat\/iesnarcismonturiol\/wp-content\/uploads\/usu2521\/2018\/06\/Puntua4-1536x1152.jpg 1536w, https:\/\/agora.xtec.cat\/iesnarcismonturiol\/wp-content\/uploads\/usu2521\/2018\/06\/Puntua4-2048x1536.jpg 2048w, https:\/\/agora.xtec.cat\/iesnarcismonturiol\/wp-content\/uploads\/usu2521\/2018\/06\/Puntua4-200x150.jpg 200w\" sizes=\"auto, (max-width: 300px) 100vw, 300px\" \/><\/a> <a href=\"http:\/\/insmonturiol.cat\/wp-content\/uploads\/2018\/06\/Puntua3.jpg\"><img loading=\"lazy\" decoding=\"async\" class=\"size-medium wp-image-7295 alignleft\" src=\"http:\/\/insmonturiol.cat\/wp-content\/uploads\/2018\/06\/Puntua3-300x225.jpg\" alt=\"\" width=\"300\" height=\"225\" srcset=\"https:\/\/agora.xtec.cat\/iesnarcismonturiol\/wp-content\/uploads\/usu2521\/2018\/06\/Puntua3-300x225.jpg 300w, https:\/\/agora.xtec.cat\/iesnarcismonturiol\/wp-content\/uploads\/usu2521\/2018\/06\/Puntua3-1024x768.jpg 1024w, https:\/\/agora.xtec.cat\/iesnarcismonturiol\/wp-content\/uploads\/usu2521\/2018\/06\/Puntua3-768x576.jpg 768w, https:\/\/agora.xtec.cat\/iesnarcismonturiol\/wp-content\/uploads\/usu2521\/2018\/06\/Puntua3-1536x1152.jpg 1536w, https:\/\/agora.xtec.cat\/iesnarcismonturiol\/wp-content\/uploads\/usu2521\/2018\/06\/Puntua3-2048x1536.jpg 2048w, https:\/\/agora.xtec.cat\/iesnarcismonturiol\/wp-content\/uploads\/usu2521\/2018\/06\/Puntua3-200x150.jpg 200w\" sizes=\"auto, (max-width: 300px) 100vw, 300px\" \/><\/a> <a href=\"http:\/\/insmonturiol.cat\/wp-content\/uploads\/2018\/06\/Puntua2.jpg\"><img loading=\"lazy\" decoding=\"async\" class=\"size-medium wp-image-7294 alignleft\" src=\"http:\/\/insmonturiol.cat\/wp-content\/uploads\/2018\/06\/Puntua2-300x225.jpg\" alt=\"\" width=\"300\" height=\"225\" srcset=\"https:\/\/agora.xtec.cat\/iesnarcismonturiol\/wp-content\/uploads\/usu2521\/2018\/06\/Puntua2-300x225.jpg 300w, https:\/\/agora.xtec.cat\/iesnarcismonturiol\/wp-content\/uploads\/usu2521\/2018\/06\/Puntua2-1024x768.jpg 1024w, https:\/\/agora.xtec.cat\/iesnarcismonturiol\/wp-content\/uploads\/usu2521\/2018\/06\/Puntua2-768x576.jpg 768w, https:\/\/agora.xtec.cat\/iesnarcismonturiol\/wp-content\/uploads\/usu2521\/2018\/06\/Puntua2-1536x1152.jpg 1536w, https:\/\/agora.xtec.cat\/iesnarcismonturiol\/wp-content\/uploads\/usu2521\/2018\/06\/Puntua2-2048x1536.jpg 2048w, https:\/\/agora.xtec.cat\/iesnarcismonturiol\/wp-content\/uploads\/usu2521\/2018\/06\/Puntua2-200x150.jpg 200w\" sizes=\"auto, (max-width: 300px) 100vw, 300px\" \/><\/a> <a href=\"http:\/\/insmonturiol.cat\/wp-content\/uploads\/2018\/06\/Puntua1.jpg\"><img loading=\"lazy\" decoding=\"async\" class=\"size-medium wp-image-7293 alignleft\" src=\"http:\/\/insmonturiol.cat\/wp-content\/uploads\/2018\/06\/Puntua1-300x225.jpg\" alt=\"\" width=\"300\" height=\"225\" srcset=\"https:\/\/agora.xtec.cat\/iesnarcismonturiol\/wp-content\/uploads\/usu2521\/2018\/06\/Puntua1-300x225.jpg 300w, https:\/\/agora.xtec.cat\/iesnarcismonturiol\/wp-content\/uploads\/usu2521\/2018\/06\/Puntua1-1024x768.jpg 1024w, https:\/\/agora.xtec.cat\/iesnarcismonturiol\/wp-content\/uploads\/usu2521\/2018\/06\/Puntua1-768x576.jpg 768w, https:\/\/agora.xtec.cat\/iesnarcismonturiol\/wp-content\/uploads\/usu2521\/2018\/06\/Puntua1-1536x1152.jpg 1536w, https:\/\/agora.xtec.cat\/iesnarcismonturiol\/wp-content\/uploads\/usu2521\/2018\/06\/Puntua1-2048x1536.jpg 2048w, https:\/\/agora.xtec.cat\/iesnarcismonturiol\/wp-content\/uploads\/usu2521\/2018\/06\/Puntua1-200x150.jpg 200w\" sizes=\"auto, (max-width: 300px) 100vw, 300px\" \/><\/a><\/p>\n<p>&nbsp;<\/p>\n<p>&nbsp;<\/p>\n<p>&nbsp;<\/p>\n<p>&nbsp;<\/p>\n<p>&nbsp;<\/p>\n<p>&nbsp;<\/p>\n<p>&nbsp;<\/p>\n<p>Els companys i companyes trien els millors productes finals<\/p>\n<p>&nbsp;<\/p>\n<p>&nbsp;<\/p>\n<p>&nbsp;<\/p>\n<p>&nbsp;<\/p>\n<p>&nbsp;<\/p>\n<p>I la presentaci\u00f3 al Festival de la Ci\u00e8ncia\u00a0<a href=\"http:\/\/insmonturiol.cat\/wp-content\/uploads\/2018\/06\/Festival-ci\u00e8ncia5.jpg\"><img loading=\"lazy\" decoding=\"async\" class=\"size-medium wp-image-7281 aligncenter\" src=\"http:\/\/insmonturiol.cat\/wp-content\/uploads\/2018\/06\/Festival-ci\u00e8ncia5-300x225.jpg\" alt=\"\" width=\"300\" height=\"225\" \/><\/a><\/p>\n<p><a href=\"http:\/\/insmonturiol.cat\/wp-content\/uploads\/2018\/06\/Festival-ci\u00e8ncia2-e1529337354745.jpg\"><img loading=\"lazy\" decoding=\"async\" class=\"size-medium wp-image-7278 alignleft\" src=\"http:\/\/insmonturiol.cat\/wp-content\/uploads\/2018\/06\/Festival-ci\u00e8ncia2-e1529337354745-225x300.jpg\" alt=\"\" width=\"225\" height=\"300\" \/><\/a><a href=\"http:\/\/insmonturiol.cat\/wp-content\/uploads\/2018\/06\/Festival-ci\u00e8ncia6.jpg\"><img loading=\"lazy\" decoding=\"async\" class=\"size-medium wp-image-7282 alignleft\" src=\"http:\/\/insmonturiol.cat\/wp-content\/uploads\/2018\/06\/Festival-ci\u00e8ncia6-300x225.jpg\" alt=\"\" width=\"300\" height=\"225\" \/><\/a> <a href=\"http:\/\/insmonturiol.cat\/wp-content\/uploads\/2018\/06\/Festival-ci\u00e8ncia4.jpg\"><img loading=\"lazy\" decoding=\"async\" class=\"size-medium wp-image-7280 alignleft\" src=\"http:\/\/insmonturiol.cat\/wp-content\/uploads\/2018\/06\/Festival-ci\u00e8ncia4-300x225.jpg\" alt=\"\" width=\"300\" height=\"225\" \/><\/a><a href=\"http:\/\/insmonturiol.cat\/wp-content\/uploads\/2018\/06\/Festival-ci\u00e8ncia1-e1529337399449.jpg\"><img loading=\"lazy\" decoding=\"async\" class=\"size-medium wp-image-7277 alignnone\" src=\"http:\/\/insmonturiol.cat\/wp-content\/uploads\/2018\/06\/Festival-ci\u00e8ncia1-e1529337399449-225x300.jpg\" alt=\"\" width=\"225\" height=\"300\" \/><\/a><a href=\"http:\/\/insmonturiol.cat\/wp-content\/uploads\/2018\/06\/Festival-ci\u00e8ncia3.jpg\"><img loading=\"lazy\" decoding=\"async\" class=\"size-medium wp-image-7279 alignleft\" src=\"http:\/\/insmonturiol.cat\/wp-content\/uploads\/2018\/06\/Festival-ci\u00e8ncia3-300x225.jpg\" alt=\"\" width=\"300\" height=\"225\" \/><\/a><\/p>\n<p>&nbsp;<\/p>\n<p>Anna Hern\u00e0ndez, professora Biologia responsable Projecte MosquitoAlert<\/p>\n","protected":false},"excerpt":{"rendered":"<p>Durant el tercer trimestre d&#8217;aquest curs, l&#8217;alumnat de 1r d&#8217;ESO ha participat en el programa de ci\u00e8ncia ciutadana MosquitoAlert i ho han fet des de projectes i ci\u00e8ncies naturals. El programa pret\u00e9n formar ciutadans per tal que col\u00b7laborin en el control de la plaga del&hellip;  <a href=\"https:\/\/agora.xtec.cat\/iesnarcismonturiol\/general\/1r-deso-projecte-ciencia-ciutadana-mosquitoalert\/\" title=\"Read 1r d&#8217;ESO Projecte: Ci\u00e8ncia ciutadana MosquitoAlert\">Llegeix m\u00e9s\u00bb<\/a><\/p>\n","protected":false},"author":5,"featured_media":7281,"comment_status":"closed","ping_status":"closed","sticky":false,"template":"","format":"standard","meta":{"_bbp_topic_count":0,"_bbp_reply_count":0,"_bbp_total_topic_count":0,"_bbp_total_reply_count":0,"_bbp_voice_count":0,"_bbp_anonymous_reply_count":0,"_bbp_topic_count_hidden":0,"_bbp_reply_count_hidden":0,"_bbp_forum_subforum_count":0,"footnotes":""},"categories":[122,1],"tags":[162,176,313],"class_list":["post-7276","post","type-post","status-publish","format-standard","has-post-thumbnail","hentry","category-ciencies-naturals","category-general","tag-biologia","tag-ciencies-naturals","tag-treball-per-projectes"],"post_mailing_queue_ids":[],"_links":{"self":[{"href":"https:\/\/agora.xtec.cat\/iesnarcismonturiol\/wp-json\/wp\/v2\/posts\/7276","targetHints":{"allow":["GET"]}}],"collection":[{"href":"https:\/\/agora.xtec.cat\/iesnarcismonturiol\/wp-json\/wp\/v2\/posts"}],"about":[{"href":"https:\/\/agora.xtec.cat\/iesnarcismonturiol\/wp-json\/wp\/v2\/types\/post"}],"author":[{"embeddable":true,"href":"https:\/\/agora.xtec.cat\/iesnarcismonturiol\/wp-json\/wp\/v2\/users\/5"}],"replies":[{"embeddable":true,"href":"https:\/\/agora.xtec.cat\/iesnarcismonturiol\/wp-json\/wp\/v2\/comments?post=7276"}],"version-history":[{"count":0,"href":"https:\/\/agora.xtec.cat\/iesnarcismonturiol\/wp-json\/wp\/v2\/posts\/7276\/revisions"}],"wp:featuredmedia":[{"embeddable":true,"href":"https:\/\/agora.xtec.cat\/iesnarcismonturiol\/wp-json\/wp\/v2\/media\/7281"}],"wp:attachment":[{"href":"https:\/\/agora.xtec.cat\/iesnarcismonturiol\/wp-json\/wp\/v2\/media?parent=7276"}],"wp:term":[{"taxonomy":"category","embeddable":true,"href":"https:\/\/agora.xtec.cat\/iesnarcismonturiol\/wp-json\/wp\/v2\/categories?post=7276"},{"taxonomy":"post_tag","embeddable":true,"href":"https:\/\/agora.xtec.cat\/iesnarcismonturiol\/wp-json\/wp\/v2\/tags?post=7276"}],"curies":[{"name":"wp","href":"https:\/\/api.w.org\/{rel}","templated":true}]}}