{"id":7269,"date":"2018-06-02T10:45:08","date_gmt":"2018-06-02T10:45:08","guid":{"rendered":"http:\/\/insmonturiol.cat\/1r-deso-a-les-pistes-datletisme-de-can-drago"},"modified":"2018-06-02T10:45:08","modified_gmt":"2018-06-02T10:45:08","slug":"1r-deso-a-les-pistes-datletisme-de-can-drago","status":"publish","type":"post","link":"https:\/\/agora.xtec.cat\/iesnarcismonturiol\/general\/1r-deso-a-les-pistes-datletisme-de-can-drago\/","title":{"rendered":"1r d&#8217;ESO a les pistes d&#8217;atletisme de Can Drag\u00f3"},"content":{"rendered":"<div><a href=\"http:\/\/insmonturiol.cat\/wp-content\/uploads\/2018\/06\/IMG-20180531-WA0016.jpg\"><img loading=\"lazy\" decoding=\"async\" class=\"size-medium wp-image-7272 alignleft\" src=\"http:\/\/insmonturiol.cat\/wp-content\/uploads\/2018\/06\/IMG-20180531-WA0016-300x224.jpg\" alt=\"\" width=\"300\" height=\"224\" srcset=\"https:\/\/agora.xtec.cat\/iesnarcismonturiol\/wp-content\/uploads\/usu2521\/2018\/06\/IMG-20180531-WA0016-300x224.jpg 300w, https:\/\/agora.xtec.cat\/iesnarcismonturiol\/wp-content\/uploads\/usu2521\/2018\/06\/IMG-20180531-WA0016-1024x765.jpg 1024w, https:\/\/agora.xtec.cat\/iesnarcismonturiol\/wp-content\/uploads\/usu2521\/2018\/06\/IMG-20180531-WA0016-768x574.jpg 768w, https:\/\/agora.xtec.cat\/iesnarcismonturiol\/wp-content\/uploads\/usu2521\/2018\/06\/IMG-20180531-WA0016-1536x1147.jpg 1536w, https:\/\/agora.xtec.cat\/iesnarcismonturiol\/wp-content\/uploads\/usu2521\/2018\/06\/IMG-20180531-WA0016-200x150.jpg 200w, https:\/\/agora.xtec.cat\/iesnarcismonturiol\/wp-content\/uploads\/usu2521\/2018\/06\/IMG-20180531-WA0016.jpg 1600w\" sizes=\"auto, (max-width: 300px) 100vw, 300px\" \/><\/a><a href=\"http:\/\/insmonturiol.cat\/wp-content\/uploads\/2018\/06\/IMG-20180531-WA0018.jpg\"><img loading=\"lazy\" decoding=\"async\" class=\"size-medium wp-image-7273 alignleft\" src=\"http:\/\/insmonturiol.cat\/wp-content\/uploads\/2018\/06\/IMG-20180531-WA0018-300x224.jpg\" alt=\"\" width=\"300\" height=\"224\" srcset=\"https:\/\/agora.xtec.cat\/iesnarcismonturiol\/wp-content\/uploads\/usu2521\/2018\/06\/IMG-20180531-WA0018-300x224.jpg 300w, https:\/\/agora.xtec.cat\/iesnarcismonturiol\/wp-content\/uploads\/usu2521\/2018\/06\/IMG-20180531-WA0018-1024x765.jpg 1024w, https:\/\/agora.xtec.cat\/iesnarcismonturiol\/wp-content\/uploads\/usu2521\/2018\/06\/IMG-20180531-WA0018-768x574.jpg 768w, https:\/\/agora.xtec.cat\/iesnarcismonturiol\/wp-content\/uploads\/usu2521\/2018\/06\/IMG-20180531-WA0018-1536x1147.jpg 1536w, https:\/\/agora.xtec.cat\/iesnarcismonturiol\/wp-content\/uploads\/usu2521\/2018\/06\/IMG-20180531-WA0018-200x150.jpg 200w, https:\/\/agora.xtec.cat\/iesnarcismonturiol\/wp-content\/uploads\/usu2521\/2018\/06\/IMG-20180531-WA0018.jpg 1600w\" sizes=\"auto, (max-width: 300px) 100vw, 300px\" \/><\/a><\/div>\n<div>Dijous 31 de maig l&#8217;alumnat de 1r de l&#8217;ESO v\u00e0rem fer\u00a0 una sortida ales pistes d&#8217;atletisme de Can Drag\u00f3 a practicar de diferents modalitats de l&#8217;atletisme: tanques, llan\u00e7ament de pes, salt de longitud i salt d&#8217;al\u00e7ada. La darrera prova va ser una cursa de relleus.<\/div>\n<div>Els diferents grups es van esfor\u00e7ar per aconseguir els millors resultats de les diferents proves, per\u00f2 sens dubte el millor de tot va ser que s&#8217;ho van passar molt b\u00e9 gaudint de la pr\u00e0ctica de l&#8217;atletisme.<\/div>\n<div>Jordi Albiol, professor d&#8217;Educaci\u00f3 F\u00edsica2<\/div>\n","protected":false},"excerpt":{"rendered":"<p><a href=\"http:\/\/insmonturiol.cat\/wp-content\/uploads\/2018\/06\/IMG-20180531-WA0016.jpg\"><\/a><a href=\"http:\/\/insmonturiol.cat\/wp-content\/uploads\/2018\/06\/IMG-20180531-WA0018.jpg\"><\/a><br \/>\nDijous 31 de maig l&#8217;alumnat de 1r de l&#8217;ESO v\u00e0rem fer\u00a0 una sortida ales pistes d&#8217;atletisme de Can Drag\u00f3 a practicar de diferents modalitats de l&#8217;atletisme: tanques, llan\u00e7ament de pes, salt de longitud i salt d&#8217;al\u00e7ada. La darrera prova va ser una cursa&hellip;  <a href=\"https:\/\/agora.xtec.cat\/iesnarcismonturiol\/general\/1r-deso-a-les-pistes-datletisme-de-can-drago\/\" title=\"Read 1r d&#8217;ESO a les pistes d&#8217;atletisme de Can Drag\u00f3\">Llegeix m\u00e9s\u00bb<\/a><\/p>\n","protected":false},"author":5,"featured_media":7271,"comment_status":"closed","ping_status":"closed","sticky":false,"template":"","format":"standard","meta":{"_bbp_topic_count":0,"_bbp_reply_count":0,"_bbp_total_topic_count":0,"_bbp_total_reply_count":0,"_bbp_voice_count":0,"_bbp_anonymous_reply_count":0,"_bbp_topic_count_hidden":0,"_bbp_reply_count_hidden":0,"_bbp_forum_subforum_count":0,"footnotes":""},"categories":[1],"tags":[151,202,213],"class_list":["post-7269","post","type-post","status-publish","format-standard","has-post-thumbnail","hentry","category-general","tag-anatomia","tag-educacio-fisica","tag-esport"],"post_mailing_queue_ids":[],"_links":{"self":[{"href":"https:\/\/agora.xtec.cat\/iesnarcismonturiol\/wp-json\/wp\/v2\/posts\/7269","targetHints":{"allow":["GET"]}}],"collection":[{"href":"https:\/\/agora.xtec.cat\/iesnarcismonturiol\/wp-json\/wp\/v2\/posts"}],"about":[{"href":"https:\/\/agora.xtec.cat\/iesnarcismonturiol\/wp-json\/wp\/v2\/types\/post"}],"author":[{"embeddable":true,"href":"https:\/\/agora.xtec.cat\/iesnarcismonturiol\/wp-json\/wp\/v2\/users\/5"}],"replies":[{"embeddable":true,"href":"https:\/\/agora.xtec.cat\/iesnarcismonturiol\/wp-json\/wp\/v2\/comments?post=7269"}],"version-history":[{"count":0,"href":"https:\/\/agora.xtec.cat\/iesnarcismonturiol\/wp-json\/wp\/v2\/posts\/7269\/revisions"}],"wp:featuredmedia":[{"embeddable":true,"href":"https:\/\/agora.xtec.cat\/iesnarcismonturiol\/wp-json\/wp\/v2\/media\/7271"}],"wp:attachment":[{"href":"https:\/\/agora.xtec.cat\/iesnarcismonturiol\/wp-json\/wp\/v2\/media?parent=7269"}],"wp:term":[{"taxonomy":"category","embeddable":true,"href":"https:\/\/agora.xtec.cat\/iesnarcismonturiol\/wp-json\/wp\/v2\/categories?post=7269"},{"taxonomy":"post_tag","embeddable":true,"href":"https:\/\/agora.xtec.cat\/iesnarcismonturiol\/wp-json\/wp\/v2\/tags?post=7269"}],"curies":[{"name":"wp","href":"https:\/\/api.w.org\/{rel}","templated":true}]}}