{"id":7259,"date":"2018-06-01T10:42:46","date_gmt":"2018-06-01T10:42:46","guid":{"rendered":"http:\/\/insmonturiol.cat\/4t-deso-climbat-a-la-foixarda"},"modified":"2018-06-01T10:42:46","modified_gmt":"2018-06-01T10:42:46","slug":"4t-deso-climbat-a-la-foixarda","status":"publish","type":"post","link":"https:\/\/agora.xtec.cat\/iesnarcismonturiol\/general\/4t-deso-climbat-a-la-foixarda\/","title":{"rendered":"4t d&#8217;ESO: Climbat a La Foixarda"},"content":{"rendered":"<div><a href=\"http:\/\/insmonturiol.cat\/wp-content\/uploads\/2018\/06\/IMAG2317.jpg\"><img loading=\"lazy\" decoding=\"async\" class=\"size-medium wp-image-7260 alignleft\" src=\"http:\/\/insmonturiol.cat\/wp-content\/uploads\/2018\/06\/IMAG2317-300x225.jpg\" alt=\"\" width=\"300\" height=\"225\" srcset=\"https:\/\/agora.xtec.cat\/iesnarcismonturiol\/wp-content\/uploads\/usu2521\/2018\/06\/IMAG2317-300x225.jpg 300w, https:\/\/agora.xtec.cat\/iesnarcismonturiol\/wp-content\/uploads\/usu2521\/2018\/06\/IMAG2317-1024x768.jpg 1024w, https:\/\/agora.xtec.cat\/iesnarcismonturiol\/wp-content\/uploads\/usu2521\/2018\/06\/IMAG2317-768x576.jpg 768w, https:\/\/agora.xtec.cat\/iesnarcismonturiol\/wp-content\/uploads\/usu2521\/2018\/06\/IMAG2317-1536x1152.jpg 1536w, https:\/\/agora.xtec.cat\/iesnarcismonturiol\/wp-content\/uploads\/usu2521\/2018\/06\/IMAG2317-2048x1536.jpg 2048w, https:\/\/agora.xtec.cat\/iesnarcismonturiol\/wp-content\/uploads\/usu2521\/2018\/06\/IMAG2317-200x150.jpg 200w\" sizes=\"auto, (max-width: 300px) 100vw, 300px\" \/><\/a> <a href=\"http:\/\/insmonturiol.cat\/wp-content\/uploads\/2018\/06\/IMAG2333.jpg\"><img loading=\"lazy\" decoding=\"async\" class=\"size-medium wp-image-7261 alignleft\" src=\"http:\/\/insmonturiol.cat\/wp-content\/uploads\/2018\/06\/IMAG2333-225x300.jpg\" alt=\"\" width=\"225\" height=\"300\" srcset=\"https:\/\/agora.xtec.cat\/iesnarcismonturiol\/wp-content\/uploads\/usu2521\/2018\/06\/IMAG2333-225x300.jpg 225w, https:\/\/agora.xtec.cat\/iesnarcismonturiol\/wp-content\/uploads\/usu2521\/2018\/06\/IMAG2333-768x1024.jpg 768w, https:\/\/agora.xtec.cat\/iesnarcismonturiol\/wp-content\/uploads\/usu2521\/2018\/06\/IMAG2333-1152x1536.jpg 1152w, https:\/\/agora.xtec.cat\/iesnarcismonturiol\/wp-content\/uploads\/usu2521\/2018\/06\/IMAG2333-1536x2048.jpg 1536w, https:\/\/agora.xtec.cat\/iesnarcismonturiol\/wp-content\/uploads\/usu2521\/2018\/06\/IMAG2333-scaled.jpg 1920w\" sizes=\"auto, (max-width: 225px) 100vw, 225px\" \/><\/a> <a href=\"http:\/\/insmonturiol.cat\/wp-content\/uploads\/2018\/06\/IMAG2359.jpg\"><img loading=\"lazy\" decoding=\"async\" class=\"size-medium wp-image-7263 alignleft\" src=\"http:\/\/insmonturiol.cat\/wp-content\/uploads\/2018\/06\/IMAG2359-225x300.jpg\" alt=\"\" width=\"225\" height=\"300\" srcset=\"https:\/\/agora.xtec.cat\/iesnarcismonturiol\/wp-content\/uploads\/usu2521\/2018\/06\/IMAG2359-225x300.jpg 225w, https:\/\/agora.xtec.cat\/iesnarcismonturiol\/wp-content\/uploads\/usu2521\/2018\/06\/IMAG2359-768x1024.jpg 768w, https:\/\/agora.xtec.cat\/iesnarcismonturiol\/wp-content\/uploads\/usu2521\/2018\/06\/IMAG2359-1152x1536.jpg 1152w, https:\/\/agora.xtec.cat\/iesnarcismonturiol\/wp-content\/uploads\/usu2521\/2018\/06\/IMAG2359-1536x2048.jpg 1536w, https:\/\/agora.xtec.cat\/iesnarcismonturiol\/wp-content\/uploads\/usu2521\/2018\/06\/IMAG2359-scaled.jpg 1920w\" sizes=\"auto, (max-width: 225px) 100vw, 225px\" \/><\/a><a href=\"http:\/\/insmonturiol.cat\/wp-content\/uploads\/2018\/06\/IMAG2363.jpg\"><img loading=\"lazy\" decoding=\"async\" class=\"size-medium wp-image-7264 alignnone\" src=\"http:\/\/insmonturiol.cat\/wp-content\/uploads\/2018\/06\/IMAG2363-225x300.jpg\" alt=\"\" width=\"225\" height=\"300\" srcset=\"https:\/\/agora.xtec.cat\/iesnarcismonturiol\/wp-content\/uploads\/usu2521\/2018\/06\/IMAG2363-225x300.jpg 225w, https:\/\/agora.xtec.cat\/iesnarcismonturiol\/wp-content\/uploads\/usu2521\/2018\/06\/IMAG2363-768x1024.jpg 768w, https:\/\/agora.xtec.cat\/iesnarcismonturiol\/wp-content\/uploads\/usu2521\/2018\/06\/IMAG2363-1152x1536.jpg 1152w, https:\/\/agora.xtec.cat\/iesnarcismonturiol\/wp-content\/uploads\/usu2521\/2018\/06\/IMAG2363-1536x2048.jpg 1536w, https:\/\/agora.xtec.cat\/iesnarcismonturiol\/wp-content\/uploads\/usu2521\/2018\/06\/IMAG2363-scaled.jpg 1920w\" sizes=\"auto, (max-width: 225px) 100vw, 225px\" \/><\/a><\/div>\n<div><\/div>\n<div>\u00a0Dilluns 28 de maig l&#8217;alumnat de 4rt d&#8217;ESO va anar a Climbat La Foixarda a practicar l&#8217;escalada.<\/div>\n<div>L&#8217;alumnat es va organitzar en 3 grups, i es van distribuir en tres vies diferents del roc\u00f3drom. En acabar el grup passava a fer una altra via i aix\u00ed fins a fer les tres. L&#8217;experi\u00e8ncia de l&#8217;esport de l&#8217;escalada esportiva ha estat molt interessant, no nom\u00e9s pels aprenentatges de l&#8217;esport en s\u00ed, sin\u00f3 tamb\u00e9 pels aprenentatges de les mesures de seguretat o l&#8217;autosuperaci\u00f3.<\/div>\n<div>Els nois i les noies van gaudir de l&#8217;experi\u00e8ncia, amb ganes de repetir.<\/div>\n<div>Jordi Albiol, professor d&#8217;Educaci\u00f3 F\u00edsica<\/div>\n<div><a href=\"http:\/\/insmonturiol.cat\/wp-content\/uploads\/2018\/06\/IMAG2366.jpg\"><img loading=\"lazy\" decoding=\"async\" class=\"size-medium wp-image-7265 alignleft\" src=\"http:\/\/insmonturiol.cat\/wp-content\/uploads\/2018\/06\/IMAG2366-300x225.jpg\" alt=\"\" width=\"300\" height=\"225\" srcset=\"https:\/\/agora.xtec.cat\/iesnarcismonturiol\/wp-content\/uploads\/usu2521\/2018\/06\/IMAG2366-300x225.jpg 300w, https:\/\/agora.xtec.cat\/iesnarcismonturiol\/wp-content\/uploads\/usu2521\/2018\/06\/IMAG2366-1024x768.jpg 1024w, https:\/\/agora.xtec.cat\/iesnarcismonturiol\/wp-content\/uploads\/usu2521\/2018\/06\/IMAG2366-768x576.jpg 768w, https:\/\/agora.xtec.cat\/iesnarcismonturiol\/wp-content\/uploads\/usu2521\/2018\/06\/IMAG2366-1536x1152.jpg 1536w, https:\/\/agora.xtec.cat\/iesnarcismonturiol\/wp-content\/uploads\/usu2521\/2018\/06\/IMAG2366-2048x1536.jpg 2048w, https:\/\/agora.xtec.cat\/iesnarcismonturiol\/wp-content\/uploads\/usu2521\/2018\/06\/IMAG2366-200x150.jpg 200w\" sizes=\"auto, (max-width: 300px) 100vw, 300px\" \/><\/a><\/div>\n","protected":false},"excerpt":{"rendered":"<p><a href=\"http:\/\/insmonturiol.cat\/wp-content\/uploads\/2018\/06\/IMAG2317.jpg\"><\/a> <a href=\"http:\/\/insmonturiol.cat\/wp-content\/uploads\/2018\/06\/IMAG2333.jpg\"><\/a> <a href=\"http:\/\/insmonturiol.cat\/wp-content\/uploads\/2018\/06\/IMAG2359.jpg\"><\/a><a href=\"http:\/\/insmonturiol.cat\/wp-content\/uploads\/2018\/06\/IMAG2363.jpg\"><\/a><\/p>\n<p>\u00a0Dilluns 28 de maig l&#8217;alumnat de 4rt d&#8217;ESO va anar a Climbat La Foixarda a practicar l&#8217;escalada.<br \/>\nL&#8217;alumnat es va organitzar en 3 grups, i es van distribuir en tres vies diferents del roc\u00f3drom. En acabar el grup passava a&hellip;  <a href=\"https:\/\/agora.xtec.cat\/iesnarcismonturiol\/general\/4t-deso-climbat-a-la-foixarda\/\" title=\"Read 4t d&#8217;ESO: Climbat a La Foixarda\">Llegeix m\u00e9s\u00bb<\/a><\/p>\n","protected":false},"author":5,"featured_media":7262,"comment_status":"closed","ping_status":"closed","sticky":false,"template":"","format":"standard","meta":{"_bbp_topic_count":0,"_bbp_reply_count":0,"_bbp_total_topic_count":0,"_bbp_total_reply_count":0,"_bbp_voice_count":0,"_bbp_anonymous_reply_count":0,"_bbp_topic_count_hidden":0,"_bbp_reply_count_hidden":0,"_bbp_forum_subforum_count":0,"footnotes":""},"categories":[128,1],"tags":[202,208,213],"class_list":["post-7259","post","type-post","status-publish","format-standard","has-post-thumbnail","hentry","category-expressio","category-general","tag-educacio-fisica","tag-escalada","tag-esport"],"post_mailing_queue_ids":[],"_links":{"self":[{"href":"https:\/\/agora.xtec.cat\/iesnarcismonturiol\/wp-json\/wp\/v2\/posts\/7259","targetHints":{"allow":["GET"]}}],"collection":[{"href":"https:\/\/agora.xtec.cat\/iesnarcismonturiol\/wp-json\/wp\/v2\/posts"}],"about":[{"href":"https:\/\/agora.xtec.cat\/iesnarcismonturiol\/wp-json\/wp\/v2\/types\/post"}],"author":[{"embeddable":true,"href":"https:\/\/agora.xtec.cat\/iesnarcismonturiol\/wp-json\/wp\/v2\/users\/5"}],"replies":[{"embeddable":true,"href":"https:\/\/agora.xtec.cat\/iesnarcismonturiol\/wp-json\/wp\/v2\/comments?post=7259"}],"version-history":[{"count":0,"href":"https:\/\/agora.xtec.cat\/iesnarcismonturiol\/wp-json\/wp\/v2\/posts\/7259\/revisions"}],"wp:featuredmedia":[{"embeddable":true,"href":"https:\/\/agora.xtec.cat\/iesnarcismonturiol\/wp-json\/wp\/v2\/media\/7262"}],"wp:attachment":[{"href":"https:\/\/agora.xtec.cat\/iesnarcismonturiol\/wp-json\/wp\/v2\/media?parent=7259"}],"wp:term":[{"taxonomy":"category","embeddable":true,"href":"https:\/\/agora.xtec.cat\/iesnarcismonturiol\/wp-json\/wp\/v2\/categories?post=7259"},{"taxonomy":"post_tag","embeddable":true,"href":"https:\/\/agora.xtec.cat\/iesnarcismonturiol\/wp-json\/wp\/v2\/tags?post=7259"}],"curies":[{"name":"wp","href":"https:\/\/api.w.org\/{rel}","templated":true}]}}