{"id":7212,"date":"2018-05-09T16:01:34","date_gmt":"2018-05-09T16:01:34","guid":{"rendered":"http:\/\/insmonturiol.cat\/voleibol-entre-instituts-els-equips-de-4t-deso-finalistes"},"modified":"2018-05-09T16:01:34","modified_gmt":"2018-05-09T16:01:34","slug":"voleibol-entre-instituts-els-equips-de-4t-deso-finalistes","status":"publish","type":"post","link":"https:\/\/agora.xtec.cat\/iesnarcismonturiol\/general\/voleibol-entre-instituts-els-equips-de-4t-deso-finalistes\/","title":{"rendered":"Voleibol entre instituts, els equips de 4t d&#8217;ESO Finalistes!!!"},"content":{"rendered":"<div><a href=\"http:\/\/insmonturiol.cat\/wp-content\/uploads\/2018\/05\/IMAG2143.jpg\"><img loading=\"lazy\" decoding=\"async\" class=\"size-medium wp-image-7214 alignleft\" src=\"http:\/\/insmonturiol.cat\/wp-content\/uploads\/2018\/05\/IMAG2143-300x225.jpg\" alt=\"\" width=\"300\" height=\"225\" srcset=\"https:\/\/agora.xtec.cat\/iesnarcismonturiol\/wp-content\/uploads\/usu2521\/2018\/05\/IMAG2143-300x225.jpg 300w, https:\/\/agora.xtec.cat\/iesnarcismonturiol\/wp-content\/uploads\/usu2521\/2018\/05\/IMAG2143-1024x768.jpg 1024w, https:\/\/agora.xtec.cat\/iesnarcismonturiol\/wp-content\/uploads\/usu2521\/2018\/05\/IMAG2143-768x576.jpg 768w, https:\/\/agora.xtec.cat\/iesnarcismonturiol\/wp-content\/uploads\/usu2521\/2018\/05\/IMAG2143-1536x1152.jpg 1536w, https:\/\/agora.xtec.cat\/iesnarcismonturiol\/wp-content\/uploads\/usu2521\/2018\/05\/IMAG2143-2048x1536.jpg 2048w, https:\/\/agora.xtec.cat\/iesnarcismonturiol\/wp-content\/uploads\/usu2521\/2018\/05\/IMAG2143-200x150.jpg 200w\" sizes=\"auto, (max-width: 300px) 100vw, 300px\" \/><\/a> <a href=\"http:\/\/insmonturiol.cat\/wp-content\/uploads\/2018\/05\/IMAG2148.jpg\"><img loading=\"lazy\" decoding=\"async\" class=\"size-medium wp-image-7215 alignleft\" src=\"http:\/\/insmonturiol.cat\/wp-content\/uploads\/2018\/05\/IMAG2148-300x225.jpg\" alt=\"\" width=\"300\" height=\"225\" srcset=\"https:\/\/agora.xtec.cat\/iesnarcismonturiol\/wp-content\/uploads\/usu2521\/2018\/05\/IMAG2148-300x225.jpg 300w, https:\/\/agora.xtec.cat\/iesnarcismonturiol\/wp-content\/uploads\/usu2521\/2018\/05\/IMAG2148-1024x768.jpg 1024w, https:\/\/agora.xtec.cat\/iesnarcismonturiol\/wp-content\/uploads\/usu2521\/2018\/05\/IMAG2148-768x576.jpg 768w, https:\/\/agora.xtec.cat\/iesnarcismonturiol\/wp-content\/uploads\/usu2521\/2018\/05\/IMAG2148-1536x1152.jpg 1536w, https:\/\/agora.xtec.cat\/iesnarcismonturiol\/wp-content\/uploads\/usu2521\/2018\/05\/IMAG2148-2048x1536.jpg 2048w, https:\/\/agora.xtec.cat\/iesnarcismonturiol\/wp-content\/uploads\/usu2521\/2018\/05\/IMAG2148-200x150.jpg 200w\" sizes=\"auto, (max-width: 300px) 100vw, 300px\" \/><\/a> <a href=\"http:\/\/insmonturiol.cat\/wp-content\/uploads\/2018\/05\/IMAG2153.jpg\"><img loading=\"lazy\" decoding=\"async\" class=\"size-medium wp-image-7216 alignleft\" src=\"http:\/\/insmonturiol.cat\/wp-content\/uploads\/2018\/05\/IMAG2153-300x225.jpg\" alt=\"\" width=\"300\" height=\"225\" srcset=\"https:\/\/agora.xtec.cat\/iesnarcismonturiol\/wp-content\/uploads\/usu2521\/2018\/05\/IMAG2153-300x225.jpg 300w, https:\/\/agora.xtec.cat\/iesnarcismonturiol\/wp-content\/uploads\/usu2521\/2018\/05\/IMAG2153-1024x768.jpg 1024w, https:\/\/agora.xtec.cat\/iesnarcismonturiol\/wp-content\/uploads\/usu2521\/2018\/05\/IMAG2153-768x576.jpg 768w, https:\/\/agora.xtec.cat\/iesnarcismonturiol\/wp-content\/uploads\/usu2521\/2018\/05\/IMAG2153-1536x1152.jpg 1536w, https:\/\/agora.xtec.cat\/iesnarcismonturiol\/wp-content\/uploads\/usu2521\/2018\/05\/IMAG2153-2048x1536.jpg 2048w, https:\/\/agora.xtec.cat\/iesnarcismonturiol\/wp-content\/uploads\/usu2521\/2018\/05\/IMAG2153-200x150.jpg 200w\" sizes=\"auto, (max-width: 300px) 100vw, 300px\" \/><\/a> <a href=\"http:\/\/insmonturiol.cat\/wp-content\/uploads\/2018\/05\/IMAG2162.jpg\"><img loading=\"lazy\" decoding=\"async\" class=\"size-medium wp-image-7217 alignleft\" src=\"http:\/\/insmonturiol.cat\/wp-content\/uploads\/2018\/05\/IMAG2162-300x225.jpg\" alt=\"\" width=\"300\" height=\"225\" srcset=\"https:\/\/agora.xtec.cat\/iesnarcismonturiol\/wp-content\/uploads\/usu2521\/2018\/05\/IMAG2162-300x225.jpg 300w, https:\/\/agora.xtec.cat\/iesnarcismonturiol\/wp-content\/uploads\/usu2521\/2018\/05\/IMAG2162-1024x768.jpg 1024w, https:\/\/agora.xtec.cat\/iesnarcismonturiol\/wp-content\/uploads\/usu2521\/2018\/05\/IMAG2162-768x576.jpg 768w, https:\/\/agora.xtec.cat\/iesnarcismonturiol\/wp-content\/uploads\/usu2521\/2018\/05\/IMAG2162-1536x1152.jpg 1536w, https:\/\/agora.xtec.cat\/iesnarcismonturiol\/wp-content\/uploads\/usu2521\/2018\/05\/IMAG2162-2048x1536.jpg 2048w, https:\/\/agora.xtec.cat\/iesnarcismonturiol\/wp-content\/uploads\/usu2521\/2018\/05\/IMAG2162-200x150.jpg 200w\" sizes=\"auto, (max-width: 300px) 100vw, 300px\" \/><\/a><\/div>\n<div>\u00a0&#8220;El divendres 4 de maig\u00a0 l&#8217;alumnat de 4rt va participar un any m\u00e9s al torneig de voleibol entre diferents instituts que es realitza al pavell\u00f3 Ol\u00edmpics. V\u00e0rem participar amb 9 equips (4 de noies i 3 de nois), dels quals un equips de joies va competir en el quadre mascul\u00ed.<\/div>\n<div>Tots els equips van jugar molt b\u00e9, van gaudir molt i van\u00a0 fer un paper molt digne en el torneig. Cal destacar els dos equips que van arribar a la final masculina (veure fotos dels equips finalistes).<\/div>\n<div>Felicitem a tot l&#8217;alumnat per la implicaci\u00f3, el respecte i fairplay que van mostrar, i sobretot als finalistes.&#8221;<\/div>\n<div>Jordi Albiol, professor d&#8217;Educaci\u00f3 F\u00edsica<\/div>\n<div class=\"yj6qo\"><\/div>\n","protected":false},"excerpt":{"rendered":"<p><a href=\"http:\/\/insmonturiol.cat\/wp-content\/uploads\/2018\/05\/IMAG2143.jpg\"><\/a> <a href=\"http:\/\/insmonturiol.cat\/wp-content\/uploads\/2018\/05\/IMAG2148.jpg\"><\/a> <a href=\"http:\/\/insmonturiol.cat\/wp-content\/uploads\/2018\/05\/IMAG2153.jpg\"><\/a> <a href=\"http:\/\/insmonturiol.cat\/wp-content\/uploads\/2018\/05\/IMAG2162.jpg\"><\/a><br \/>\n\u00a0&#8220;El divendres 4 de maig\u00a0 l&#8217;alumnat de 4rt va participar un any m\u00e9s al torneig de voleibol entre diferents instituts que es realitza al pavell\u00f3 Ol\u00edmpics. V\u00e0rem participar amb 9 equips (4 de noies i 3 de nois),&hellip;  <a href=\"https:\/\/agora.xtec.cat\/iesnarcismonturiol\/general\/voleibol-entre-instituts-els-equips-de-4t-deso-finalistes\/\" title=\"Read Voleibol entre instituts, els equips de 4t d&#8217;ESO Finalistes!!!\">Llegeix m\u00e9s\u00bb<\/a><\/p>\n","protected":false},"author":5,"featured_media":7213,"comment_status":"closed","ping_status":"closed","sticky":false,"template":"","format":"standard","meta":{"_bbp_topic_count":0,"_bbp_reply_count":0,"_bbp_total_topic_count":0,"_bbp_total_reply_count":0,"_bbp_voice_count":0,"_bbp_anonymous_reply_count":0,"_bbp_topic_count_hidden":0,"_bbp_reply_count_hidden":0,"_bbp_forum_subforum_count":0,"footnotes":""},"categories":[128,1],"tags":[202,322],"class_list":["post-7212","post","type-post","status-publish","format-standard","has-post-thumbnail","hentry","category-expressio","category-general","tag-educacio-fisica","tag-voleibol"],"post_mailing_queue_ids":[],"_links":{"self":[{"href":"https:\/\/agora.xtec.cat\/iesnarcismonturiol\/wp-json\/wp\/v2\/posts\/7212","targetHints":{"allow":["GET"]}}],"collection":[{"href":"https:\/\/agora.xtec.cat\/iesnarcismonturiol\/wp-json\/wp\/v2\/posts"}],"about":[{"href":"https:\/\/agora.xtec.cat\/iesnarcismonturiol\/wp-json\/wp\/v2\/types\/post"}],"author":[{"embeddable":true,"href":"https:\/\/agora.xtec.cat\/iesnarcismonturiol\/wp-json\/wp\/v2\/users\/5"}],"replies":[{"embeddable":true,"href":"https:\/\/agora.xtec.cat\/iesnarcismonturiol\/wp-json\/wp\/v2\/comments?post=7212"}],"version-history":[{"count":0,"href":"https:\/\/agora.xtec.cat\/iesnarcismonturiol\/wp-json\/wp\/v2\/posts\/7212\/revisions"}],"wp:featuredmedia":[{"embeddable":true,"href":"https:\/\/agora.xtec.cat\/iesnarcismonturiol\/wp-json\/wp\/v2\/media\/7213"}],"wp:attachment":[{"href":"https:\/\/agora.xtec.cat\/iesnarcismonturiol\/wp-json\/wp\/v2\/media?parent=7212"}],"wp:term":[{"taxonomy":"category","embeddable":true,"href":"https:\/\/agora.xtec.cat\/iesnarcismonturiol\/wp-json\/wp\/v2\/categories?post=7212"},{"taxonomy":"post_tag","embeddable":true,"href":"https:\/\/agora.xtec.cat\/iesnarcismonturiol\/wp-json\/wp\/v2\/tags?post=7212"}],"curies":[{"name":"wp","href":"https:\/\/api.w.org\/{rel}","templated":true}]}}