{"id":7167,"date":"2017-11-08T13:42:33","date_gmt":"2017-11-08T13:42:33","guid":{"rendered":"http:\/\/insmonturiol.cat\/1r-deso-al-cosmocaixa-el-cicle-de-laigua"},"modified":"2017-11-08T13:42:33","modified_gmt":"2017-11-08T13:42:33","slug":"1r-deso-al-cosmocaixa-el-cicle-de-laigua","status":"publish","type":"post","link":"https:\/\/agora.xtec.cat\/iesnarcismonturiol\/general\/1r-deso-al-cosmocaixa-el-cicle-de-laigua\/","title":{"rendered":"1r d&#8217;ESO al Cosmocaixa: El cicle de l&#8217;aigua"},"content":{"rendered":"<p><span style=\"font-weight: 400;\"><a href=\"http:\/\/insmonturiol.cat\/wp-content\/uploads\/2018\/05\/imatge-1.jpg\"><img loading=\"lazy\" decoding=\"async\" class=\"size-medium wp-image-7168 alignleft\" src=\"http:\/\/insmonturiol.cat\/wp-content\/uploads\/2018\/05\/imatge-1-180x300.jpg\" alt=\"\" width=\"180\" height=\"300\" srcset=\"https:\/\/agora.xtec.cat\/iesnarcismonturiol\/wp-content\/uploads\/usu2521\/2018\/05\/imatge-1-180x300.jpg 180w, https:\/\/agora.xtec.cat\/iesnarcismonturiol\/wp-content\/uploads\/usu2521\/2018\/05\/imatge-1-614x1024.jpg 614w, https:\/\/agora.xtec.cat\/iesnarcismonturiol\/wp-content\/uploads\/usu2521\/2018\/05\/imatge-1-768x1280.jpg 768w, https:\/\/agora.xtec.cat\/iesnarcismonturiol\/wp-content\/uploads\/usu2521\/2018\/05\/imatge-1-922x1536.jpg 922w, https:\/\/agora.xtec.cat\/iesnarcismonturiol\/wp-content\/uploads\/usu2521\/2018\/05\/imatge-1-1229x2048.jpg 1229w, https:\/\/agora.xtec.cat\/iesnarcismonturiol\/wp-content\/uploads\/usu2521\/2018\/05\/imatge-1.jpg 1500w\" sizes=\"auto, (max-width: 180px) 100vw, 180px\" \/><\/a> <a href=\"http:\/\/insmonturiol.cat\/wp-content\/uploads\/2018\/05\/imatge-3.jpg\"><img loading=\"lazy\" decoding=\"async\" class=\"size-medium wp-image-7169 alignleft\" src=\"http:\/\/insmonturiol.cat\/wp-content\/uploads\/2018\/05\/imatge-3-180x300.jpg\" alt=\"\" width=\"180\" height=\"300\" srcset=\"https:\/\/agora.xtec.cat\/iesnarcismonturiol\/wp-content\/uploads\/usu2521\/2018\/05\/imatge-3-180x300.jpg 180w, https:\/\/agora.xtec.cat\/iesnarcismonturiol\/wp-content\/uploads\/usu2521\/2018\/05\/imatge-3-614x1024.jpg 614w, https:\/\/agora.xtec.cat\/iesnarcismonturiol\/wp-content\/uploads\/usu2521\/2018\/05\/imatge-3-768x1280.jpg 768w, https:\/\/agora.xtec.cat\/iesnarcismonturiol\/wp-content\/uploads\/usu2521\/2018\/05\/imatge-3-922x1536.jpg 922w, https:\/\/agora.xtec.cat\/iesnarcismonturiol\/wp-content\/uploads\/usu2521\/2018\/05\/imatge-3-1229x2048.jpg 1229w, https:\/\/agora.xtec.cat\/iesnarcismonturiol\/wp-content\/uploads\/usu2521\/2018\/05\/imatge-3.jpg 1500w\" sizes=\"auto, (max-width: 180px) 100vw, 180px\" \/><\/a> <a href=\"http:\/\/insmonturiol.cat\/wp-content\/uploads\/2018\/05\/imatge-7.jpg\"><img loading=\"lazy\" decoding=\"async\" class=\"size-medium wp-image-7170 alignleft\" src=\"http:\/\/insmonturiol.cat\/wp-content\/uploads\/2018\/05\/imatge-7-180x300.jpg\" alt=\"\" width=\"180\" height=\"300\" srcset=\"https:\/\/agora.xtec.cat\/iesnarcismonturiol\/wp-content\/uploads\/usu2521\/2018\/05\/imatge-7-180x300.jpg 180w, https:\/\/agora.xtec.cat\/iesnarcismonturiol\/wp-content\/uploads\/usu2521\/2018\/05\/imatge-7-614x1024.jpg 614w, https:\/\/agora.xtec.cat\/iesnarcismonturiol\/wp-content\/uploads\/usu2521\/2018\/05\/imatge-7-768x1280.jpg 768w, https:\/\/agora.xtec.cat\/iesnarcismonturiol\/wp-content\/uploads\/usu2521\/2018\/05\/imatge-7-922x1536.jpg 922w, https:\/\/agora.xtec.cat\/iesnarcismonturiol\/wp-content\/uploads\/usu2521\/2018\/05\/imatge-7-1229x2048.jpg 1229w, https:\/\/agora.xtec.cat\/iesnarcismonturiol\/wp-content\/uploads\/usu2521\/2018\/05\/imatge-7.jpg 1500w\" sizes=\"auto, (max-width: 180px) 100vw, 180px\" \/><\/a>A 1r d&#8217;ESO hem fet una sortida al Cosmocaixa. Ham fet un taller sobre el Cicle de l&#8217;aigua on per grups hem participat d&#8217;una s\u00e8rie d&#8217;experiment que ens han ensenyat moltes coses sobre l&#8217;aigua. Es tractava d&#8217;una iniciaci\u00f3 a la meteorologia\u00a0on, a trav\u00e9s de diversos experiments, hem pogut comprovar que a l\u2019atmosfera hi ha aire. A m\u00e9s, ens han ensenyat qu\u00e8 \u00e9s la pressi\u00f3 atmosf\u00e8rica, com actua i quina relaci\u00f3 t\u00e9 amb els fen\u00f2mens meteorol\u00f2gics! Un taller sorprenent!<\/span><\/p>\n<p><span style=\"font-weight: 400;\">Els tallers han demanat voluntaris que ens han mostrat les diferents propietats i caracter\u00edstiques sobre l&#8217;element.\u00a0 <\/span><\/p>\n<p>Laura, 1r d&#8217;ESO<\/p>\n","protected":false},"excerpt":{"rendered":"<p><a href=\"http:\/\/insmonturiol.cat\/wp-content\/uploads\/2018\/05\/imatge-1.jpg\"><\/a> <a href=\"http:\/\/insmonturiol.cat\/wp-content\/uploads\/2018\/05\/imatge-3.jpg\"><\/a> <a href=\"http:\/\/insmonturiol.cat\/wp-content\/uploads\/2018\/05\/imatge-7.jpg\"><\/a>A 1r d&#8217;ESO hem fet una sortida al Cosmocaixa. Ham fet un taller sobre el Cicle de l&#8217;aigua on per grups hem participat d&#8217;una s\u00e8rie d&#8217;experiment que ens han ensenyat moltes coses sobre l&#8217;aigua. Es tractava d&#8217;una iniciaci\u00f3 a la&hellip;  <a href=\"https:\/\/agora.xtec.cat\/iesnarcismonturiol\/general\/1r-deso-al-cosmocaixa-el-cicle-de-laigua\/\" title=\"Read 1r d&#8217;ESO al Cosmocaixa: El cicle de l&#8217;aigua\">Llegeix m\u00e9s\u00bb<\/a><\/p>\n","protected":false},"author":5,"featured_media":7171,"comment_status":"closed","ping_status":"closed","sticky":false,"template":"","format":"standard","meta":{"_bbp_topic_count":0,"_bbp_reply_count":0,"_bbp_total_topic_count":0,"_bbp_total_reply_count":0,"_bbp_voice_count":0,"_bbp_anonymous_reply_count":0,"_bbp_topic_count_hidden":0,"_bbp_reply_count_hidden":0,"_bbp_forum_subforum_count":0,"footnotes":""},"categories":[122,1],"tags":[176,293],"class_list":["post-7167","post","type-post","status-publish","format-standard","has-post-thumbnail","hentry","category-ciencies-naturals","category-general","tag-ciencies-naturals","tag-treball-recerca"],"post_mailing_queue_ids":[],"_links":{"self":[{"href":"https:\/\/agora.xtec.cat\/iesnarcismonturiol\/wp-json\/wp\/v2\/posts\/7167","targetHints":{"allow":["GET"]}}],"collection":[{"href":"https:\/\/agora.xtec.cat\/iesnarcismonturiol\/wp-json\/wp\/v2\/posts"}],"about":[{"href":"https:\/\/agora.xtec.cat\/iesnarcismonturiol\/wp-json\/wp\/v2\/types\/post"}],"author":[{"embeddable":true,"href":"https:\/\/agora.xtec.cat\/iesnarcismonturiol\/wp-json\/wp\/v2\/users\/5"}],"replies":[{"embeddable":true,"href":"https:\/\/agora.xtec.cat\/iesnarcismonturiol\/wp-json\/wp\/v2\/comments?post=7167"}],"version-history":[{"count":0,"href":"https:\/\/agora.xtec.cat\/iesnarcismonturiol\/wp-json\/wp\/v2\/posts\/7167\/revisions"}],"wp:featuredmedia":[{"embeddable":true,"href":"https:\/\/agora.xtec.cat\/iesnarcismonturiol\/wp-json\/wp\/v2\/media\/7171"}],"wp:attachment":[{"href":"https:\/\/agora.xtec.cat\/iesnarcismonturiol\/wp-json\/wp\/v2\/media?parent=7167"}],"wp:term":[{"taxonomy":"category","embeddable":true,"href":"https:\/\/agora.xtec.cat\/iesnarcismonturiol\/wp-json\/wp\/v2\/categories?post=7167"},{"taxonomy":"post_tag","embeddable":true,"href":"https:\/\/agora.xtec.cat\/iesnarcismonturiol\/wp-json\/wp\/v2\/tags?post=7167"}],"curies":[{"name":"wp","href":"https:\/\/api.w.org\/{rel}","templated":true}]}}