{"id":7119,"date":"2018-04-10T15:26:11","date_gmt":"2018-04-10T15:26:11","guid":{"rendered":"http:\/\/insmonturiol.cat\/7e-festival-rock-pels-xuklis-esteu-preparats"},"modified":"2018-04-10T15:26:11","modified_gmt":"2018-04-10T15:26:11","slug":"7e-festival-rock-pels-xuklis-esteu-preparats","status":"publish","type":"post","link":"https:\/\/agora.xtec.cat\/iesnarcismonturiol\/general\/7e-festival-rock-pels-xuklis-esteu-preparats\/","title":{"rendered":"7\u00e8 festival Rock pels Xuklis, Esteu prepara&#8217;ts??"},"content":{"rendered":"<p><a href=\"http:\/\/insmonturiol.cat\/wp-content\/uploads\/2018\/04\/IMG-20180319-WA0001-e1523375516976.jpg\"><img loading=\"lazy\" decoding=\"async\" class=\"size-medium wp-image-7120 alignleft\" src=\"http:\/\/insmonturiol.cat\/wp-content\/uploads\/2018\/04\/IMG-20180319-WA0001-209x300.jpg\" alt=\"\" width=\"209\" height=\"300\" \/><\/a>I ja en s\u00f3n 7 les edicions dels Rock pels Xuklis, la festa de la m\u00fasica on la Monturiol&#8217;s Band actua una vegada m\u00e9s.<\/p>\n<p>Ens agradar\u00e0 que vingueu a sentir els nous temes del grup i no oblideu que la recaptaci\u00f3 va destinada a la AFANOC &#8211; la Casa del Xuklis.<\/p>\n<p>Fins el 19 de maig!<\/p>\n","protected":false},"excerpt":{"rendered":"<p><a href=\"http:\/\/insmonturiol.cat\/wp-content\/uploads\/2018\/04\/IMG-20180319-WA0001-e1523375516976.jpg\"><\/a>I ja en s\u00f3n 7 les edicions dels Rock pels Xuklis, la festa de la m\u00fasica on la Monturiol&#8217;s Band actua una vegada m\u00e9s.<br \/>\nEns agradar\u00e0 que vingueu a sentir els nous temes del grup i no oblideu que la recaptaci\u00f3 va destinada a la&hellip;  <a href=\"https:\/\/agora.xtec.cat\/iesnarcismonturiol\/general\/7e-festival-rock-pels-xuklis-esteu-preparats\/\" title=\"Read 7\u00e8 festival Rock pels Xuklis, Esteu prepara&#8217;ts??\">Llegeix m\u00e9s\u00bb<\/a><\/p>\n","protected":false},"author":5,"featured_media":7120,"comment_status":"closed","ping_status":"closed","sticky":false,"template":"","format":"standard","meta":{"_bbp_topic_count":0,"_bbp_reply_count":0,"_bbp_total_topic_count":0,"_bbp_total_reply_count":0,"_bbp_voice_count":0,"_bbp_anonymous_reply_count":0,"_bbp_topic_count_hidden":0,"_bbp_reply_count_hidden":0,"_bbp_forum_subforum_count":0,"footnotes":""},"categories":[1],"tags":[160,207,242,303],"class_list":["post-7119","post","type-post","status-publish","format-standard","has-post-thumbnail","hentry","category-general","tag-barri","tag-entorn","tag-la-casa-dels-xuklis","tag-solidaritat"],"post_mailing_queue_ids":[],"_links":{"self":[{"href":"https:\/\/agora.xtec.cat\/iesnarcismonturiol\/wp-json\/wp\/v2\/posts\/7119","targetHints":{"allow":["GET"]}}],"collection":[{"href":"https:\/\/agora.xtec.cat\/iesnarcismonturiol\/wp-json\/wp\/v2\/posts"}],"about":[{"href":"https:\/\/agora.xtec.cat\/iesnarcismonturiol\/wp-json\/wp\/v2\/types\/post"}],"author":[{"embeddable":true,"href":"https:\/\/agora.xtec.cat\/iesnarcismonturiol\/wp-json\/wp\/v2\/users\/5"}],"replies":[{"embeddable":true,"href":"https:\/\/agora.xtec.cat\/iesnarcismonturiol\/wp-json\/wp\/v2\/comments?post=7119"}],"version-history":[{"count":0,"href":"https:\/\/agora.xtec.cat\/iesnarcismonturiol\/wp-json\/wp\/v2\/posts\/7119\/revisions"}],"wp:featuredmedia":[{"embeddable":true,"href":"https:\/\/agora.xtec.cat\/iesnarcismonturiol\/wp-json\/wp\/v2\/media\/7120"}],"wp:attachment":[{"href":"https:\/\/agora.xtec.cat\/iesnarcismonturiol\/wp-json\/wp\/v2\/media?parent=7119"}],"wp:term":[{"taxonomy":"category","embeddable":true,"href":"https:\/\/agora.xtec.cat\/iesnarcismonturiol\/wp-json\/wp\/v2\/categories?post=7119"},{"taxonomy":"post_tag","embeddable":true,"href":"https:\/\/agora.xtec.cat\/iesnarcismonturiol\/wp-json\/wp\/v2\/tags?post=7119"}],"curies":[{"name":"wp","href":"https:\/\/api.w.org\/{rel}","templated":true}]}}