{"id":7116,"date":"2018-03-20T15:21:05","date_gmt":"2018-03-20T15:21:05","guid":{"rendered":"http:\/\/insmonturiol.cat\/4t-deso-al-museu-blau-la-historia-de-la-terra"},"modified":"2018-03-20T15:21:05","modified_gmt":"2018-03-20T15:21:05","slug":"4t-deso-al-museu-blau-la-historia-de-la-terra","status":"publish","type":"post","link":"https:\/\/agora.xtec.cat\/iesnarcismonturiol\/general\/4t-deso-al-museu-blau-la-historia-de-la-terra\/","title":{"rendered":"4t d&#8217;ESO al Museu Blau: La hist\u00f2ria de la Terra."},"content":{"rendered":"<p><a href=\"http:\/\/insmonturiol.cat\/wp-content\/uploads\/2018\/03\/20180320_104309.jpg\"><img loading=\"lazy\" decoding=\"async\" class=\"size-medium wp-image-7137 alignleft\" src=\"http:\/\/insmonturiol.cat\/wp-content\/uploads\/2018\/03\/20180320_104309-300x180.jpg\" alt=\"\" width=\"300\" height=\"180\" \/><\/a><\/p>\n<figure class=\"figure wp-caption alignleft\"><a href=\"http:\/\/insmonturiol.cat\/wp-content\/uploads\/2018\/03\/IMG_20180320_105035.jpg\"><img loading=\"lazy\" decoding=\"async\" class=\"size-medium wp-image-7136\" src=\"http:\/\/insmonturiol.cat\/wp-content\/uploads\/2018\/03\/IMG_20180320_105035-225x300.jpg\" alt=\"\" width=\"225\" height=\"300\" srcset=\"https:\/\/agora.xtec.cat\/iesnarcismonturiol\/wp-content\/uploads\/usu2521\/2018\/03\/IMG_20180320_105035-225x300.jpg 225w, https:\/\/agora.xtec.cat\/iesnarcismonturiol\/wp-content\/uploads\/usu2521\/2018\/03\/IMG_20180320_105035-768x1024.jpg 768w, https:\/\/agora.xtec.cat\/iesnarcismonturiol\/wp-content\/uploads\/usu2521\/2018\/03\/IMG_20180320_105035-1152x1536.jpg 1152w, https:\/\/agora.xtec.cat\/iesnarcismonturiol\/wp-content\/uploads\/usu2521\/2018\/03\/IMG_20180320_105035-1536x2048.jpg 1536w, https:\/\/agora.xtec.cat\/iesnarcismonturiol\/wp-content\/uploads\/usu2521\/2018\/03\/IMG_20180320_105035-scaled.jpg 1920w\" sizes=\"auto, (max-width: 225px) 100vw, 225px\" \/><\/a><figcaption class=\"wp-caption-text\">All-focus<\/figcaption><\/figure>\n<p>La hist\u00f2ria de la Terra al Museu blau<\/p>\n<p>El nostre objectiu era contrastar la informaci\u00f3 que pr\u00e8viament hav\u00edem buscat a internat amb la que ens aportava el museu. Alguns hagu\u00e9ssim preferit que una persona ens gui\u00e9s i ens don\u00e9s molta informaci\u00f3, per\u00f2 a altres ens ha agradat anar m\u00e9s per lliure, perqu\u00e8 pod\u00edem apreciar amb deteniment els f\u00f2ssils i les animacions interactives. Ens han impactat els ous de dinosaure que ens els imagin\u00e0vem m\u00e9s petits, aix\u00ed com el tamany d\u2019algunes esp\u00e8cies que s\u2019han extingit i que tenim const\u00e0ncia d\u2019elles gr\u00e0cies al registre f\u00f2ssil.<\/p>\n<p>Dolors Serrano, professero de biologia<\/p>\n","protected":false},"excerpt":{"rendered":"<p><a href=\"http:\/\/insmonturiol.cat\/wp-content\/uploads\/2018\/03\/20180320_104309.jpg\"><\/a><br \/>\n<a href=\"http:\/\/insmonturiol.cat\/wp-content\/uploads\/2018\/03\/IMG_20180320_105035.jpg\"><\/a>All-focus<br \/>\nLa hist\u00f2ria de la Terra al Museu blau<br \/>\nEl nostre objectiu era contrastar la informaci\u00f3 que pr\u00e8viament hav\u00edem buscat a internat amb la que ens aportava el museu. Alguns hagu\u00e9ssim preferit que una persona ens gui\u00e9s i ens don\u00e9s molta informaci\u00f3, per\u00f2 a altres&hellip;  <a href=\"https:\/\/agora.xtec.cat\/iesnarcismonturiol\/general\/4t-deso-al-museu-blau-la-historia-de-la-terra\/\" title=\"Read 4t d&#8217;ESO al Museu Blau: La hist\u00f2ria de la Terra.\">Llegeix m\u00e9s\u00bb<\/a><\/p>\n","protected":false},"author":5,"featured_media":7135,"comment_status":"closed","ping_status":"closed","sticky":false,"template":"","format":"standard","meta":{"_bbp_topic_count":0,"_bbp_reply_count":0,"_bbp_total_topic_count":0,"_bbp_total_reply_count":0,"_bbp_voice_count":0,"_bbp_anonymous_reply_count":0,"_bbp_topic_count_hidden":0,"_bbp_reply_count_hidden":0,"_bbp_forum_subforum_count":0,"footnotes":""},"categories":[122,1],"tags":[162],"class_list":["post-7116","post","type-post","status-publish","format-standard","has-post-thumbnail","hentry","category-ciencies-naturals","category-general","tag-biologia"],"post_mailing_queue_ids":[],"_links":{"self":[{"href":"https:\/\/agora.xtec.cat\/iesnarcismonturiol\/wp-json\/wp\/v2\/posts\/7116","targetHints":{"allow":["GET"]}}],"collection":[{"href":"https:\/\/agora.xtec.cat\/iesnarcismonturiol\/wp-json\/wp\/v2\/posts"}],"about":[{"href":"https:\/\/agora.xtec.cat\/iesnarcismonturiol\/wp-json\/wp\/v2\/types\/post"}],"author":[{"embeddable":true,"href":"https:\/\/agora.xtec.cat\/iesnarcismonturiol\/wp-json\/wp\/v2\/users\/5"}],"replies":[{"embeddable":true,"href":"https:\/\/agora.xtec.cat\/iesnarcismonturiol\/wp-json\/wp\/v2\/comments?post=7116"}],"version-history":[{"count":0,"href":"https:\/\/agora.xtec.cat\/iesnarcismonturiol\/wp-json\/wp\/v2\/posts\/7116\/revisions"}],"wp:featuredmedia":[{"embeddable":true,"href":"https:\/\/agora.xtec.cat\/iesnarcismonturiol\/wp-json\/wp\/v2\/media\/7135"}],"wp:attachment":[{"href":"https:\/\/agora.xtec.cat\/iesnarcismonturiol\/wp-json\/wp\/v2\/media?parent=7116"}],"wp:term":[{"taxonomy":"category","embeddable":true,"href":"https:\/\/agora.xtec.cat\/iesnarcismonturiol\/wp-json\/wp\/v2\/categories?post=7116"},{"taxonomy":"post_tag","embeddable":true,"href":"https:\/\/agora.xtec.cat\/iesnarcismonturiol\/wp-json\/wp\/v2\/tags?post=7116"}],"curies":[{"name":"wp","href":"https:\/\/api.w.org\/{rel}","templated":true}]}}