{"id":7087,"date":"2018-03-19T15:09:47","date_gmt":"2018-03-19T15:09:47","guid":{"rendered":"http:\/\/insmonturiol.cat\/proves-cangur-linstitut-participa-en-la-xxiii-edicio"},"modified":"2018-03-19T15:09:47","modified_gmt":"2018-03-19T15:09:47","slug":"proves-cangur-linstitut-participa-en-la-xxiii-edicio","status":"publish","type":"post","link":"https:\/\/agora.xtec.cat\/iesnarcismonturiol\/general\/proves-cangur-linstitut-participa-en-la-xxiii-edicio\/","title":{"rendered":"Proves Cangur, l&#8217;Institut participa en la XXIII edici\u00f3."},"content":{"rendered":"<div><a href=\"http:\/\/insmonturiol.cat\/wp-content\/uploads\/2018\/03\/Foto_cangur_2018.jpg\"><img loading=\"lazy\" decoding=\"async\" class=\"size-medium wp-image-7088 alignleft\" src=\"http:\/\/insmonturiol.cat\/wp-content\/uploads\/2018\/03\/Foto_cangur_2018-300x225.jpg\" alt=\"\" width=\"300\" height=\"225\" srcset=\"https:\/\/agora.xtec.cat\/iesnarcismonturiol\/wp-content\/uploads\/usu2521\/2018\/03\/Foto_cangur_2018-300x225.jpg 300w, https:\/\/agora.xtec.cat\/iesnarcismonturiol\/wp-content\/uploads\/usu2521\/2018\/03\/Foto_cangur_2018-1024x768.jpg 1024w, https:\/\/agora.xtec.cat\/iesnarcismonturiol\/wp-content\/uploads\/usu2521\/2018\/03\/Foto_cangur_2018-768x576.jpg 768w, https:\/\/agora.xtec.cat\/iesnarcismonturiol\/wp-content\/uploads\/usu2521\/2018\/03\/Foto_cangur_2018-1536x1152.jpg 1536w, https:\/\/agora.xtec.cat\/iesnarcismonturiol\/wp-content\/uploads\/usu2521\/2018\/03\/Foto_cangur_2018-2048x1536.jpg 2048w, https:\/\/agora.xtec.cat\/iesnarcismonturiol\/wp-content\/uploads\/usu2521\/2018\/03\/Foto_cangur_2018-200x150.jpg 200w\" sizes=\"auto, (max-width: 300px) 100vw, 300px\" \/><\/a>El dijous 15 de mar\u00e7 de 2018 s&#8217;han celebrat les proves Cangur, en la seva edici\u00f3 n\u00famero vint-i-tres a Catalunya. Aquesta competici\u00f3 matem\u00e0tica per a estudiants joves \u00e9s la m\u00e9s universal i nombrosa, reunint m\u00e9s de 5 milions de participants d&#8217;un 50 pa\u00efsos. Al nostre pa\u00eds hi participen m\u00e9s de 24000 estudiants d&#8217;ESO i Batxillerat. L&#8217;estil dels ex\u00e0mens \u00e9s diferent del que ens trobem al curr\u00edculum habitual, amb una pres\u00e8ncia m\u00e9s profunda de la l\u00f2gica i el sentit com\u00fa, i menys de la memoritzaci\u00f3 de f\u00f3rmules.<\/div>\n<div><\/div>\n<div>Tots els alumnes de 1r, 2n i 3r d&#8217;ESO van realitzar les proves al nostre institut. Els participants voluntaris de 4t d&#8217;ESO i Batxillerat, uns 60, vam despla\u00e7ar-nos al Campus Ciutadella de la Universitat Pompeu Fabra per dur a terme la prova.<\/div>\n<div><\/div>\n<div>Esperem que aquest any tornem a tenir alguns alumnes entre els millors de Catalunya.<\/div>\n<div>Israel Orga, professor de matem\u00e0tiques.<\/div>\n","protected":false},"excerpt":{"rendered":"<p><a href=\"http:\/\/insmonturiol.cat\/wp-content\/uploads\/2018\/03\/Foto_cangur_2018.jpg\"><\/a>El dijous 15 de mar\u00e7 de 2018 s&#8217;han celebrat les proves Cangur, en la seva edici\u00f3 n\u00famero vint-i-tres a Catalunya. Aquesta competici\u00f3 matem\u00e0tica per a estudiants joves \u00e9s la m\u00e9s universal i nombrosa, reunint m\u00e9s de 5 milions de participants d&#8217;un 50 pa\u00efsos. Al&hellip;  <a href=\"https:\/\/agora.xtec.cat\/iesnarcismonturiol\/general\/proves-cangur-linstitut-participa-en-la-xxiii-edicio\/\" title=\"Read Proves Cangur, l&#8217;Institut participa en la XXIII edici\u00f3.\">Llegeix m\u00e9s\u00bb<\/a><\/p>\n","protected":false},"author":5,"featured_media":7089,"comment_status":"closed","ping_status":"closed","sticky":false,"template":"","format":"standard","meta":{"_bbp_topic_count":0,"_bbp_reply_count":0,"_bbp_total_topic_count":0,"_bbp_total_reply_count":0,"_bbp_voice_count":0,"_bbp_anonymous_reply_count":0,"_bbp_topic_count_hidden":0,"_bbp_reply_count_hidden":0,"_bbp_forum_subforum_count":0,"footnotes":""},"categories":[1,131],"tags":[41,287],"class_list":["post-7087","post","type-post","status-publish","format-standard","has-post-thumbnail","hentry","category-general","category-matematiques-economia","tag-matematiques","tag-proves-cangur"],"post_mailing_queue_ids":[],"_links":{"self":[{"href":"https:\/\/agora.xtec.cat\/iesnarcismonturiol\/wp-json\/wp\/v2\/posts\/7087","targetHints":{"allow":["GET"]}}],"collection":[{"href":"https:\/\/agora.xtec.cat\/iesnarcismonturiol\/wp-json\/wp\/v2\/posts"}],"about":[{"href":"https:\/\/agora.xtec.cat\/iesnarcismonturiol\/wp-json\/wp\/v2\/types\/post"}],"author":[{"embeddable":true,"href":"https:\/\/agora.xtec.cat\/iesnarcismonturiol\/wp-json\/wp\/v2\/users\/5"}],"replies":[{"embeddable":true,"href":"https:\/\/agora.xtec.cat\/iesnarcismonturiol\/wp-json\/wp\/v2\/comments?post=7087"}],"version-history":[{"count":0,"href":"https:\/\/agora.xtec.cat\/iesnarcismonturiol\/wp-json\/wp\/v2\/posts\/7087\/revisions"}],"wp:featuredmedia":[{"embeddable":true,"href":"https:\/\/agora.xtec.cat\/iesnarcismonturiol\/wp-json\/wp\/v2\/media\/7089"}],"wp:attachment":[{"href":"https:\/\/agora.xtec.cat\/iesnarcismonturiol\/wp-json\/wp\/v2\/media?parent=7087"}],"wp:term":[{"taxonomy":"category","embeddable":true,"href":"https:\/\/agora.xtec.cat\/iesnarcismonturiol\/wp-json\/wp\/v2\/categories?post=7087"},{"taxonomy":"post_tag","embeddable":true,"href":"https:\/\/agora.xtec.cat\/iesnarcismonturiol\/wp-json\/wp\/v2\/tags?post=7087"}],"curies":[{"name":"wp","href":"https:\/\/api.w.org\/{rel}","templated":true}]}}