{"id":7083,"date":"2018-03-19T14:50:51","date_gmt":"2018-03-19T14:50:51","guid":{"rendered":"http:\/\/insmonturiol.cat\/4t-deso-al-salo-de-lensenyament"},"modified":"2018-03-19T14:50:51","modified_gmt":"2018-03-19T14:50:51","slug":"4t-deso-al-salo-de-lensenyament-3","status":"publish","type":"post","link":"https:\/\/agora.xtec.cat\/iesnarcismonturiol\/general\/4t-deso-al-salo-de-lensenyament-3\/","title":{"rendered":"4t d&#8217;ESO al Sal\u00f3 de l&#8217;Ensenyament"},"content":{"rendered":"<p><a href=\"http:\/\/insmonturiol.cat\/wp-content\/uploads\/2018\/03\/2017-2018-4t-eso-sal\u00f3-ensenyament.jpg\"><img loading=\"lazy\" decoding=\"async\" class=\"size-medium wp-image-7084 alignleft\" src=\"http:\/\/insmonturiol.cat\/wp-content\/uploads\/2018\/03\/2017-2018-4t-eso-sal\u00f3-ensenyament-300x225.jpg\" alt=\"\" width=\"300\" height=\"225\" \/><\/a><\/p>\n<p>&nbsp;<\/p>\n<p>Com cada curs, els nostres alumnes de 4t de l\u2019ESO van anar el divendres a El Sal\u00f3 de l\u2019Ensenyament.\u00a0 Una m\u00e9s de les diferents accions que fem per acompanyar-los en la seva orientaci\u00f3 acad\u00e8mica postobligat\u00f2ria. En els diferents estands van rebre informaci\u00f3 sobre les diferents estudis que poden cursar despr\u00e9s del 4t d&#8217;ESO i veure les diferents experi\u00e8ncies que els expositors hi presentaven.<\/p>\n<p>Sim\u00f3n Aparici\u00f3, orientador.<\/p>\n","protected":false},"excerpt":{"rendered":"<p><a href=\"http:\/\/insmonturiol.cat\/wp-content\/uploads\/2018\/03\/2017-2018-4t-eso-sal\u00f3-ensenyament.jpg\"><\/a><br \/>\n&nbsp;<br \/>\nCom cada curs, els nostres alumnes de 4t de l\u2019ESO van anar el divendres a El Sal\u00f3 de l\u2019Ensenyament.\u00a0 Una m\u00e9s de les diferents accions que fem per acompanyar-los en la seva orientaci\u00f3 acad\u00e8mica postobligat\u00f2ria. En els diferents estands van rebre informaci\u00f3 sobre les&hellip;  <a href=\"https:\/\/agora.xtec.cat\/iesnarcismonturiol\/general\/4t-deso-al-salo-de-lensenyament-3\/\" title=\"Read 4t d&#8217;ESO al Sal\u00f3 de l&#8217;Ensenyament\">Llegeix m\u00e9s\u00bb<\/a><\/p>\n","protected":false},"author":5,"featured_media":7086,"comment_status":"closed","ping_status":"closed","sticky":false,"template":"","format":"standard","meta":{"_bbp_topic_count":0,"_bbp_reply_count":0,"_bbp_total_topic_count":0,"_bbp_total_reply_count":0,"_bbp_voice_count":0,"_bbp_anonymous_reply_count":0,"_bbp_topic_count_hidden":0,"_bbp_reply_count_hidden":0,"_bbp_forum_subforum_count":0,"footnotes":""},"categories":[1],"tags":[273,318],"class_list":["post-7083","post","type-post","status-publish","format-standard","has-post-thumbnail","hentry","category-general","tag-orientacio","tag-tutoria"],"post_mailing_queue_ids":[],"_links":{"self":[{"href":"https:\/\/agora.xtec.cat\/iesnarcismonturiol\/wp-json\/wp\/v2\/posts\/7083","targetHints":{"allow":["GET"]}}],"collection":[{"href":"https:\/\/agora.xtec.cat\/iesnarcismonturiol\/wp-json\/wp\/v2\/posts"}],"about":[{"href":"https:\/\/agora.xtec.cat\/iesnarcismonturiol\/wp-json\/wp\/v2\/types\/post"}],"author":[{"embeddable":true,"href":"https:\/\/agora.xtec.cat\/iesnarcismonturiol\/wp-json\/wp\/v2\/users\/5"}],"replies":[{"embeddable":true,"href":"https:\/\/agora.xtec.cat\/iesnarcismonturiol\/wp-json\/wp\/v2\/comments?post=7083"}],"version-history":[{"count":0,"href":"https:\/\/agora.xtec.cat\/iesnarcismonturiol\/wp-json\/wp\/v2\/posts\/7083\/revisions"}],"wp:featuredmedia":[{"embeddable":true,"href":"https:\/\/agora.xtec.cat\/iesnarcismonturiol\/wp-json\/wp\/v2\/media\/7086"}],"wp:attachment":[{"href":"https:\/\/agora.xtec.cat\/iesnarcismonturiol\/wp-json\/wp\/v2\/media?parent=7083"}],"wp:term":[{"taxonomy":"category","embeddable":true,"href":"https:\/\/agora.xtec.cat\/iesnarcismonturiol\/wp-json\/wp\/v2\/categories?post=7083"},{"taxonomy":"post_tag","embeddable":true,"href":"https:\/\/agora.xtec.cat\/iesnarcismonturiol\/wp-json\/wp\/v2\/tags?post=7083"}],"curies":[{"name":"wp","href":"https:\/\/api.w.org\/{rel}","templated":true}]}}