{"id":7056,"date":"2018-03-09T22:19:44","date_gmt":"2018-03-09T22:19:44","guid":{"rendered":"http:\/\/insmonturiol.cat\/setmana-blanca-esqui-monturiol"},"modified":"2018-03-09T22:19:44","modified_gmt":"2018-03-09T22:19:44","slug":"setmana-blanca-esqui-monturiol","status":"publish","type":"post","link":"https:\/\/agora.xtec.cat\/iesnarcismonturiol\/general\/setmana-blanca-esqui-monturiol\/","title":{"rendered":"Setmana Blanca, Esqu\u00ed Monturiol"},"content":{"rendered":"<p>Primera setmana de mar\u00e7&#8230; que vol dir Setmana d&#8217;Esqu\u00ed!!!<\/p>\n<p>L&#8217;Alumnat de 2n d&#8217;ESO fins a 2n de batxillerat ha gaudit de la Setmana Blanca a l&#8217;estaci\u00f3 de Port del Comte.<\/p>\n<p>Aquesta any la neu era perfecta, el sol present, les pistes per a nosaltres i les ganes de practicar aquest esport a punt.<\/p>\n<p>Durant el mat\u00ed hem participat a les classes amb els monitors de l&#8217;estaci\u00f3 d&#8217;esqu\u00ed que ens han ensenyat com millorar, una petita pausa per dinar i per la tarda tancant pistes perqu\u00e8 tocava&#8230; ens hi hauriem quedat molt a gust.<\/p>\n<p>L&#8217;any vinent hi tornem!<br \/>\n<a href=\"http:\/\/insmonturiol.cat\/wp-content\/uploads\/2018\/03\/6eddd9e4-bde9-4d3d-892e-299e65244440.jpg\"><img loading=\"lazy\" decoding=\"async\" class=\"size-medium wp-image-7057 aligncenter\" src=\"http:\/\/insmonturiol.cat\/wp-content\/uploads\/2018\/03\/6eddd9e4-bde9-4d3d-892e-299e65244440-300x225.jpg\" alt=\"\" width=\"300\" height=\"225\" srcset=\"https:\/\/agora.xtec.cat\/iesnarcismonturiol\/wp-content\/uploads\/usu2521\/2018\/03\/6eddd9e4-bde9-4d3d-892e-299e65244440-300x225.jpg 300w, https:\/\/agora.xtec.cat\/iesnarcismonturiol\/wp-content\/uploads\/usu2521\/2018\/03\/6eddd9e4-bde9-4d3d-892e-299e65244440-1024x768.jpg 1024w, https:\/\/agora.xtec.cat\/iesnarcismonturiol\/wp-content\/uploads\/usu2521\/2018\/03\/6eddd9e4-bde9-4d3d-892e-299e65244440-768x576.jpg 768w, https:\/\/agora.xtec.cat\/iesnarcismonturiol\/wp-content\/uploads\/usu2521\/2018\/03\/6eddd9e4-bde9-4d3d-892e-299e65244440-1536x1152.jpg 1536w, https:\/\/agora.xtec.cat\/iesnarcismonturiol\/wp-content\/uploads\/usu2521\/2018\/03\/6eddd9e4-bde9-4d3d-892e-299e65244440-200x150.jpg 200w, https:\/\/agora.xtec.cat\/iesnarcismonturiol\/wp-content\/uploads\/usu2521\/2018\/03\/6eddd9e4-bde9-4d3d-892e-299e65244440.jpg 1600w\" sizes=\"auto, (max-width: 300px) 100vw, 300px\" \/><\/a><\/p>\n","protected":false},"excerpt":{"rendered":"<p>Primera setmana de mar\u00e7&#8230; que vol dir Setmana d&#8217;Esqu\u00ed!!!<br \/>\nL&#8217;Alumnat de 2n d&#8217;ESO fins a 2n de batxillerat ha gaudit de la Setmana Blanca a l&#8217;estaci\u00f3 de Port del Comte.<br \/>\nAquesta any la neu era perfecta, el sol present, les pistes per a nosaltres i les ganes&hellip;  <a href=\"https:\/\/agora.xtec.cat\/iesnarcismonturiol\/general\/setmana-blanca-esqui-monturiol\/\" title=\"Read Setmana Blanca, Esqu\u00ed Monturiol\">Llegeix m\u00e9s\u00bb<\/a><\/p>\n","protected":false},"author":5,"featured_media":7062,"comment_status":"closed","ping_status":"closed","sticky":false,"template":"","format":"standard","meta":{"_bbp_topic_count":0,"_bbp_reply_count":0,"_bbp_total_topic_count":0,"_bbp_total_reply_count":0,"_bbp_voice_count":0,"_bbp_anonymous_reply_count":0,"_bbp_topic_count_hidden":0,"_bbp_reply_count_hidden":0,"_bbp_forum_subforum_count":0,"footnotes":""},"categories":[128,1],"tags":[215],"class_list":["post-7056","post","type-post","status-publish","format-standard","has-post-thumbnail","hentry","category-expressio","category-general","tag-esqui"],"post_mailing_queue_ids":[],"_links":{"self":[{"href":"https:\/\/agora.xtec.cat\/iesnarcismonturiol\/wp-json\/wp\/v2\/posts\/7056","targetHints":{"allow":["GET"]}}],"collection":[{"href":"https:\/\/agora.xtec.cat\/iesnarcismonturiol\/wp-json\/wp\/v2\/posts"}],"about":[{"href":"https:\/\/agora.xtec.cat\/iesnarcismonturiol\/wp-json\/wp\/v2\/types\/post"}],"author":[{"embeddable":true,"href":"https:\/\/agora.xtec.cat\/iesnarcismonturiol\/wp-json\/wp\/v2\/users\/5"}],"replies":[{"embeddable":true,"href":"https:\/\/agora.xtec.cat\/iesnarcismonturiol\/wp-json\/wp\/v2\/comments?post=7056"}],"version-history":[{"count":0,"href":"https:\/\/agora.xtec.cat\/iesnarcismonturiol\/wp-json\/wp\/v2\/posts\/7056\/revisions"}],"wp:featuredmedia":[{"embeddable":true,"href":"https:\/\/agora.xtec.cat\/iesnarcismonturiol\/wp-json\/wp\/v2\/media\/7062"}],"wp:attachment":[{"href":"https:\/\/agora.xtec.cat\/iesnarcismonturiol\/wp-json\/wp\/v2\/media?parent=7056"}],"wp:term":[{"taxonomy":"category","embeddable":true,"href":"https:\/\/agora.xtec.cat\/iesnarcismonturiol\/wp-json\/wp\/v2\/categories?post=7056"},{"taxonomy":"post_tag","embeddable":true,"href":"https:\/\/agora.xtec.cat\/iesnarcismonturiol\/wp-json\/wp\/v2\/tags?post=7056"}],"curies":[{"name":"wp","href":"https:\/\/api.w.org\/{rel}","templated":true}]}}