{"id":6981,"date":"2018-02-26T10:26:23","date_gmt":"2018-02-26T10:26:23","guid":{"rendered":"http:\/\/insmonturiol.cat\/remise-des-diplomes-du-delf-scolaire-2017"},"modified":"2018-02-26T10:26:23","modified_gmt":"2018-02-26T10:26:23","slug":"remise-des-diplomes-du-delf-scolaire-2017","status":"publish","type":"post","link":"https:\/\/agora.xtec.cat\/iesnarcismonturiol\/general\/remise-des-diplomes-du-delf-scolaire-2017\/","title":{"rendered":"REMISE DES DIPL\u00d4MES DU DELF SCOLAIRE 2017"},"content":{"rendered":"<h1><em>Acte de lliurament dels diplomes DELF SCOLAIRE 2017<\/em><\/h1>\n<p>&nbsp;<\/p>\n<p>La c\u00e9r\u00e9monie de <em>remise<\/em> des <em>dipl\u00f4mes<\/em> du <em>DELF SCOLAIRE 2017<\/em> a eu lieu le mercredi, 21 f\u00e9vrier 2018 dans L\u2019IFB ( l\u2019Institut Fran\u00e7\u00e1is de Barcelone ).\u00a0 Cette r\u00e9c\u00e9ption, a \u00e9t\u00e9 l&#8217;occasion de r\u00e9compenser les \u00e9l\u00e8ves des \u00e9tablissements scolaires de Barcelone qui ont voulu particper et qui ont obtenu de tres bons\u00a0 r\u00e9sultats aux \u00e9preuves du <em>DELF scolaire<\/em> (<em>Dipl\u00f4me<\/em> d&#8217;Etudes en langue fran\u00e7aise).<a href=\"http:\/\/insmonturiol.cat\/wp-content\/uploads\/2018\/02\/delf-1.jpg\"><img loading=\"lazy\" decoding=\"async\" class=\"size-medium wp-image-6982 alignleft\" src=\"http:\/\/insmonturiol.cat\/wp-content\/uploads\/2018\/02\/delf-1-300x161.jpg\" alt=\"\" width=\"300\" height=\"161\" srcset=\"https:\/\/agora.xtec.cat\/iesnarcismonturiol\/wp-content\/uploads\/usu2521\/2018\/02\/delf-1-300x161.jpg 300w, https:\/\/agora.xtec.cat\/iesnarcismonturiol\/wp-content\/uploads\/usu2521\/2018\/02\/delf-1.jpg 682w\" sizes=\"auto, (max-width: 300px) 100vw, 300px\" \/><em><br \/>\n<\/em><\/a><\/p>\n<p><em>Le DELF<\/em> et <em>le<\/em> DALF sont les <em>dipl\u00f4mes<\/em> officiels d\u00e9livr\u00e9s par <em>le<\/em> minist\u00e8re <em>fran\u00e7ais de<\/em> l&#8217;\u00c9ducation nationale, pour certifier les comp\u00e9tences en <em>fran\u00e7ais des<\/em> candidats \u00e9trangers. Felicitations Magal\u00ed, Laia, Pol, Emma, Vlad et J\u00falia DELF pass\u00e9.<\/p>\n<p><em> <a href=\"http:\/\/insmonturiol.cat\/wp-content\/uploads\/2018\/02\/delf-3.jpg\"><img loading=\"lazy\" decoding=\"async\" class=\"size-medium wp-image-6984 alignnone\" src=\"http:\/\/insmonturiol.cat\/wp-content\/uploads\/2018\/02\/delf-3-300x149.jpg\" alt=\"\" width=\"300\" height=\"149\" srcset=\"https:\/\/agora.xtec.cat\/iesnarcismonturiol\/wp-content\/uploads\/usu2521\/2018\/02\/delf-3-300x149.jpg 300w, https:\/\/agora.xtec.cat\/iesnarcismonturiol\/wp-content\/uploads\/usu2521\/2018\/02\/delf-3-1024x508.jpg 1024w, https:\/\/agora.xtec.cat\/iesnarcismonturiol\/wp-content\/uploads\/usu2521\/2018\/02\/delf-3-768x381.jpg 768w, https:\/\/agora.xtec.cat\/iesnarcismonturiol\/wp-content\/uploads\/usu2521\/2018\/02\/delf-3.jpg 1295w\" sizes=\"auto, (max-width: 300px) 100vw, 300px\" \/><\/a>\u00a0<a href=\"http:\/\/insmonturiol.cat\/wp-content\/uploads\/2018\/02\/delf-2.jpg\"><img loading=\"lazy\" decoding=\"async\" class=\"size-medium wp-image-6983 alignleft\" src=\"http:\/\/insmonturiol.cat\/wp-content\/uploads\/2018\/02\/delf-2-300x162.jpg\" alt=\"\" width=\"300\" height=\"162\" srcset=\"https:\/\/agora.xtec.cat\/iesnarcismonturiol\/wp-content\/uploads\/usu2521\/2018\/02\/delf-2-300x162.jpg 300w, https:\/\/agora.xtec.cat\/iesnarcismonturiol\/wp-content\/uploads\/usu2521\/2018\/02\/delf-2-768x415.jpg 768w, https:\/\/agora.xtec.cat\/iesnarcismonturiol\/wp-content\/uploads\/usu2521\/2018\/02\/delf-2.jpg 886w\" sizes=\"auto, (max-width: 300px) 100vw, 300px\" \/><\/a><\/em><\/p>\n<p>&nbsp;<\/p>\n<p>C\u2019\u00e9tait un excellente soir\u00e9e o\u00f9 les \u00e9l\u00e8ves ont pu raconter et \u00e9changer leurs t\u00e9moignages et \u00e9xp\u00e9riences autour de l\u2019acquisition de ce d\u00eeplome.<\/p>\n<p><em><a href=\"http:\/\/insmonturiol.cat\/wp-content\/uploads\/2018\/02\/delf-4.jpg\"><img loading=\"lazy\" decoding=\"async\" class=\"size-medium wp-image-6985 alignleft\" src=\"http:\/\/insmonturiol.cat\/wp-content\/uploads\/2018\/02\/delf-4-300x163.jpg\" alt=\"\" width=\"300\" height=\"163\" srcset=\"https:\/\/agora.xtec.cat\/iesnarcismonturiol\/wp-content\/uploads\/usu2521\/2018\/02\/delf-4-300x163.jpg 300w, https:\/\/agora.xtec.cat\/iesnarcismonturiol\/wp-content\/uploads\/usu2521\/2018\/02\/delf-4-1024x556.jpg 1024w, https:\/\/agora.xtec.cat\/iesnarcismonturiol\/wp-content\/uploads\/usu2521\/2018\/02\/delf-4-768x417.jpg 768w, https:\/\/agora.xtec.cat\/iesnarcismonturiol\/wp-content\/uploads\/usu2521\/2018\/02\/delf-4.jpg 1294w\" sizes=\"auto, (max-width: 300px) 100vw, 300px\" \/><\/a><\/em><\/p>\n<p>On a pu compter avec la pr\u00e9sence d\u2019autres \u00e9tablissements participants mais notamment on a eu un accueil tr\u00e8s chalereux de la part de Madame la directrice de l\u2019IFB, Pascale de Schuyter Hualpa.<\/p>\n<p>Et pour finir, il faut r\u00e9marquer aussi la pr\u00e9sence et l\u2019intervention des r\u00e9pr\u00e9sentants institucionaux :<\/p>\n<p><strong>Marta Comas S\u00e0bat<\/strong> (Directrice de <em>l\u2019\u00c0rea d\u2019Innovaci\u00f3, Programes i Formaci\u00f3<\/em>) du Consorci d\u2019Educaci\u00f3 de Barcelona<\/p>\n<p><strong>St\u00e9phane Paris<\/strong>, agr\u00e9e <em>de cooperaci\u00f3 ling\u00fc\u00edstica a Espanya Zones Nord <\/em>Est i Llevant du Servei de Cooperaci\u00f3 ling\u00fc\u00edstica i educativa de l&#8217;Ambaissade de France<\/p>\n<p><strong>Herv\u00e9 Sala\u00fcn<\/strong>, Directeur de cours \u00e0 l\u2019Institut Franc\u00e8s de Barcelona.<em><a href=\"http:\/\/insmonturiol.cat\/wp-content\/uploads\/2018\/02\/delf-5.jpg\"><img loading=\"lazy\" decoding=\"async\" class=\"size-medium wp-image-6986 aligncenter\" src=\"http:\/\/insmonturiol.cat\/wp-content\/uploads\/2018\/02\/delf-5-300x103.jpg\" alt=\"\" width=\"300\" height=\"103\" srcset=\"https:\/\/agora.xtec.cat\/iesnarcismonturiol\/wp-content\/uploads\/usu2521\/2018\/02\/delf-5-300x103.jpg 300w, https:\/\/agora.xtec.cat\/iesnarcismonturiol\/wp-content\/uploads\/usu2521\/2018\/02\/delf-5-1024x353.jpg 1024w, https:\/\/agora.xtec.cat\/iesnarcismonturiol\/wp-content\/uploads\/usu2521\/2018\/02\/delf-5-768x265.jpg 768w, https:\/\/agora.xtec.cat\/iesnarcismonturiol\/wp-content\/uploads\/usu2521\/2018\/02\/delf-5.jpg 1297w\" sizes=\"auto, (max-width: 300px) 100vw, 300px\" \/><\/a><br \/>\n<\/em><\/p>\n<p>Laia Molina, professora de franc\u00e8s.<\/p>\n","protected":false},"excerpt":{"rendered":"<p>Acte de lliurament dels diplomes DELF SCOLAIRE 2017<br \/>\n&nbsp;<br \/>\nLa c\u00e9r\u00e9monie de remise des dipl\u00f4mes du DELF SCOLAIRE 2017 a eu lieu le mercredi, 21 f\u00e9vrier 2018 dans L\u2019IFB ( l\u2019Institut Fran\u00e7\u00e1is de Barcelone ).\u00a0 Cette r\u00e9c\u00e9ption, a \u00e9t\u00e9 l&#8217;occasion de r\u00e9compenser les \u00e9l\u00e8ves des \u00e9tablissements scolaires&hellip;  <a href=\"https:\/\/agora.xtec.cat\/iesnarcismonturiol\/general\/remise-des-diplomes-du-delf-scolaire-2017\/\" title=\"Read REMISE DES DIPL\u00d4MES DU DELF SCOLAIRE 2017\">Llegeix m\u00e9s\u00bb<\/a><\/p>\n","protected":false},"author":5,"featured_media":6985,"comment_status":"closed","ping_status":"closed","sticky":false,"template":"","format":"standard","meta":{"_bbp_topic_count":0,"_bbp_reply_count":0,"_bbp_total_topic_count":0,"_bbp_total_reply_count":0,"_bbp_voice_count":0,"_bbp_anonymous_reply_count":0,"_bbp_topic_count_hidden":0,"_bbp_reply_count_hidden":0,"_bbp_forum_subforum_count":0,"footnotes":""},"categories":[1,130],"tags":[193,225],"class_list":["post-6981","post","type-post","status-publish","format-standard","has-post-thumbnail","hentry","category-general","category-llegues-estrangeres","tag-delf","tag-frances"],"post_mailing_queue_ids":[],"_links":{"self":[{"href":"https:\/\/agora.xtec.cat\/iesnarcismonturiol\/wp-json\/wp\/v2\/posts\/6981","targetHints":{"allow":["GET"]}}],"collection":[{"href":"https:\/\/agora.xtec.cat\/iesnarcismonturiol\/wp-json\/wp\/v2\/posts"}],"about":[{"href":"https:\/\/agora.xtec.cat\/iesnarcismonturiol\/wp-json\/wp\/v2\/types\/post"}],"author":[{"embeddable":true,"href":"https:\/\/agora.xtec.cat\/iesnarcismonturiol\/wp-json\/wp\/v2\/users\/5"}],"replies":[{"embeddable":true,"href":"https:\/\/agora.xtec.cat\/iesnarcismonturiol\/wp-json\/wp\/v2\/comments?post=6981"}],"version-history":[{"count":0,"href":"https:\/\/agora.xtec.cat\/iesnarcismonturiol\/wp-json\/wp\/v2\/posts\/6981\/revisions"}],"wp:featuredmedia":[{"embeddable":true,"href":"https:\/\/agora.xtec.cat\/iesnarcismonturiol\/wp-json\/wp\/v2\/media\/6985"}],"wp:attachment":[{"href":"https:\/\/agora.xtec.cat\/iesnarcismonturiol\/wp-json\/wp\/v2\/media?parent=6981"}],"wp:term":[{"taxonomy":"category","embeddable":true,"href":"https:\/\/agora.xtec.cat\/iesnarcismonturiol\/wp-json\/wp\/v2\/categories?post=6981"},{"taxonomy":"post_tag","embeddable":true,"href":"https:\/\/agora.xtec.cat\/iesnarcismonturiol\/wp-json\/wp\/v2\/tags?post=6981"}],"curies":[{"name":"wp","href":"https:\/\/api.w.org\/{rel}","templated":true}]}}